{"id":1879,"date":"2025-03-04T17:07:38","date_gmt":"2025-03-04T14:07:38","guid":{"rendered":"https:\/\/economiaportal.com\/?p=1879"},"modified":"2025-03-11T18:26:34","modified_gmt":"2025-03-11T15:26:34","slug":"facebook-farbe-andern","status":"publish","type":"post","link":"https:\/\/economiaportal.com\/de\/1879\/mudar-a-cor-do-facebook\/","title":{"rendered":"Facebook-Farbe \u00e4ndern"},"content":{"rendered":"<p>W\u00e4re es nicht cool, <strong>Facebook-Farbe \u00e4ndern<\/strong> und es mehr nach Ihnen aussehen lassen? Entdecken Sie unten mehrere M\u00f6glichkeiten, dies zu erreichen.<\/p>\n\n\n\n<style>\n.botao-container {\n    display: flex;\n    justify-content: center;\n    margin: 20px 0; \/* Espa\u00e7amento opcional *\/\n}\n\n.botao-estilizado {\n    display: inline-block;\n    padding: 12px 96px;\n    font-size: 18px;\n    font-weight: bold;\n    font-family: Arial, sans-serif; \/* Fonte alterada para Arial *\/\n    color: white;\n    background: linear-gradient(145deg, #007bff, #0056b3);\n    border-radius: 8px;\n    box-shadow: 4px 4px 10px rgba(0, 0, 0, 0.2), \n                -2px -2px 5px rgba(255, 255, 255, 0.2);\n    text-decoration: none;\n    transition: all 0.3s ease-in-out;\n    text-align: center;\n}\n\n.botao-estilizado:hover {\n    background: linear-gradient(145deg, #0056b3, #004095);\n    box-shadow: 2px 2px 8px rgba(0, 0, 0, 0.3), \n                -1px -1px 4px rgba(255, 255, 255, 0.1);\n    transform: translateY(-3px);\n}\n<\/style>\n\n<div class=\"botao-container\">\n    <a href=\"https:\/\/economiaportal.com\/de\/1931\/\" class=\"botao-estilizado\">Facebook-Farbe jetzt \u00e4ndern<\/a>\n<\/div>\n\n\n\n<p>Facebook ist sicherlich eines der am h\u00e4ufigsten genutzten sozialen Netzwerke der Welt, doch die charakteristische blaue Benutzeroberfl\u00e4che kann manchen Benutzern l\u00e4stig erscheinen. <\/p>\n\n\n\n<p>Leider erlaubt das offizielle Facebook keine Farb\u00e4nderungen innerhalb der App selbst, es gibt jedoch einige Alternativen, die dies erm\u00f6glichen. <strong>Facebook-Farbe \u00e4ndern<\/strong> und passen Sie das Erscheinungsbild der Plattform nach Ihrem Geschmack an.<\/p>\n\n\n\n<p>Gl\u00fccklicherweise gibt es mehrere M\u00f6glichkeiten, die Farben auf Facebook zu \u00e4ndern, entweder durch <strong>Browsererweiterungen, Apps von Drittanbietern oder benutzerdefinierte Launcher f\u00fcr Android<\/strong>. <\/p>\n\n\n\n<p>Damit k\u00f6nnen Sie dem sozialen Netzwerk ein moderneres und anderes Aussehen verleihen.<\/p>\n\n\n\n<p>In diesem Artikel erfahren Sie:<\/p>\n\n\n\n<ul class=\"wp-block-list\">\n<li>So \u00e4ndern Sie die Farbe von Facebook auf <strong>PC und Mobilger\u00e4t<\/strong>;<\/li>\n\n\n\n<li>Sichere Methoden zur Personalisierung;<\/li>\n\n\n\n<li>Anwendungen und Erweiterungen hierf\u00fcr;<\/li>\n\n\n\n<li>Anwendung <strong>Launcher auf Android<\/strong> das Erscheinungsbild von Facebook zu \u00e4ndern;<\/li>\n\n\n\n<li>Detaillierte Schritt-f\u00fcr-Schritt-Anleitung f\u00fcr jede Methode.<\/li>\n<\/ul>\n\n\n\n<p>Schauen Sie sich jetzt alle M\u00f6glichkeiten an, wie Sie Facebook anpassen und genau nach Ihren W\u00fcnschen gestalten k\u00f6nnen! \ud83c\udfa8\ud83d\udcf1\ud83d\udcbb<\/p>\n\n\n\n<h2 class=\"wp-block-heading\"><strong>1. So \u00e4ndern Sie die Facebook-Farbe mithilfe von Erweiterungen auf dem PC<\/strong><\/h2>\n\n\n\n<p>Der einfachste Weg, Facebook-Farben auf Ihrem Computer zu \u00e4ndern, ist die Verwendung von <strong>Erweiterungen f\u00fcr Google Chrome und Mozilla Firefox<\/strong>. <\/p>\n\n\n\n<p>Daher erm\u00f6glichen Ihnen diese Erweiterungen, die Benutzeroberfl\u00e4che Ihrer Website schnell und sicher anzupassen.<\/p>\n\n\n\n<h3 class=\"wp-block-heading\"><strong>Empfohlene Erweiterungen<\/strong><\/h3>\n\n\n\n<ul class=\"wp-block-list\">\n<li>\u2705 <strong><a href=\"https:\/\/chrome.google.com\/webstore\/detail\/stylish-custom-themes-for\/fjnbnpbmkenffdnngjfgmeleoegfcffe\">Stilvoll<\/a><\/strong> \u2013 Erm\u00f6glicht Ihnen, benutzerdefinierte Designs auf Facebook und andere Websites anzuwenden.<\/li>\n\n\n\n<li>\u2705 <strong><a href=\"https:\/\/chrome.google.com\/webstore\/detail\/color-changer-for-faceboo\/\">Farbwechsler f\u00fcr Facebook<\/a><\/strong> \u2013 \u00c4ndern Sie ganz einfach die Farbe der Facebook-Oberfl\u00e4che.<\/li>\n\n\n\n<li>\u2705 <strong><a href=\"https:\/\/chrome.google.com\/webstore\/detail\/super-dark-mode\/jihlepdfhceegfhljjibgcnbebgkhkij\">Super Dark Mode<\/a><\/strong> \u2013 Hat dunkle Designoptionen f\u00fcr Facebook.<\/li>\n<\/ul>\n\n\n\n<h3 class=\"wp-block-heading\"><strong>Schritt-f\u00fcr-Schritt-Anleitung zur Verwendung von Stylish<\/strong><\/h3>\n\n\n\n<ol class=\"wp-block-list\">\n<li>Zugriff auf die <strong>Chrome Web Store<\/strong> oder den Firefox-Erweiterungsspeicher.<\/li>\n\n\n\n<li>Suche nach Erweiterung <strong>Stilvoll<\/strong> und klicken Sie auf <strong>Zu Chrome hinzuf\u00fcgen<\/strong>.<\/li>\n\n\n\n<li>\u00d6ffnen Sie nach der Installation Facebook und klicken Sie im Browser auf das Stylish-Symbol.<\/li>\n\n\n\n<li>W\u00e4hlen Sie ein benutzerdefiniertes Design oder erstellen Sie Ihren eigenen Stil.<\/li>\n\n\n\n<li>Aktivieren Sie den neuen Look und genie\u00dfen Sie Ihr personalisiertes Facebook!<\/li>\n<\/ol>\n\n\n\n<p>Diese Methode ist ideal f\u00fcr Benutzer, die \u00fcber den Browser auf Facebook zugreifen und ein anderes visuelles Erlebnis w\u00fcnschen.<\/p>\n\n\n\n<h2 class=\"wp-block-heading\"><strong>2. So \u00e4ndern Sie die Farbe von Facebook auf Ihrem Telefon mit Apps<\/strong><\/h2>\n\n\n\n<p>Auf Mobilger\u00e4ten gibt es keine native Option zum \u00c4ndern der Farbe von Facebook, aber es gibt Anwendungen, mit denen Sie das Erscheinungsbild des sozialen Netzwerks anpassen k\u00f6nnen.<\/p>\n\n\n\n<h3 class=\"wp-block-heading\"><strong>Beste Apps zum \u00c4ndern der Facebook-Farbe<\/strong><\/h3>\n\n\n\n<ul class=\"wp-block-list\">\n<li>\u2705 <strong>Maki Plus<\/strong> \u2013 Eine alternative App zu Facebook mit farbenfrohen Designoptionen.<\/li>\n\n\n\n<li>\u2705 <strong>Folio f\u00fcr Facebook &amp; Messenger<\/strong> \u2013 Bietet visuelle Anpassung und erweiterten Dunkelmodus.<\/li>\n\n\n\n<li>\u2705 <strong>Wischen f\u00fcr Facebook<\/strong> \u2013 Leichtgewichtige und hochgradig anpassbare Version von Facebook.<\/li>\n<\/ul>\n\n\n\n<h3 class=\"wp-block-heading\"><strong>Schritt-f\u00fcr-Schritt-Anleitung zur Verwendung von Maki Plus<\/strong><\/h3>\n\n\n\n<ol class=\"wp-block-list\">\n<li>Laden Sie die App herunter <strong>Maki Plus<\/strong><\/li>\n\n\n\n<li>Installieren und \u00f6ffnen Sie die Anwendung.<\/li>\n\n\n\n<li>Melden Sie sich in der App bei Ihrem Facebook-Konto an.<\/li>\n\n\n\n<li>Gehen Sie zu den Anwendungseinstellungen und w\u00e4hlen Sie eine <strong>anderes Farbthema<\/strong>.<\/li>\n\n\n\n<li>Genie\u00dfen Sie Facebook mit einer neuen Oberfl\u00e4che!<\/li>\n<\/ol>\n\n\n\n<p>Letztendlich sind Maki Plus und Folio gute Alternativen f\u00fcr alle, die eine leichtere und anpassbarere Version von Facebook auf ihrem Handy haben m\u00f6chten.<\/p>\n\n\n\n<h2 class=\"wp-block-heading\"><strong>3. So verwenden Sie Launcher auf Android, um Facebook-Farben zu \u00e4ndern<\/strong><\/h2>\n\n\n\n<p>Schlie\u00dflich ist eine weitere M\u00f6glichkeit, das Erscheinungsbild von Facebook auf Ihrem Android-Telefon zu \u00e4ndern, die Verwendung <strong>benutzerdefinierte Tr\u00e4gerraketen<\/strong>. <\/p>\n\n\n\n<p>Sie erm\u00f6glichen Ihnen jedoch, Anwendungssymbole zu \u00e4ndern, die allgemeine Systemschnittstelle zu modifizieren und sogar die Farbe der Men\u00fcs anzupassen.<\/p>\n\n\n\n<h3 class=\"wp-block-heading\"><strong>Beste Launcher zur Anpassung<\/strong><\/h3>\n\n\n\n<ul class=\"wp-block-list\">\n<li>\u2705 <strong><a href=\"https:\/\/play.google.com\/store\/apps\/details?id=com.teslacoilsw.launcher\">Nova Launcher<\/a><\/strong> \u2013 Erm\u00f6glicht Ihnen, Systemsymbole und -farben zu \u00e4ndern.<\/li>\n\n\n\n<li>\u2705 <strong><a href=\"https:\/\/play.google.com\/store\/apps\/details?id=com.actionlauncher.playstore\">Aktionsstarter<\/a><\/strong> \u2013 Tolle Alternative zum \u00c4ndern von Themen und Anpassen Ihres Mobiltelefons.<\/li>\n\n\n\n<li>\u2705 <strong>Apex Launcher<\/strong> \u2013 Bietet mehrere Anpassungsoptionen und verschiedene Symbole.<\/li>\n<\/ul>\n\n\n\n<h3 class=\"wp-block-heading\"><strong>Schritt-f\u00fcr-Schritt-Anleitung zum \u00c4ndern des Facebook-Symbols mit Nova Launcher<\/strong><\/h3>\n\n\n\n<ol class=\"wp-block-list\">\n<li>Herunterladen und installieren <strong>Nova Launcher<\/strong>.<\/li>\n\n\n\n<li>Halten Sie das Facebook-Symbol auf Ihrem Startbildschirm gedr\u00fcckt.<\/li>\n\n\n\n<li>Klopfen <strong>Bearbeiten<\/strong>.<\/li>\n\n\n\n<li>W\u00e4hlen Sie ein neues Symbol oder laden Sie eines herunter <strong>benutzerdefiniertes Symbolpaket<\/strong>.<\/li>\n\n\n\n<li>Best\u00e4tigen Sie und sehen Sie sich das neue Aussehen des Facebook-Symbols an.<\/li>\n<\/ol>\n\n\n\n<p>Schlie\u00dflich \u00e4ndert diese Option nicht die Farben innerhalb der Anwendung, sondern erm\u00f6glicht Ihnen, das gesamte Facebook-Erlebnis auf Ihrem Mobiltelefon anzupassen.<\/p>\n\n\n\n<h2 class=\"wp-block-heading\"><strong>Abschluss<\/strong><\/h2>\n\n\n\n<p>Obwohl das offizielle Facebook nicht viele Anpassungsm\u00f6glichkeiten bietet, gibt es mehrere M\u00f6glichkeiten, <strong>Facebook-Farbe \u00e4ndern<\/strong> und machen Sie Ihr Erlebnis auf der Plattform angenehmer und einzigartiger. <\/p>\n\n\n\n<p>Wenn Sie also eine einfachere \u00c4nderung w\u00fcnschen, k\u00f6nnen Sie <strong>Browsererweiterungen<\/strong>, wie die <strong>Stilvoll<\/strong>. <\/p>\n\n\n\n<p>F\u00fcr diejenigen, die Facebook auf ihren Handys nutzen, gibt es Anwendungen wie <strong>Maki Plus<\/strong> Und <strong>Folio<\/strong> bieten gro\u00dfartige Alternativen mit erweiterter Anpassung.<\/p>\n\n\n\n<p>Dar\u00fcber hinaus ist die <strong>benutzerdefinierte Tr\u00e4gerraketen<\/strong> sind eine gro\u00dfartige M\u00f6glichkeit, Facebook-Symbole zu \u00e4ndern und das Erscheinungsbild des gesamten Systems zu verbessern. <\/p>\n\n\n\n<p>Was auch immer Sie w\u00e4hlen, Sie haben jetzt mehrere M\u00f6glichkeiten, das Erscheinungsbild von Facebook nach Ihren W\u00fcnschen zu ver\u00e4ndern.<\/p>\n\n\n\n<p>Da Sie nun wissen, <strong>So \u00e4ndern Sie die Facebook-Farbe<\/strong>, w\u00e4hlen Sie die Methode, die am besten zu Ihnen passt, und passen Sie Ihr soziales Netzwerk nach Ihren W\u00fcnschen an! \ud83c\udfa8\ud83d\udcf1\ud83d\udcbb<\/p>","protected":false},"excerpt":{"rendered":"<p>W\u00e4re es nicht cool, die Farbe von Facebook \u00e4ndern zu k\u00f6nnen, um es Ihnen \u00e4hnlicher zu gestalten? Entdecken Sie unten verschiedene M\u00f6glichkeiten dazu. \u00c4ndern Sie jetzt die Farbe von Facebook. Sicherlich \u2026 <\/p>","protected":false},"author":14,"featured_media":0,"comment_status":"closed","ping_status":"closed","sticky":false,"template":"","format":"standard","meta":{"footnotes":""},"categories":[1],"tags":[1242,1251,1245,1248,1247,1243,1250,1244,1246,1249],"class_list":["post-1879","post","type-post","status-publish","format-standard","hentry","category-uncategorized","tag-action-laucher","tag-apex-launcher","tag-color-change","tag-folio","tag-maki-plus","tag-mudar-a-cor-do-facebook","tag-nova-louncher","tag-stylish","tag-super-dark-mode","tag-swipe-facebook","latest_post"],"yoast_head":"<!-- This site is optimized with the Yoast SEO plugin v26.8 - https:\/\/yoast.com\/product\/yoast-seo-wordpress\/ -->\n<title>Mudar a Cor do Facebook - Economia Portal<\/title>\n<meta name=\"description\" content=\"N\u00e3o seria legal poder Mudar a Cor do Facebook e deixa-lo mais parecido com voc\u00ea? Descubra v\u00e1rias formas de fazer isso abaixo.\" \/>\n<meta name=\"robots\" content=\"index, follow, max-snippet:-1, max-image-preview:large, max-video-preview:-1\" \/>\n<link rel=\"canonical\" href=\"https:\/\/economiaportal.com\/de\/1879\/facebook-farbe-andern\/\" \/>\n<meta property=\"og:locale\" content=\"de_DE\" \/>\n<meta property=\"og:type\" content=\"article\" \/>\n<meta property=\"og:title\" content=\"Mudar a Cor do Facebook - Economia Portal\" \/>\n<meta property=\"og:description\" content=\"N\u00e3o seria legal poder Mudar a Cor do Facebook e deixa-lo mais parecido com voc\u00ea? Descubra v\u00e1rias formas de fazer isso abaixo.\" \/>\n<meta property=\"og:url\" content=\"https:\/\/economiaportal.com\/de\/1879\/facebook-farbe-andern\/\" \/>\n<meta property=\"og:site_name\" content=\"Economia Portal\" \/>\n<meta property=\"article:published_time\" content=\"2025-03-04T14:07:38+00:00\" \/>\n<meta property=\"article:modified_time\" content=\"2025-03-11T15:26:34+00:00\" \/>\n<meta name=\"author\" content=\"admin\" \/>\n<meta name=\"twitter:card\" content=\"summary_large_image\" \/>\n<meta name=\"twitter:label1\" content=\"Verfasst von\" \/>\n\t<meta name=\"twitter:data1\" content=\"admin\" \/>\n\t<meta name=\"twitter:label2\" content=\"Gesch\u00e4tzte Lesezeit\" \/>\n\t<meta name=\"twitter:data2\" content=\"5\u00a0Minuten\" \/>\n<script type=\"application\/ld+json\" class=\"yoast-schema-graph\">{\"@context\":\"https:\/\/schema.org\",\"@graph\":[{\"@type\":\"Article\",\"@id\":\"https:\/\/economiaportal.com\/1879\/mudar-a-cor-do-facebook\/#article\",\"isPartOf\":{\"@id\":\"https:\/\/economiaportal.com\/1879\/mudar-a-cor-do-facebook\/\"},\"author\":{\"name\":\"admin\",\"@id\":\"https:\/\/economiaportal.com\/#\/schema\/person\/1633c7ca22d836a68c8907ef39e510f5\"},\"headline\":\"Mudar a Cor do Facebook\",\"datePublished\":\"2025-03-04T14:07:38+00:00\",\"dateModified\":\"2025-03-11T15:26:34+00:00\",\"mainEntityOfPage\":{\"@id\":\"https:\/\/economiaportal.com\/1879\/mudar-a-cor-do-facebook\/\"},\"wordCount\":859,\"publisher\":{\"@id\":\"https:\/\/economiaportal.com\/#organization\"},\"keywords\":[\"Action Laucher\",\"Apex launcher\",\"Color Change\",\"Folio\",\"Maki plus\",\"Mudar a Cor do Facebook\",\"Nova louncher\",\"Stylish\",\"Super Dark Mode\",\"Swipe facebook\"],\"articleSection\":[\"Uncategorized\"],\"inLanguage\":\"de\"},{\"@type\":\"WebPage\",\"@id\":\"https:\/\/economiaportal.com\/1879\/mudar-a-cor-do-facebook\/\",\"url\":\"https:\/\/economiaportal.com\/1879\/mudar-a-cor-do-facebook\/\",\"name\":\"Mudar a Cor do Facebook - Economia Portal\",\"isPartOf\":{\"@id\":\"https:\/\/economiaportal.com\/#website\"},\"datePublished\":\"2025-03-04T14:07:38+00:00\",\"dateModified\":\"2025-03-11T15:26:34+00:00\",\"description\":\"N\u00e3o seria legal poder Mudar a Cor do Facebook e deixa-lo mais parecido com voc\u00ea? Descubra v\u00e1rias formas de fazer isso abaixo.\",\"breadcrumb\":{\"@id\":\"https:\/\/economiaportal.com\/1879\/mudar-a-cor-do-facebook\/#breadcrumb\"},\"inLanguage\":\"de\",\"potentialAction\":[{\"@type\":\"ReadAction\",\"target\":[\"https:\/\/economiaportal.com\/1879\/mudar-a-cor-do-facebook\/\"]}]},{\"@type\":\"BreadcrumbList\",\"@id\":\"https:\/\/economiaportal.com\/1879\/mudar-a-cor-do-facebook\/#breadcrumb\",\"itemListElement\":[{\"@type\":\"ListItem\",\"position\":1,\"name\":\"In\u00edcio\",\"item\":\"https:\/\/economiaportal.com\/\"},{\"@type\":\"ListItem\",\"position\":2,\"name\":\"Mudar a Cor do Facebook\"}]},{\"@type\":\"WebSite\",\"@id\":\"https:\/\/economiaportal.com\/#website\",\"url\":\"https:\/\/economiaportal.com\/\",\"name\":\"Economia Portal\",\"description\":\"\",\"publisher\":{\"@id\":\"https:\/\/economiaportal.com\/#organization\"},\"potentialAction\":[{\"@type\":\"SearchAction\",\"target\":{\"@type\":\"EntryPoint\",\"urlTemplate\":\"https:\/\/economiaportal.com\/?s={search_term_string}\"},\"query-input\":{\"@type\":\"PropertyValueSpecification\",\"valueRequired\":true,\"valueName\":\"search_term_string\"}}],\"inLanguage\":\"de\"},{\"@type\":\"Organization\",\"@id\":\"https:\/\/economiaportal.com\/#organization\",\"name\":\"Economia Portal\",\"url\":\"https:\/\/economiaportal.com\/\",\"logo\":{\"@type\":\"ImageObject\",\"inLanguage\":\"de\",\"@id\":\"https:\/\/economiaportal.com\/#\/schema\/logo\/image\/\",\"url\":\"https:\/\/economiaportal.com\/wp-content\/uploads\/2024\/07\/cropped-Design-sem-nome.jpg\",\"contentUrl\":\"https:\/\/economiaportal.com\/wp-content\/uploads\/2024\/07\/cropped-Design-sem-nome.jpg\",\"width\":161,\"height\":45,\"caption\":\"Economia Portal\"},\"image\":{\"@id\":\"https:\/\/economiaportal.com\/#\/schema\/logo\/image\/\"}},{\"@type\":\"Person\",\"@id\":\"https:\/\/economiaportal.com\/#\/schema\/person\/1633c7ca22d836a68c8907ef39e510f5\",\"name\":\"admin\",\"image\":{\"@type\":\"ImageObject\",\"inLanguage\":\"de\",\"@id\":\"https:\/\/economiaportal.com\/#\/schema\/person\/image\/\",\"url\":\"https:\/\/economiaportal.com\/wp-content\/litespeed\/avatar\/d8bb0a0d516772e3dd31e2f3e00e93bf.jpg?ver=1777005689\",\"contentUrl\":\"https:\/\/economiaportal.com\/wp-content\/litespeed\/avatar\/d8bb0a0d516772e3dd31e2f3e00e93bf.jpg?ver=1777005689\",\"caption\":\"admin\"},\"url\":\"https:\/\/economiaportal.com\/de\/author\/admin\/\"}]}<\/script>\n<!-- \/ Yoast SEO plugin. -->","yoast_head_json":{"title":"\u00c4ndern Sie die Farbe von Facebook - Economia Portal","description":"W\u00e4re es nicht sch\u00f6n, die Farbe von Facebook \u00e4ndern zu k\u00f6nnen, damit es mehr nach dir aussieht? Im Folgenden erf\u00e4hrst du, wie das geht.","robots":{"index":"index","follow":"follow","max-snippet":"max-snippet:-1","max-image-preview":"max-image-preview:large","max-video-preview":"max-video-preview:-1"},"canonical":"https:\/\/economiaportal.com\/de\/1879\/facebook-farbe-andern\/","og_locale":"de_DE","og_type":"article","og_title":"Mudar a Cor do Facebook - Economia Portal","og_description":"N\u00e3o seria legal poder Mudar a Cor do Facebook e deixa-lo mais parecido com voc\u00ea? Descubra v\u00e1rias formas de fazer isso abaixo.","og_url":"https:\/\/economiaportal.com\/de\/1879\/facebook-farbe-andern\/","og_site_name":"Economia Portal","article_published_time":"2025-03-04T14:07:38+00:00","article_modified_time":"2025-03-11T15:26:34+00:00","author":"admin","twitter_card":"summary_large_image","twitter_misc":{"Verfasst von":"admin","Gesch\u00e4tzte Lesezeit":"5\u00a0Minuten"},"schema":{"@context":"https:\/\/schema.org","@graph":[{"@type":"Article","@id":"https:\/\/economiaportal.com\/1879\/mudar-a-cor-do-facebook\/#article","isPartOf":{"@id":"https:\/\/economiaportal.com\/1879\/mudar-a-cor-do-facebook\/"},"author":{"name":"admin","@id":"https:\/\/economiaportal.com\/#\/schema\/person\/1633c7ca22d836a68c8907ef39e510f5"},"headline":"Mudar a Cor do Facebook","datePublished":"2025-03-04T14:07:38+00:00","dateModified":"2025-03-11T15:26:34+00:00","mainEntityOfPage":{"@id":"https:\/\/economiaportal.com\/1879\/mudar-a-cor-do-facebook\/"},"wordCount":859,"publisher":{"@id":"https:\/\/economiaportal.com\/#organization"},"keywords":["Action Laucher","Apex launcher","Color Change","Folio","Maki plus","Mudar a Cor do Facebook","Nova louncher","Stylish","Super Dark Mode","Swipe facebook"],"articleSection":["Uncategorized"],"inLanguage":"de"},{"@type":"WebPage","@id":"https:\/\/economiaportal.com\/1879\/mudar-a-cor-do-facebook\/","url":"https:\/\/economiaportal.com\/1879\/mudar-a-cor-do-facebook\/","name":"\u00c4ndern Sie die Farbe von Facebook - Economia Portal","isPartOf":{"@id":"https:\/\/economiaportal.com\/#website"},"datePublished":"2025-03-04T14:07:38+00:00","dateModified":"2025-03-11T15:26:34+00:00","description":"W\u00e4re es nicht sch\u00f6n, die Farbe von Facebook \u00e4ndern zu k\u00f6nnen, damit es mehr nach dir aussieht? Im Folgenden erf\u00e4hrst du, wie das geht.","breadcrumb":{"@id":"https:\/\/economiaportal.com\/1879\/mudar-a-cor-do-facebook\/#breadcrumb"},"inLanguage":"de","potentialAction":[{"@type":"ReadAction","target":["https:\/\/economiaportal.com\/1879\/mudar-a-cor-do-facebook\/"]}]},{"@type":"BreadcrumbList","@id":"https:\/\/economiaportal.com\/1879\/mudar-a-cor-do-facebook\/#breadcrumb","itemListElement":[{"@type":"ListItem","position":1,"name":"In\u00edcio","item":"https:\/\/economiaportal.com\/"},{"@type":"ListItem","position":2,"name":"Mudar a Cor do Facebook"}]},{"@type":"WebSite","@id":"https:\/\/economiaportal.com\/#website","url":"https:\/\/economiaportal.com\/","name":"Wirtschaftsportal","description":"","publisher":{"@id":"https:\/\/economiaportal.com\/#organization"},"potentialAction":[{"@type":"SearchAction","target":{"@type":"EntryPoint","urlTemplate":"https:\/\/economiaportal.com\/?s={search_term_string}"},"query-input":{"@type":"PropertyValueSpecification","valueRequired":true,"valueName":"search_term_string"}}],"inLanguage":"de"},{"@type":"Organization","@id":"https:\/\/economiaportal.com\/#organization","name":"Wirtschaftsportal","url":"https:\/\/economiaportal.com\/","logo":{"@type":"ImageObject","inLanguage":"de","@id":"https:\/\/economiaportal.com\/#\/schema\/logo\/image\/","url":"https:\/\/economiaportal.com\/wp-content\/uploads\/2024\/07\/cropped-Design-sem-nome.jpg","contentUrl":"https:\/\/economiaportal.com\/wp-content\/uploads\/2024\/07\/cropped-Design-sem-nome.jpg","width":161,"height":45,"caption":"Economia Portal"},"image":{"@id":"https:\/\/economiaportal.com\/#\/schema\/logo\/image\/"}},{"@type":"Person","@id":"https:\/\/economiaportal.com\/#\/schema\/person\/1633c7ca22d836a68c8907ef39e510f5","name":"admin","image":{"@type":"ImageObject","inLanguage":"de","@id":"https:\/\/economiaportal.com\/#\/schema\/person\/image\/","url":"https:\/\/economiaportal.com\/wp-content\/litespeed\/avatar\/d8bb0a0d516772e3dd31e2f3e00e93bf.jpg?ver=1777005689","contentUrl":"https:\/\/economiaportal.com\/wp-content\/litespeed\/avatar\/d8bb0a0d516772e3dd31e2f3e00e93bf.jpg?ver=1777005689","caption":"admin"},"url":"https:\/\/economiaportal.com\/de\/author\/admin\/"}]}},"_links":{"self":[{"href":"https:\/\/economiaportal.com\/de\/wp-json\/wp\/v2\/posts\/1879","targetHints":{"allow":["GET"]}}],"collection":[{"href":"https:\/\/economiaportal.com\/de\/wp-json\/wp\/v2\/posts"}],"about":[{"href":"https:\/\/economiaportal.com\/de\/wp-json\/wp\/v2\/types\/post"}],"author":[{"embeddable":true,"href":"https:\/\/economiaportal.com\/de\/wp-json\/wp\/v2\/users\/14"}],"replies":[{"embeddable":true,"href":"https:\/\/economiaportal.com\/de\/wp-json\/wp\/v2\/comments?post=1879"}],"version-history":[{"count":10,"href":"https:\/\/economiaportal.com\/de\/wp-json\/wp\/v2\/posts\/1879\/revisions"}],"predecessor-version":[{"id":1946,"href":"https:\/\/economiaportal.com\/de\/wp-json\/wp\/v2\/posts\/1879\/revisions\/1946"}],"wp:attachment":[{"href":"https:\/\/economiaportal.com\/de\/wp-json\/wp\/v2\/media?parent=1879"}],"wp:term":[{"taxonomy":"category","embeddable":true,"href":"https:\/\/economiaportal.com\/de\/wp-json\/wp\/v2\/categories?post=1879"},{"taxonomy":"post_tag","embeddable":true,"href":"https:\/\/economiaportal.com\/de\/wp-json\/wp\/v2\/tags?post=1879"}],"curies":[{"name":"wp","href":"https:\/\/api.w.org\/{rel}","templated":true}]}}