{"id":1879,"date":"2025-03-04T17:07:38","date_gmt":"2025-03-04T14:07:38","guid":{"rendered":"https:\/\/economiaportal.com\/?p=1879"},"modified":"2025-03-11T18:26:34","modified_gmt":"2025-03-11T15:26:34","slug":"change-facebook-color","status":"publish","type":"post","link":"https:\/\/economiaportal.com\/en\/1879\/mudar-a-cor-do-facebook\/","title":{"rendered":"Change Facebook Color"},"content":{"rendered":"<p>Wouldn&#039;t it be nice to be able to <strong>Change Facebook Color<\/strong> and make it look more like you? Discover several ways to do this below.<\/p>\n\n\n\n<style>\n.botao-container {\n    display: flex;\n    justify-content: center;\n    margin: 20px 0; \/* Espa\u00e7amento opcional *\/\n}\n\n.botao-estilizado {\n    display: inline-block;\n    padding: 12px 96px;\n    font-size: 18px;\n    font-weight: bold;\n    font-family: Arial, sans-serif; \/* Fonte alterada para Arial *\/\n    color: white;\n    background: linear-gradient(145deg, #007bff, #0056b3);\n    border-radius: 8px;\n    box-shadow: 4px 4px 10px rgba(0, 0, 0, 0.2), \n                -2px -2px 5px rgba(255, 255, 255, 0.2);\n    text-decoration: none;\n    transition: all 0.3s ease-in-out;\n    text-align: center;\n}\n\n.botao-estilizado:hover {\n    background: linear-gradient(145deg, #0056b3, #004095);\n    box-shadow: 2px 2px 8px rgba(0, 0, 0, 0.3), \n                -1px -1px 4px rgba(255, 255, 255, 0.1);\n    transform: translateY(-3px);\n}\n<\/style>\n\n<div class=\"botao-container\">\n    <a href=\"https:\/\/economiaportal.com\/en\/1931\/\" class=\"botao-estilizado\">Change Facebook color now<\/a>\n<\/div>\n\n\n\n<p>Facebook is certainly one of the most used social networks in the world, but its characteristic blue interface can seem tiresome to some users. <\/p>\n\n\n\n<p>Unfortunately, the official Facebook does not allow color changes within the app itself, but there are some alternatives that do allow it. <strong>change facebook color<\/strong> and customize the appearance of the platform according to your taste.<\/p>\n\n\n\n<p>Fortunately, there are several ways to change the colors on Facebook, either through <strong>browser extensions, third-party apps, or custom launchers for Android<\/strong>. <\/p>\n\n\n\n<p>With this, you can give your social network a more modern and different look.<\/p>\n\n\n\n<p>In this article, you will learn:<\/p>\n\n\n\n<ul class=\"wp-block-list\">\n<li>How to change the color of Facebook on <strong>PC and mobile<\/strong>;<\/li>\n\n\n\n<li>Safe methods for personalization;<\/li>\n\n\n\n<li>Applications and extensions for this purpose;<\/li>\n\n\n\n<li>How to use <strong>launchers on Android<\/strong> to change the appearance of Facebook;<\/li>\n\n\n\n<li>Detailed step by step for each method.<\/li>\n<\/ul>\n\n\n\n<p>Now, check out all the ways you can customize Facebook and make it just the way you want it! \ud83c\udfa8\ud83d\udcf1\ud83d\udcbb<\/p>\n\n\n\n<h2 class=\"wp-block-heading\"><strong>1. How to Change Facebook Color Using Extensions on PC<\/strong><\/h2>\n\n\n\n<p>First, the easiest way to change Facebook colors on your computer is by using <strong>extensions for Google Chrome and Mozilla Firefox<\/strong>. <\/p>\n\n\n\n<p>Therefore, these extensions allow you to customize your website interface quickly and safely.<\/p>\n\n\n\n<h3 class=\"wp-block-heading\"><strong>Recommended Extensions<\/strong><\/h3>\n\n\n\n<ul class=\"wp-block-list\">\n<li>\u2705 <strong><a href=\"https:\/\/chrome.google.com\/webstore\/detail\/stylish-custom-themes-for\/fjnbnpbmkenffdnngjfgmeleoegfcffe\">Stylish<\/a><\/strong> \u2013 Allows you to apply custom themes to Facebook and other websites.<\/li>\n\n\n\n<li>\u2705 <strong><a href=\"https:\/\/chrome.google.com\/webstore\/detail\/color-changer-for-faceboo\/\">Color Changer for Facebook<\/a><\/strong> \u2013 Change the color of the Facebook interface easily.<\/li>\n\n\n\n<li>\u2705 <strong><a href=\"https:\/\/chrome.google.com\/webstore\/detail\/super-dark-mode\/jihlepdfhceegfhljjibgcnbebgkhkij\">Super Dark Mode<\/a><\/strong> \u2013 Has dark theme options for Facebook.<\/li>\n<\/ul>\n\n\n\n<h3 class=\"wp-block-heading\"><strong>Step by Step Guide to Using Stylish<\/strong><\/h3>\n\n\n\n<ol class=\"wp-block-list\">\n<li>Access the <strong>Chrome Web Store<\/strong> or the Firefox extension store.<\/li>\n\n\n\n<li>Search by extension <strong>Stylish<\/strong> and click on <strong>Add to Chrome<\/strong>.<\/li>\n\n\n\n<li>After installation, open Facebook and click on the Stylish icon in the browser.<\/li>\n\n\n\n<li>Choose a custom theme or create your own style.<\/li>\n\n\n\n<li>Activate the new look and enjoy your personalized Facebook!<\/li>\n<\/ol>\n\n\n\n<p>This method is ideal for users who access Facebook via browser and want a different visual experience.<\/p>\n\n\n\n<h2 class=\"wp-block-heading\"><strong>2. How to Change the Color of Facebook on Your Phone with Apps<\/strong><\/h2>\n\n\n\n<p>Then, on mobile, there is no native option to change the color of Facebook, but there are applications that allow you to customize the appearance of the social network.<\/p>\n\n\n\n<h3 class=\"wp-block-heading\"><strong>Best Apps to Change Facebook Color<\/strong><\/h3>\n\n\n\n<ul class=\"wp-block-list\">\n<li>\u2705 <strong>Maki Plus<\/strong> \u2013 An alternative app to Facebook with colorful theme options.<\/li>\n\n\n\n<li>\u2705 <strong>Folio for Facebook &amp; Messenger<\/strong> \u2013 Offers visual customization and advanced dark mode.<\/li>\n\n\n\n<li>\u2705 <strong>Swipe for Facebook<\/strong> \u2013 Lightweight and highly customizable version of Facebook.<\/li>\n<\/ul>\n\n\n\n<h3 class=\"wp-block-heading\"><strong>Step by Step Guide to Using Maki Plus<\/strong><\/h3>\n\n\n\n<ol class=\"wp-block-list\">\n<li>Download the app <strong>Maki Plus<\/strong><\/li>\n\n\n\n<li>Install and open the application.<\/li>\n\n\n\n<li>Log in to your Facebook account within the app.<\/li>\n\n\n\n<li>Go to the application settings and choose a <strong>different color theme<\/strong>.<\/li>\n\n\n\n<li>Enjoy Facebook with a new interface!<\/li>\n<\/ol>\n\n\n\n<p>Ultimately, Maki Plus and Folio are good alternatives for those who want a lighter and more customizable version of Facebook on their cell phone.<\/p>\n\n\n\n<h2 class=\"wp-block-heading\"><strong>3. How to Use Launchers on Android to Change Facebook Colors<\/strong><\/h2>\n\n\n\n<p>Finally, another way to change the appearance of Facebook on your Android phone is using <strong>custom launchers<\/strong>. <\/p>\n\n\n\n<p>However, they allow you to change application icons, modify the general system interface and even customize the color of the menus.<\/p>\n\n\n\n<h3 class=\"wp-block-heading\"><strong>Best Launchers for Customization<\/strong><\/h3>\n\n\n\n<ul class=\"wp-block-list\">\n<li>\u2705 <strong><a href=\"https:\/\/play.google.com\/store\/apps\/details?id=com.teslacoilsw.launcher\">Nova Launcher<\/a><\/strong> \u2013 Allows you to change system icons and colors.<\/li>\n\n\n\n<li>\u2705 <strong><a href=\"https:\/\/play.google.com\/store\/apps\/details?id=com.actionlauncher.playstore\">Action Launcher<\/a><\/strong> \u2013 Great alternative to modify themes and customize your cell phone.<\/li>\n\n\n\n<li>\u2705 <strong>Apex Launcher<\/strong> \u2013 Offers several customization options and different icons.<\/li>\n<\/ul>\n\n\n\n<h3 class=\"wp-block-heading\"><strong>Step by Step Guide to Changing the Facebook Icon with Nova Launcher<\/strong><\/h3>\n\n\n\n<ol class=\"wp-block-list\">\n<li>Download and install the <strong>Nova Launcher<\/strong>.<\/li>\n\n\n\n<li>Press and hold the Facebook icon on your home screen.<\/li>\n\n\n\n<li>Tap on <strong>Edit<\/strong>.<\/li>\n\n\n\n<li>Choose a new icon or download one <strong>custom icon pack<\/strong>.<\/li>\n\n\n\n<li>Confirm and see the new look of the Facebook icon.<\/li>\n<\/ol>\n\n\n\n<p>After all, this option does not change the colors within the application, but it allows you to customize the overall Facebook experience on your mobile phone.<\/p>\n\n\n\n<h2 class=\"wp-block-heading\"><strong>Conclusion<\/strong><\/h2>\n\n\n\n<p>Anyway, although the official Facebook doesn&#039;t offer many customization options, there are several ways to <strong>change facebook color<\/strong> and make your experience on the platform more enjoyable and unique. <\/p>\n\n\n\n<p>So if you want a simpler change, you can use <strong>browser extensions<\/strong>, like the <strong>Stylish<\/strong>. <\/p>\n\n\n\n<p>Well, for those who use Facebook on their cell phones, applications like <strong>Maki Plus<\/strong> It is <strong>Folio<\/strong> offer great alternatives with advanced customization.<\/p>\n\n\n\n<p>Furthermore, the <strong>custom launchers<\/strong> are a great way to modify Facebook icons and improve the appearance of the system as a whole. <\/p>\n\n\n\n<p>So, whatever you choose, you now have several options to transform the look of Facebook to your liking.<\/p>\n\n\n\n<p>So now that you know <strong>how to change facebook color<\/strong>, choose the method that suits you best and customize your social network the way you want! \ud83c\udfa8\ud83d\udcf1\ud83d\udcbb<\/p>","protected":false},"excerpt":{"rendered":"<p>Wouldn\u2019t it be cool to be able to Change the Color of Facebook and make it look more like you? Discover several ways to do this below. Change the color of Facebook now Surely, the \u2026 <\/p>","protected":false},"author":14,"featured_media":0,"comment_status":"closed","ping_status":"closed","sticky":false,"template":"","format":"standard","meta":{"footnotes":""},"categories":[1],"tags":[1242,1251,1245,1248,1247,1243,1250,1244,1246,1249],"class_list":["post-1879","post","type-post","status-publish","format-standard","hentry","category-uncategorized","tag-action-laucher","tag-apex-launcher","tag-color-change","tag-folio","tag-maki-plus","tag-mudar-a-cor-do-facebook","tag-nova-louncher","tag-stylish","tag-super-dark-mode","tag-swipe-facebook","latest_post"],"yoast_head":"<!-- This site is optimized with the Yoast SEO plugin v26.8 - https:\/\/yoast.com\/product\/yoast-seo-wordpress\/ -->\n<title>Mudar a Cor do Facebook - Economia Portal<\/title>\n<meta name=\"description\" content=\"N\u00e3o seria legal poder Mudar a Cor do Facebook e deixa-lo mais parecido com voc\u00ea? Descubra v\u00e1rias formas de fazer isso abaixo.\" \/>\n<meta name=\"robots\" content=\"index, follow, max-snippet:-1, max-image-preview:large, max-video-preview:-1\" \/>\n<link rel=\"canonical\" href=\"https:\/\/economiaportal.com\/en\/1879\/change-facebook-color\/\" \/>\n<meta property=\"og:locale\" content=\"en_US\" \/>\n<meta property=\"og:type\" content=\"article\" \/>\n<meta property=\"og:title\" content=\"Mudar a Cor do Facebook - Economia Portal\" \/>\n<meta property=\"og:description\" content=\"N\u00e3o seria legal poder Mudar a Cor do Facebook e deixa-lo mais parecido com voc\u00ea? Descubra v\u00e1rias formas de fazer isso abaixo.\" \/>\n<meta property=\"og:url\" content=\"https:\/\/economiaportal.com\/en\/1879\/change-facebook-color\/\" \/>\n<meta property=\"og:site_name\" content=\"Economia Portal\" \/>\n<meta property=\"article:published_time\" content=\"2025-03-04T14:07:38+00:00\" \/>\n<meta property=\"article:modified_time\" content=\"2025-03-11T15:26:34+00:00\" \/>\n<meta name=\"author\" content=\"admin\" \/>\n<meta name=\"twitter:card\" content=\"summary_large_image\" \/>\n<meta name=\"twitter:label1\" content=\"Written by\" \/>\n\t<meta name=\"twitter:data1\" content=\"admin\" \/>\n\t<meta name=\"twitter:label2\" content=\"Est. reading time\" \/>\n\t<meta name=\"twitter:data2\" content=\"5 minutes\" \/>\n<script type=\"application\/ld+json\" class=\"yoast-schema-graph\">{\"@context\":\"https:\/\/schema.org\",\"@graph\":[{\"@type\":\"Article\",\"@id\":\"https:\/\/economiaportal.com\/1879\/mudar-a-cor-do-facebook\/#article\",\"isPartOf\":{\"@id\":\"https:\/\/economiaportal.com\/1879\/mudar-a-cor-do-facebook\/\"},\"author\":{\"name\":\"admin\",\"@id\":\"https:\/\/economiaportal.com\/#\/schema\/person\/1633c7ca22d836a68c8907ef39e510f5\"},\"headline\":\"Mudar a Cor do Facebook\",\"datePublished\":\"2025-03-04T14:07:38+00:00\",\"dateModified\":\"2025-03-11T15:26:34+00:00\",\"mainEntityOfPage\":{\"@id\":\"https:\/\/economiaportal.com\/1879\/mudar-a-cor-do-facebook\/\"},\"wordCount\":859,\"publisher\":{\"@id\":\"https:\/\/economiaportal.com\/#organization\"},\"keywords\":[\"Action Laucher\",\"Apex launcher\",\"Color Change\",\"Folio\",\"Maki plus\",\"Mudar a Cor do Facebook\",\"Nova louncher\",\"Stylish\",\"Super Dark Mode\",\"Swipe facebook\"],\"inLanguage\":\"en-US\"},{\"@type\":\"WebPage\",\"@id\":\"https:\/\/economiaportal.com\/1879\/mudar-a-cor-do-facebook\/\",\"url\":\"https:\/\/economiaportal.com\/1879\/mudar-a-cor-do-facebook\/\",\"name\":\"Mudar a Cor do Facebook - Economia Portal\",\"isPartOf\":{\"@id\":\"https:\/\/economiaportal.com\/#website\"},\"datePublished\":\"2025-03-04T14:07:38+00:00\",\"dateModified\":\"2025-03-11T15:26:34+00:00\",\"description\":\"N\u00e3o seria legal poder Mudar a Cor do Facebook e deixa-lo mais parecido com voc\u00ea? Descubra v\u00e1rias formas de fazer isso abaixo.\",\"breadcrumb\":{\"@id\":\"https:\/\/economiaportal.com\/1879\/mudar-a-cor-do-facebook\/#breadcrumb\"},\"inLanguage\":\"en-US\",\"potentialAction\":[{\"@type\":\"ReadAction\",\"target\":[\"https:\/\/economiaportal.com\/1879\/mudar-a-cor-do-facebook\/\"]}]},{\"@type\":\"BreadcrumbList\",\"@id\":\"https:\/\/economiaportal.com\/1879\/mudar-a-cor-do-facebook\/#breadcrumb\",\"itemListElement\":[{\"@type\":\"ListItem\",\"position\":1,\"name\":\"In\u00edcio\",\"item\":\"https:\/\/economiaportal.com\/\"},{\"@type\":\"ListItem\",\"position\":2,\"name\":\"Mudar a Cor do Facebook\"}]},{\"@type\":\"WebSite\",\"@id\":\"https:\/\/economiaportal.com\/#website\",\"url\":\"https:\/\/economiaportal.com\/\",\"name\":\"Economia Portal\",\"description\":\"\",\"publisher\":{\"@id\":\"https:\/\/economiaportal.com\/#organization\"},\"potentialAction\":[{\"@type\":\"SearchAction\",\"target\":{\"@type\":\"EntryPoint\",\"urlTemplate\":\"https:\/\/economiaportal.com\/?s={search_term_string}\"},\"query-input\":{\"@type\":\"PropertyValueSpecification\",\"valueRequired\":true,\"valueName\":\"search_term_string\"}}],\"inLanguage\":\"en-US\"},{\"@type\":\"Organization\",\"@id\":\"https:\/\/economiaportal.com\/#organization\",\"name\":\"Economia Portal\",\"url\":\"https:\/\/economiaportal.com\/\",\"logo\":{\"@type\":\"ImageObject\",\"inLanguage\":\"en-US\",\"@id\":\"https:\/\/economiaportal.com\/#\/schema\/logo\/image\/\",\"url\":\"https:\/\/economiaportal.com\/wp-content\/uploads\/2024\/07\/cropped-Design-sem-nome.jpg\",\"contentUrl\":\"https:\/\/economiaportal.com\/wp-content\/uploads\/2024\/07\/cropped-Design-sem-nome.jpg\",\"width\":161,\"height\":45,\"caption\":\"Economia Portal\"},\"image\":{\"@id\":\"https:\/\/economiaportal.com\/#\/schema\/logo\/image\/\"}},{\"@type\":\"Person\",\"@id\":\"https:\/\/economiaportal.com\/#\/schema\/person\/1633c7ca22d836a68c8907ef39e510f5\",\"name\":\"admin\",\"image\":{\"@type\":\"ImageObject\",\"inLanguage\":\"en-US\",\"@id\":\"https:\/\/economiaportal.com\/#\/schema\/person\/image\/\",\"url\":\"https:\/\/economiaportal.com\/wp-content\/litespeed\/avatar\/d8bb0a0d516772e3dd31e2f3e00e93bf.jpg?ver=1777610515\",\"contentUrl\":\"https:\/\/economiaportal.com\/wp-content\/litespeed\/avatar\/d8bb0a0d516772e3dd31e2f3e00e93bf.jpg?ver=1777610515\",\"caption\":\"admin\"},\"url\":\"https:\/\/economiaportal.com\/en\/author\/admin\/\"}]}<\/script>\n<!-- \/ Yoast SEO plugin. -->","yoast_head_json":{"title":"Mudar a Cor do Facebook - Economia Portal","description":"N\u00e3o seria legal poder Mudar a Cor do Facebook e deixa-lo mais parecido com voc\u00ea? Descubra v\u00e1rias formas de fazer isso abaixo.","robots":{"index":"index","follow":"follow","max-snippet":"max-snippet:-1","max-image-preview":"max-image-preview:large","max-video-preview":"max-video-preview:-1"},"canonical":"https:\/\/economiaportal.com\/en\/1879\/change-facebook-color\/","og_locale":"en_US","og_type":"article","og_title":"Mudar a Cor do Facebook - Economia Portal","og_description":"N\u00e3o seria legal poder Mudar a Cor do Facebook e deixa-lo mais parecido com voc\u00ea? Descubra v\u00e1rias formas de fazer isso abaixo.","og_url":"https:\/\/economiaportal.com\/en\/1879\/change-facebook-color\/","og_site_name":"Economia Portal","article_published_time":"2025-03-04T14:07:38+00:00","article_modified_time":"2025-03-11T15:26:34+00:00","author":"admin","twitter_card":"summary_large_image","twitter_misc":{"Written by":"admin","Est. reading time":"5 minutes"},"schema":{"@context":"https:\/\/schema.org","@graph":[{"@type":"Article","@id":"https:\/\/economiaportal.com\/1879\/mudar-a-cor-do-facebook\/#article","isPartOf":{"@id":"https:\/\/economiaportal.com\/1879\/mudar-a-cor-do-facebook\/"},"author":{"name":"admin","@id":"https:\/\/economiaportal.com\/#\/schema\/person\/1633c7ca22d836a68c8907ef39e510f5"},"headline":"Mudar a Cor do Facebook","datePublished":"2025-03-04T14:07:38+00:00","dateModified":"2025-03-11T15:26:34+00:00","mainEntityOfPage":{"@id":"https:\/\/economiaportal.com\/1879\/mudar-a-cor-do-facebook\/"},"wordCount":859,"publisher":{"@id":"https:\/\/economiaportal.com\/#organization"},"keywords":["Action Laucher","Apex launcher","Color Change","Folio","Maki plus","Mudar a Cor do Facebook","Nova louncher","Stylish","Super Dark Mode","Swipe facebook"],"inLanguage":"en-US"},{"@type":"WebPage","@id":"https:\/\/economiaportal.com\/1879\/mudar-a-cor-do-facebook\/","url":"https:\/\/economiaportal.com\/1879\/mudar-a-cor-do-facebook\/","name":"Mudar a Cor do Facebook - Economia Portal","isPartOf":{"@id":"https:\/\/economiaportal.com\/#website"},"datePublished":"2025-03-04T14:07:38+00:00","dateModified":"2025-03-11T15:26:34+00:00","description":"N\u00e3o seria legal poder Mudar a Cor do Facebook e deixa-lo mais parecido com voc\u00ea? Descubra v\u00e1rias formas de fazer isso abaixo.","breadcrumb":{"@id":"https:\/\/economiaportal.com\/1879\/mudar-a-cor-do-facebook\/#breadcrumb"},"inLanguage":"en-US","potentialAction":[{"@type":"ReadAction","target":["https:\/\/economiaportal.com\/1879\/mudar-a-cor-do-facebook\/"]}]},{"@type":"BreadcrumbList","@id":"https:\/\/economiaportal.com\/1879\/mudar-a-cor-do-facebook\/#breadcrumb","itemListElement":[{"@type":"ListItem","position":1,"name":"In\u00edcio","item":"https:\/\/economiaportal.com\/"},{"@type":"ListItem","position":2,"name":"Mudar a Cor do Facebook"}]},{"@type":"WebSite","@id":"https:\/\/economiaportal.com\/#website","url":"https:\/\/economiaportal.com\/","name":"Economy Portal","description":"","publisher":{"@id":"https:\/\/economiaportal.com\/#organization"},"potentialAction":[{"@type":"SearchAction","target":{"@type":"EntryPoint","urlTemplate":"https:\/\/economiaportal.com\/?s={search_term_string}"},"query-input":{"@type":"PropertyValueSpecification","valueRequired":true,"valueName":"search_term_string"}}],"inLanguage":"en-US"},{"@type":"Organization","@id":"https:\/\/economiaportal.com\/#organization","name":"Economy Portal","url":"https:\/\/economiaportal.com\/","logo":{"@type":"ImageObject","inLanguage":"en-US","@id":"https:\/\/economiaportal.com\/#\/schema\/logo\/image\/","url":"https:\/\/economiaportal.com\/wp-content\/uploads\/2024\/07\/cropped-Design-sem-nome.jpg","contentUrl":"https:\/\/economiaportal.com\/wp-content\/uploads\/2024\/07\/cropped-Design-sem-nome.jpg","width":161,"height":45,"caption":"Economia Portal"},"image":{"@id":"https:\/\/economiaportal.com\/#\/schema\/logo\/image\/"}},{"@type":"Person","@id":"https:\/\/economiaportal.com\/#\/schema\/person\/1633c7ca22d836a68c8907ef39e510f5","name":"admin","image":{"@type":"ImageObject","inLanguage":"en-US","@id":"https:\/\/economiaportal.com\/#\/schema\/person\/image\/","url":"https:\/\/economiaportal.com\/wp-content\/litespeed\/avatar\/d8bb0a0d516772e3dd31e2f3e00e93bf.jpg?ver=1777610515","contentUrl":"https:\/\/economiaportal.com\/wp-content\/litespeed\/avatar\/d8bb0a0d516772e3dd31e2f3e00e93bf.jpg?ver=1777610515","caption":"admin"},"url":"https:\/\/economiaportal.com\/en\/author\/admin\/"}]}},"_links":{"self":[{"href":"https:\/\/economiaportal.com\/en\/wp-json\/wp\/v2\/posts\/1879","targetHints":{"allow":["GET"]}}],"collection":[{"href":"https:\/\/economiaportal.com\/en\/wp-json\/wp\/v2\/posts"}],"about":[{"href":"https:\/\/economiaportal.com\/en\/wp-json\/wp\/v2\/types\/post"}],"author":[{"embeddable":true,"href":"https:\/\/economiaportal.com\/en\/wp-json\/wp\/v2\/users\/14"}],"replies":[{"embeddable":true,"href":"https:\/\/economiaportal.com\/en\/wp-json\/wp\/v2\/comments?post=1879"}],"version-history":[{"count":10,"href":"https:\/\/economiaportal.com\/en\/wp-json\/wp\/v2\/posts\/1879\/revisions"}],"predecessor-version":[{"id":1946,"href":"https:\/\/economiaportal.com\/en\/wp-json\/wp\/v2\/posts\/1879\/revisions\/1946"}],"wp:attachment":[{"href":"https:\/\/economiaportal.com\/en\/wp-json\/wp\/v2\/media?parent=1879"}],"wp:term":[{"taxonomy":"category","embeddable":true,"href":"https:\/\/economiaportal.com\/en\/wp-json\/wp\/v2\/categories?post=1879"},{"taxonomy":"post_tag","embeddable":true,"href":"https:\/\/economiaportal.com\/en\/wp-json\/wp\/v2\/tags?post=1879"}],"curies":[{"name":"wp","href":"https:\/\/api.w.org\/{rel}","templated":true}]}}