{"id":2234,"date":"2025-04-30T16:14:52","date_gmt":"2025-04-30T13:14:52","guid":{"rendered":"https:\/\/economiaportal.com\/?p=2234"},"modified":"2025-04-30T16:14:53","modified_gmt":"2025-04-30T13:14:53","slug":"quien-sera-el-nuevo-papa-2","status":"publish","type":"post","link":"https:\/\/economiaportal.com\/es\/2234\/quem-sera-o-novo-papa\/","title":{"rendered":"\u00bfQui\u00e9n ser\u00e1 el nuevo Papa?"},"content":{"rendered":"<p><strong>\u00bfQui\u00e9n ser\u00e1 el nuevo Papa? <\/strong>Entender el detr\u00e1s de escena del C\u00f3nclave y la influencia pol\u00edtica detr\u00e1s de la elecci\u00f3n del sucesor de Francisco<\/p>\n\n\n\n<style>\n.botao-container {\n    display: flex;\n    justify-content: center;\n    margin: 20px 0; \/* Espa\u00e7amento opcional *\/\n}\n\n.botao-estilizado {\n    display: inline-block;\n    padding: 12px 24px;\n    font-size: 18px;\n    font-weight: bold;\n    font-family: Arial, sans-serif; \/* Fonte Arial *\/\n    color: white;\n    background: linear-gradient(145deg, #FFC107, #FF8F00); \/* Tons amarelos e \u00e2mbar do Google *\/\n    border-radius: 8px;\n    box-shadow: 4px 4px 10px rgba(0, 0, 0, 0.2), \n                -2px -2px 5px rgba(255, 255, 255, 0.2);\n    text-decoration: none;\n    transition: all 0.3s ease-in-out;\n    text-align: center;\n}\n\n.botao-estilizado:hover {\n    background: linear-gradient(145deg, #FF8F00, #FF6F00); \/* Tom \u00e2mbar mais escuro no hover *\/\n    box-shadow: 2px 2px 8px rgba(0, 0, 0, 0.3), \n                -1px -1px 4px rgba(255, 255, 255, 0.1);\n    transform: translateY(-3px);\n}\n<\/style>\n\n<div class=\"botao-container\">\n    <a href=\"https:\/\/economiaportal.com\/es\/\" class=\"botao-estilizado\">Descubra m\u00e1s<\/a>\n<\/div>\n\n\n\n<h2 class=\"wp-block-heading\">Un momento hist\u00f3rico que decide el futuro de la Iglesia<\/h2>\n\n\n\n<p>Ciertamente, la muerte de <strong>Papa Francisco<\/strong> marca no s\u00f3lo el final de un pontificado, sino tambi\u00e9n el comienzo de uno de los acontecimientos m\u00e1s solemnes y misteriosos del catolicismo: la elecci\u00f3n del nuevo l\u00edder de la Iglesia.<br><br>As\u00ed, el mundo vuelve su mirada hacia <strong>Vaticano<\/strong>, mientras los cardenales de todo el mundo se preparan para participar en la <strong>C\u00f3nclave<\/strong>, un proceso que definir\u00e1 qui\u00e9n ocupar\u00e1 el Trono de Pedro.<\/p>\n\n\n\n<p>Por lo tanto, para entender <strong>\u00bfQui\u00e9n ser\u00e1 el nuevo Papa?<\/strong>, es fundamental conocer c\u00f3mo funciona el C\u00f3nclave, los criterios requeridos, el backstage pol\u00edtico y los nombres con m\u00e1s probabilidades de tomar el mando de m\u00e1s de <strong>1.300 millones de fieles<\/strong> Extendido por todo el mundo.<\/p>\n\n\n\n<h2 class=\"wp-block-heading\">\u00bfC\u00f3mo funciona el proceso de elecci\u00f3n de un nuevo Papa?<\/h2>\n\n\n\n<h3 class=\"wp-block-heading\">El C\u00f3nclave: Donde sucede la historia<\/h3>\n\n\n\n<p>Al principio, el <strong>C\u00f3nclave<\/strong> Es una reuni\u00f3n a puerta cerrada que se lleva a cabo en <strong>Capilla Sixtina<\/strong>, en el Vaticano.<br>Sin embargo, s\u00f3lo los cardenales con <strong>menos de 80 a\u00f1os<\/strong> participar en la votaci\u00f3n, seg\u00fan lo establecido por las normas papales vigentes.<\/p>\n\n\n\n<p>Los cardenales juran entonces absoluto secreto y quedan literalmente aislados del mundo exterior.<br>Por tanto, quedan prohibidos los tel\u00e9fonos celulares, internet, radios y cualquier medio de comunicaci\u00f3n.<\/p>\n\n\n\n<p>Poco despu\u00e9s comienza la votaci\u00f3n.<br>As\u00ed, en cada vuelta, los cardenales escriben el nombre del candidato elegido en una papeleta, que se deposita en una urna especial.<\/p>\n\n\n\n<p>Sin embargo, s\u00f3lo cuando un candidato alcanza <strong>dos tercios de los votos v\u00e1lidos<\/strong> Es declarado Papa.<br>Si esto no sucede dentro de los primeros tres d\u00edas, los cardenales hacen una pausa para orar y reflexionar, para luego regresar a las sesiones.<\/p>\n\n\n\n<h2 class=\"wp-block-heading\">Requisitos m\u00ednimos para ser elegido Papa<\/h2>\n\n\n\n<p>Despu\u00e9s de todo, cualquier hombre bautizado puede ser elegido.<br>Sin embargo, en la pr\u00e1ctica el elegido suele ser un cardenal ya conocido, respetado y con gran influencia en la Iglesia.<\/p>\n\n\n\n<p>Por tanto, el futuro Papa deber\u00e1 ser:<\/p>\n\n\n\n<ul class=\"wp-block-list\">\n<li>Un hombre de fe y doctrina s\u00f3lida.<\/li>\n\n\n\n<li>Con experiencia en puestos de liderazgo<\/li>\n\n\n\n<li>Fluidez en varios idiomas<\/li>\n\n\n\n<li>Reconocido por su <strong>espiritualidad, \u00e9tica y sabidur\u00eda pastoral<\/strong><\/li>\n<\/ul>\n\n\n\n<p>De hecho, si el elegido no es obispo, debe ser <strong>ordenado inmediatamente<\/strong>, antes de asumir el papado.<\/p>\n\n\n\n<h2 class=\"wp-block-heading\">Tras bastidores del C\u00f3nclave: Lo que nadie ve<\/h2>\n\n\n\n<h3 class=\"wp-block-heading\">Influencia, articulaciones y alianzas discretas<\/h3>\n\n\n\n<p>Ciertamente, aunque envuelto en rituales sagrados, el C\u00f3nclave tambi\u00e9n tiene su cuota de <strong>articulaci\u00f3n pol\u00edtica interna<\/strong>.<br>As\u00ed, cardenales influyentes forman grupos con opiniones similares sobre el futuro de la Iglesia.<\/p>\n\n\n\n<p>Por ello, estas \u201ccorrientes\u201d intentan convencer a otros cardenales para que voten por nombres que representen sus prioridades: <strong>reformas internas, preservaci\u00f3n de la doctrina, apertura a la modernidad<\/strong>, entre otros temas.<\/p>\n\n\n\n<p>Al fin y al cabo, tras bastidores circulan mensajes indirectos, indicaciones simb\u00f3licas e incluso votaciones estrat\u00e9gicas para eliminar favoritos y favorecer a los \u201ccandidatos de consenso\u201d.<\/p>\n\n\n\n<h2 class=\"wp-block-heading\">Influencia pol\u00edtica en la elecci\u00f3n del Papa<\/h2>\n\n\n\n<h3 class=\"wp-block-heading\">Vaticano, geopoder e intereses globales<\/h3>\n\n\n\n<p>Pero la pol\u00edtica no se queda s\u00f3lo dentro de los muros del Vaticano.<\/p>\n\n\n\n<p>As\u00ed, los pa\u00edses con una gran poblaci\u00f3n cat\u00f3lica, como <strong>Brasil, Italia, Filipinas y Polonia<\/strong>, apoyan a los representantes locales y se tiene en cuenta el equilibrio geopol\u00edtico.<\/p>\n\n\n\n<p>Sin embargo, el nuevo Papa debe ser un <strong>s\u00edmbolo de la unidad global<\/strong>, y esto incide directamente en el perfil buscado.<\/p>\n\n\n\n<p>Por lo tanto, preguntas como:<\/p>\n\n\n\n<ul class=\"wp-block-list\">\n<li><strong>Di\u00e1logo con otras religiones<\/strong><\/li>\n\n\n\n<li><strong>Defensa de los derechos humanos<\/strong><\/li>\n\n\n\n<li><strong>Postura ante la guerra y la pobreza<\/strong><\/li>\n\n\n\n<li><strong>Posicionamiento sobre temas sociales controvertidos<\/strong><\/li>\n<\/ul>\n\n\n\n<p>influir \u2013y mucho\u2013 en la aceptaci\u00f3n de un candidato entre los cardenales.<\/p>\n\n\n\n<h2 class=\"wp-block-heading\">\u00bfQui\u00e9n decide? \u00bfCu\u00e1ntos son y c\u00f3mo votan?<\/h2>\n\n\n\n<p>Actualmente, aproximadamente <strong>120 cardenales electores<\/strong> son elegibles para votar.<br>Estos hombres fueron designados por Papas anteriores y representan <strong>todos los continentes<\/strong>.<\/p>\n\n\n\n<p>Sin embargo, hay un predominio de cardenales procedentes de Europa, lo que todav\u00eda pesa en la decisi\u00f3n.<\/p>\n\n\n\n<p>Por lo tanto, el Papa que surja de este C\u00f3nclave ser\u00e1 el resultado del consenso entre <strong>diferentes culturas, corrientes teol\u00f3gicas y diferentes contextos sociales<\/strong>.<\/p>\n\n\n\n<h2 class=\"wp-block-heading\">Los nombres m\u00e1s probables para el nuevo Papa<\/h2>\n\n\n\n<p>A continuaci\u00f3n se muestran los principales <strong>\u201cpapable\u201d<\/strong>:<\/p>\n\n\n\n<h3 class=\"wp-block-heading\">1. <strong>Cardenal Matteo Zuppi (Italia)<\/strong><\/h3>\n\n\n\n<p>Defensor del di\u00e1logo, la paz y la inclusi\u00f3n social. Fuerte influencia en el episcopado europeo.<\/p>\n\n\n\n<h3 class=\"wp-block-heading\">2. <strong>Cardenal Luis Antonio Tagle (Filipinas)<\/strong><\/h3>\n\n\n\n<p>Querida por los j\u00f3venes y muy cercana a la realidad latinoamericana.<\/p>\n\n\n\n<h3 class=\"wp-block-heading\">3. <strong>Cardenal Peter Turkson (Ghana)<\/strong><\/h3>\n\n\n\n<p>Conocido por su trabajo ambiental y su compromiso con los pobres.<\/p>\n\n\n\n<h3 class=\"wp-block-heading\">4. <strong>Cardenal Odilo Pedro Scherer (Brasil)<\/strong><\/h3>\n\n\n\n<p>Arzobispo de S\u00e3o Paulo, respetado en el Vaticano, un nombre fuerte en el hemisferio sur.<\/p>\n\n\n\n<h3 class=\"wp-block-heading\">5. <strong>Cardenal Christoph Sch\u00f6nborn (Austria)<\/strong><\/h3>\n\n\n\n<p>Intelectual y conservador moderado. Te\u00f3logo conocido y respetado en Roma.<\/p>\n\n\n\n<p>Sin embargo, como ocurri\u00f3 con el Papa Francisco, <strong>El elegido puede sorprender al mundo<\/strong>.<\/p>\n\n\n\n<h2 class=\"wp-block-heading\">\u00bfExiste una fecha l\u00edmite para el C\u00f3nclave?<\/h2>\n\n\n\n<p>S\u00ed.<br>La Constituci\u00f3n Apost\u00f3lica determina que el C\u00f3nclave se realizar\u00e1 entre <strong>15 y 20 d\u00edas despu\u00e9s de la muerte del Papa<\/strong>.<br>Esto da tiempo para el duelo, la llegada de los cardenales y la organizaci\u00f3n de la ceremonia.<\/p>\n\n\n\n<p>As\u00ed que, en promedio, las elecciones se llevan a cabo <strong>Entre 3 a 5 d\u00edas de votaci\u00f3n<\/strong>.<\/p>\n\n\n\n<h2 class=\"wp-block-heading\">El papel del nuevo Papa: entre el cielo y la tierra<\/h2>\n\n\n\n<p>Ciertamente, el nuevo Papa ser\u00e1 el <strong>cabeza espiritual de la Iglesia cat\u00f3lica<\/strong> y tambi\u00e9n el <strong>Jefe de Estado del Vaticano<\/strong>.<br>Adem\u00e1s, tendr\u00e1 una fuerte influencia en:<\/p>\n\n\n\n<ul class=\"wp-block-list\">\n<li><strong>Pol\u00edtica global<\/strong><\/li>\n\n\n\n<li><strong>Cuestiones \u00e9ticas y sociales<\/strong><\/li>\n\n\n\n<li><strong>Di\u00e1logos interreligiosos<\/strong><\/li>\n\n\n\n<li><strong>Posici\u00f3n ante las guerras, el hambre y las injusticias<\/strong><\/li>\n<\/ul>\n\n\n\n<p>Por tanto, la elecci\u00f3n no es s\u00f3lo eclesi\u00e1stica.<br>Ella tiene <strong>impacto global<\/strong>.<\/p>\n\n\n\n<h2 class=\"wp-block-heading\">Conclusi\u00f3n: Un nuevo cap\u00edtulo para la Iglesia y el mundo<\/h2>\n\n\n\n<p>En \u00faltima instancia, el proceso de elecci\u00f3n de un nuevo Papa es sagrado, pero tambi\u00e9n profundamente estrat\u00e9gico.<br>Ciertamente, lo que ocurre detr\u00e1s de escena del C\u00f3nclave revela que <strong>La fe y la pol\u00edtica van de la mano<\/strong> cuando se trata de decidir el futuro de la Iglesia Cat\u00f3lica.<\/p>\n\n\n\n<p>Por lo tanto, seguir cada paso de este momento es comprender el impacto espiritual, cultural y geopol\u00edtico de la elecci\u00f3n papal.<\/p>\n\n\n\n<p>Por ello, seguiremos actualizando con nuevos art\u00edculos, listas de candidatos e informaci\u00f3n in\u00e9dita detr\u00e1s de escena sobre la sucesi\u00f3n.<\/p>\n\n\n\n<p>Si quieres saber m\u00e1s o sugerir alg\u00fan tema d\u00e9jalo en los comentarios.<br>Estamos aqu\u00ed para <strong>Traduce el Vaticano a tu mundo<\/strong>.<br><br><a href=\"https:\/\/economiaportal.com\/es\/categoria\/actualidad\/\">Ver tambi\u00e9n\u2026<\/a><\/p>\n\n\n\n<p><\/p>","protected":false},"excerpt":{"rendered":"<p>\u00bfQui\u00e9n ser\u00e1 el nuevo Papa? Comprenda el detr\u00e1s de escena del C\u00f3nclave y la influencia pol\u00edtica detr\u00e1s de la elecci\u00f3n del sucesor de Francisco Descubra otro momento hist\u00f3rico que decidi\u00f3... <\/p>","protected":false},"author":19,"featured_media":0,"comment_status":"closed","ping_status":"closed","sticky":false,"template":"","format":"standard","meta":{"footnotes":""},"categories":[6],"tags":[439,1488,1484,1482,1487],"class_list":["post-2234","post","type-post","status-publish","format-standard","hentry","category-apps","tag-aplicativo","tag-cardial","tag-papa","tag-roma","tag-sucessao","latest_post"],"yoast_head":"<!-- This site is optimized with the Yoast SEO plugin v26.8 - https:\/\/yoast.com\/product\/yoast-seo-wordpress\/ -->\n<title>Quem Ser\u00e1 o Novo Papa? - Economia Portal<\/title>\n<meta name=\"description\" content=\"Quem Ser\u00e1 o Novo Papa? Entenda os Bastidores do Conclave e a Influ\u00eancia Pol\u00edtica por Tr\u00e1s da Escolha do Sucessor de Francisco\" \/>\n<meta name=\"robots\" content=\"index, follow, max-snippet:-1, max-image-preview:large, max-video-preview:-1\" \/>\n<link rel=\"canonical\" href=\"https:\/\/economiaportal.com\/es\/2234\/quien-sera-el-nuevo-papa-2\/\" \/>\n<meta property=\"og:locale\" content=\"es_MX\" \/>\n<meta property=\"og:type\" content=\"article\" \/>\n<meta property=\"og:title\" content=\"Quem Ser\u00e1 o Novo Papa? - Economia Portal\" \/>\n<meta property=\"og:description\" content=\"Quem Ser\u00e1 o Novo Papa? Entenda os Bastidores do Conclave e a Influ\u00eancia Pol\u00edtica por Tr\u00e1s da Escolha do Sucessor de Francisco\" \/>\n<meta property=\"og:url\" content=\"https:\/\/economiaportal.com\/es\/2234\/quien-sera-el-nuevo-papa-2\/\" \/>\n<meta property=\"og:site_name\" content=\"Economia Portal\" \/>\n<meta property=\"article:published_time\" content=\"2025-04-30T13:14:52+00:00\" \/>\n<meta property=\"article:modified_time\" content=\"2025-04-30T13:14:53+00:00\" \/>\n<meta name=\"author\" content=\"Isaac\" \/>\n<meta name=\"twitter:card\" content=\"summary_large_image\" \/>\n<meta name=\"twitter:label1\" content=\"Escrito por\" \/>\n\t<meta name=\"twitter:data1\" content=\"Isaac\" \/>\n\t<meta name=\"twitter:label2\" content=\"Tiempo de lectura\" \/>\n\t<meta name=\"twitter:data2\" content=\"6 minutos\" \/>\n<script type=\"application\/ld+json\" class=\"yoast-schema-graph\">{\"@context\":\"https:\/\/schema.org\",\"@graph\":[{\"@type\":\"Article\",\"@id\":\"https:\/\/economiaportal.com\/2234\/quem-sera-o-novo-papa\/#article\",\"isPartOf\":{\"@id\":\"https:\/\/economiaportal.com\/2234\/quem-sera-o-novo-papa\/\"},\"author\":{\"name\":\"Isaac\",\"@id\":\"https:\/\/economiaportal.com\/#\/schema\/person\/9330abe31ca5cda123112e1767c9a0bc\"},\"headline\":\"Quem Ser\u00e1 o Novo Papa?\",\"datePublished\":\"2025-04-30T13:14:52+00:00\",\"dateModified\":\"2025-04-30T13:14:53+00:00\",\"mainEntityOfPage\":{\"@id\":\"https:\/\/economiaportal.com\/2234\/quem-sera-o-novo-papa\/\"},\"wordCount\":1026,\"publisher\":{\"@id\":\"https:\/\/economiaportal.com\/#organization\"},\"keywords\":[\"aplicativo\",\"cardial\",\"papa\",\"roma\",\"sucess\u00e3o\"],\"articleSection\":[\"Apps\"],\"inLanguage\":\"es\"},{\"@type\":\"WebPage\",\"@id\":\"https:\/\/economiaportal.com\/2234\/quem-sera-o-novo-papa\/\",\"url\":\"https:\/\/economiaportal.com\/2234\/quem-sera-o-novo-papa\/\",\"name\":\"Quem Ser\u00e1 o Novo Papa? - Economia Portal\",\"isPartOf\":{\"@id\":\"https:\/\/economiaportal.com\/#website\"},\"datePublished\":\"2025-04-30T13:14:52+00:00\",\"dateModified\":\"2025-04-30T13:14:53+00:00\",\"description\":\"Quem Ser\u00e1 o Novo Papa? Entenda os Bastidores do Conclave e a Influ\u00eancia Pol\u00edtica por Tr\u00e1s da Escolha do Sucessor de Francisco\",\"breadcrumb\":{\"@id\":\"https:\/\/economiaportal.com\/2234\/quem-sera-o-novo-papa\/#breadcrumb\"},\"inLanguage\":\"es\",\"potentialAction\":[{\"@type\":\"ReadAction\",\"target\":[\"https:\/\/economiaportal.com\/2234\/quem-sera-o-novo-papa\/\"]}]},{\"@type\":\"BreadcrumbList\",\"@id\":\"https:\/\/economiaportal.com\/2234\/quem-sera-o-novo-papa\/#breadcrumb\",\"itemListElement\":[{\"@type\":\"ListItem\",\"position\":1,\"name\":\"In\u00edcio\",\"item\":\"https:\/\/economiaportal.com\/\"},{\"@type\":\"ListItem\",\"position\":2,\"name\":\"Quem Ser\u00e1 o Novo Papa?\"}]},{\"@type\":\"WebSite\",\"@id\":\"https:\/\/economiaportal.com\/#website\",\"url\":\"https:\/\/economiaportal.com\/\",\"name\":\"Economia Portal\",\"description\":\"\",\"publisher\":{\"@id\":\"https:\/\/economiaportal.com\/#organization\"},\"potentialAction\":[{\"@type\":\"SearchAction\",\"target\":{\"@type\":\"EntryPoint\",\"urlTemplate\":\"https:\/\/economiaportal.com\/?s={search_term_string}\"},\"query-input\":{\"@type\":\"PropertyValueSpecification\",\"valueRequired\":true,\"valueName\":\"search_term_string\"}}],\"inLanguage\":\"es\"},{\"@type\":\"Organization\",\"@id\":\"https:\/\/economiaportal.com\/#organization\",\"name\":\"Economia Portal\",\"url\":\"https:\/\/economiaportal.com\/\",\"logo\":{\"@type\":\"ImageObject\",\"inLanguage\":\"es\",\"@id\":\"https:\/\/economiaportal.com\/#\/schema\/logo\/image\/\",\"url\":\"https:\/\/economiaportal.com\/wp-content\/uploads\/2024\/07\/cropped-Design-sem-nome.jpg\",\"contentUrl\":\"https:\/\/economiaportal.com\/wp-content\/uploads\/2024\/07\/cropped-Design-sem-nome.jpg\",\"width\":161,\"height\":45,\"caption\":\"Economia Portal\"},\"image\":{\"@id\":\"https:\/\/economiaportal.com\/#\/schema\/logo\/image\/\"}},{\"@type\":\"Person\",\"@id\":\"https:\/\/economiaportal.com\/#\/schema\/person\/9330abe31ca5cda123112e1767c9a0bc\",\"name\":\"Isaac\",\"image\":{\"@type\":\"ImageObject\",\"inLanguage\":\"es\",\"@id\":\"https:\/\/economiaportal.com\/#\/schema\/person\/image\/\",\"url\":\"https:\/\/economiaportal.com\/wp-content\/litespeed\/avatar\/af70d796a465de0de2b395cc700a1b9e.jpg?ver=1777030835\",\"contentUrl\":\"https:\/\/economiaportal.com\/wp-content\/litespeed\/avatar\/af70d796a465de0de2b395cc700a1b9e.jpg?ver=1777030835\",\"caption\":\"Isaac\"},\"url\":\"https:\/\/economiaportal.com\/es\/author\/isaac\/\"}]}<\/script>\n<!-- \/ Yoast SEO plugin. -->","yoast_head_json":{"title":"\u00bfQui\u00e9n ser\u00e1 el nuevo Papa? - Portal Econ\u00f3mico","description":"\u00bfQui\u00e9n ser\u00e1 el nuevo Papa? Conozca los entretelones del C\u00f3nclave y la influencia pol\u00edtica tras la elecci\u00f3n del sucesor de Francisco.","robots":{"index":"index","follow":"follow","max-snippet":"max-snippet:-1","max-image-preview":"max-image-preview:large","max-video-preview":"max-video-preview:-1"},"canonical":"https:\/\/economiaportal.com\/es\/2234\/quien-sera-el-nuevo-papa-2\/","og_locale":"es_MX","og_type":"article","og_title":"Quem Ser\u00e1 o Novo Papa? - Economia Portal","og_description":"Quem Ser\u00e1 o Novo Papa? Entenda os Bastidores do Conclave e a Influ\u00eancia Pol\u00edtica por Tr\u00e1s da Escolha do Sucessor de Francisco","og_url":"https:\/\/economiaportal.com\/es\/2234\/quien-sera-el-nuevo-papa-2\/","og_site_name":"Economia Portal","article_published_time":"2025-04-30T13:14:52+00:00","article_modified_time":"2025-04-30T13:14:53+00:00","author":"Isaac","twitter_card":"summary_large_image","twitter_misc":{"Escrito por":"Isaac","Tiempo de lectura":"6 minutos"},"schema":{"@context":"https:\/\/schema.org","@graph":[{"@type":"Article","@id":"https:\/\/economiaportal.com\/2234\/quem-sera-o-novo-papa\/#article","isPartOf":{"@id":"https:\/\/economiaportal.com\/2234\/quem-sera-o-novo-papa\/"},"author":{"name":"Isaac","@id":"https:\/\/economiaportal.com\/#\/schema\/person\/9330abe31ca5cda123112e1767c9a0bc"},"headline":"Quem Ser\u00e1 o Novo Papa?","datePublished":"2025-04-30T13:14:52+00:00","dateModified":"2025-04-30T13:14:53+00:00","mainEntityOfPage":{"@id":"https:\/\/economiaportal.com\/2234\/quem-sera-o-novo-papa\/"},"wordCount":1026,"publisher":{"@id":"https:\/\/economiaportal.com\/#organization"},"keywords":["aplicativo","cardial","papa","roma","sucess\u00e3o"],"articleSection":["Apps"],"inLanguage":"es"},{"@type":"WebPage","@id":"https:\/\/economiaportal.com\/2234\/quem-sera-o-novo-papa\/","url":"https:\/\/economiaportal.com\/2234\/quem-sera-o-novo-papa\/","name":"\u00bfQui\u00e9n ser\u00e1 el nuevo Papa? - Portal Econ\u00f3mico","isPartOf":{"@id":"https:\/\/economiaportal.com\/#website"},"datePublished":"2025-04-30T13:14:52+00:00","dateModified":"2025-04-30T13:14:53+00:00","description":"\u00bfQui\u00e9n ser\u00e1 el nuevo Papa? Conozca los entretelones del C\u00f3nclave y la influencia pol\u00edtica tras la elecci\u00f3n del sucesor de Francisco.","breadcrumb":{"@id":"https:\/\/economiaportal.com\/2234\/quem-sera-o-novo-papa\/#breadcrumb"},"inLanguage":"es","potentialAction":[{"@type":"ReadAction","target":["https:\/\/economiaportal.com\/2234\/quem-sera-o-novo-papa\/"]}]},{"@type":"BreadcrumbList","@id":"https:\/\/economiaportal.com\/2234\/quem-sera-o-novo-papa\/#breadcrumb","itemListElement":[{"@type":"ListItem","position":1,"name":"In\u00edcio","item":"https:\/\/economiaportal.com\/"},{"@type":"ListItem","position":2,"name":"Quem Ser\u00e1 o Novo Papa?"}]},{"@type":"WebSite","@id":"https:\/\/economiaportal.com\/#website","url":"https:\/\/economiaportal.com\/","name":"Portal de Econom\u00eda","description":"","publisher":{"@id":"https:\/\/economiaportal.com\/#organization"},"potentialAction":[{"@type":"SearchAction","target":{"@type":"EntryPoint","urlTemplate":"https:\/\/economiaportal.com\/?s={search_term_string}"},"query-input":{"@type":"PropertyValueSpecification","valueRequired":true,"valueName":"search_term_string"}}],"inLanguage":"es"},{"@type":"Organization","@id":"https:\/\/economiaportal.com\/#organization","name":"Portal de Econom\u00eda","url":"https:\/\/economiaportal.com\/","logo":{"@type":"ImageObject","inLanguage":"es","@id":"https:\/\/economiaportal.com\/#\/schema\/logo\/image\/","url":"https:\/\/economiaportal.com\/wp-content\/uploads\/2024\/07\/cropped-Design-sem-nome.jpg","contentUrl":"https:\/\/economiaportal.com\/wp-content\/uploads\/2024\/07\/cropped-Design-sem-nome.jpg","width":161,"height":45,"caption":"Economia Portal"},"image":{"@id":"https:\/\/economiaportal.com\/#\/schema\/logo\/image\/"}},{"@type":"Person","@id":"https:\/\/economiaportal.com\/#\/schema\/person\/9330abe31ca5cda123112e1767c9a0bc","name":"isaac","image":{"@type":"ImageObject","inLanguage":"es","@id":"https:\/\/economiaportal.com\/#\/schema\/person\/image\/","url":"https:\/\/economiaportal.com\/wp-content\/litespeed\/avatar\/af70d796a465de0de2b395cc700a1b9e.jpg?ver=1777030835","contentUrl":"https:\/\/economiaportal.com\/wp-content\/litespeed\/avatar\/af70d796a465de0de2b395cc700a1b9e.jpg?ver=1777030835","caption":"Isaac"},"url":"https:\/\/economiaportal.com\/es\/author\/isaac\/"}]}},"_links":{"self":[{"href":"https:\/\/economiaportal.com\/es\/wp-json\/wp\/v2\/posts\/2234","targetHints":{"allow":["GET"]}}],"collection":[{"href":"https:\/\/economiaportal.com\/es\/wp-json\/wp\/v2\/posts"}],"about":[{"href":"https:\/\/economiaportal.com\/es\/wp-json\/wp\/v2\/types\/post"}],"author":[{"embeddable":true,"href":"https:\/\/economiaportal.com\/es\/wp-json\/wp\/v2\/users\/19"}],"replies":[{"embeddable":true,"href":"https:\/\/economiaportal.com\/es\/wp-json\/wp\/v2\/comments?post=2234"}],"version-history":[{"count":2,"href":"https:\/\/economiaportal.com\/es\/wp-json\/wp\/v2\/posts\/2234\/revisions"}],"predecessor-version":[{"id":2239,"href":"https:\/\/economiaportal.com\/es\/wp-json\/wp\/v2\/posts\/2234\/revisions\/2239"}],"wp:attachment":[{"href":"https:\/\/economiaportal.com\/es\/wp-json\/wp\/v2\/media?parent=2234"}],"wp:term":[{"taxonomy":"category","embeddable":true,"href":"https:\/\/economiaportal.com\/es\/wp-json\/wp\/v2\/categories?post=2234"},{"taxonomy":"post_tag","embeddable":true,"href":"https:\/\/economiaportal.com\/es\/wp-json\/wp\/v2\/tags?post=2234"}],"curies":[{"name":"gracias","href":"https:\/\/api.w.org\/{rel}","templated":true}]}}