{"id":1611,"date":"2024-11-28T21:47:21","date_gmt":"2024-11-28T18:47:21","guid":{"rendered":"https:\/\/economiaportal.com\/?p=1611"},"modified":"2024-11-28T22:27:30","modified_gmt":"2024-11-28T19:27:30","slug":"oslobodenje-od-poreza-na-imovinu-za-starije-gradane-i-umirovljenike","status":"publish","type":"post","link":"https:\/\/economiaportal.com\/hr\/1611\/isencao-de-iptu-para-idosos-e-aposentados\/","title":{"rendered":"IPTU izuze\u0107e za starije i umirovljenike"},"content":{"rendered":"<p>Otkrijte sve o <strong>IPTU izuze\u0107e za starije i umirovljenike<\/strong>, imate li pravo i kako to zatra\u017eiti.<\/p>\n\n\n\n<p>Svakako, <strong>IPTU izuze\u0107e<\/strong> je naknada koja se u nekoliko brazilskih gradova dodjeljuje starijim osobama i umirovljenicima. <\/p>\n\n\n\n<p>Dakle, ovaj poticaj poma\u017ee ubla\u017eiti fiksne tro\u0161kove, osiguravaju\u0107i ve\u0107i financijski mir za one koji su stariji ili imaju ograni\u010dena primanja.<\/p>\n\n\n\n<p>Kona\u010dno, u ovom \u0107ete \u010dlanku razumjeti kako naknada funkcionira, tko ima pravo, koji su dokumenti potrebni i kako podnijeti zahtjev.<\/p>\n\n\n\n<h2 class=\"wp-block-heading\">\u0160to je IPTU izuze\u0107e?<\/h2>\n\n\n\n<p>Prvo, <strong>IPTU izuze\u0107e<\/strong> (Urbani porez na imovinu i teritorijalni porez) je pogodnost koju nude mnoge op\u0107ine osobama koje ispunjavaju odre\u0111ene kriterije. <\/p>\n\n\n\n<p>Op\u0107enito, ovo je izuze\u0107e predvi\u0111eno za starije osobe i umirovljenike koji posjeduju samo jednu nekretninu, koriste je za stanovanje i imaju ograni\u010den prihod.<\/p>\n\n\n\n<p>Svakako, cilj povlastice je smanjiti porezno optere\u0107enje tih ljudi, poma\u017eu\u0107i im da svoja sredstva koriste za druge osnovne potrebe.<\/p>\n\n\n\n<h2 class=\"wp-block-heading\">Tko ima pravo na izuze\u0107e?<\/h2>\n\n\n\n<p>Pravila za IPTU izuze\u0107e razlikuju se ovisno o zakonodavstvu svake op\u0107ine. Me\u0111utim, naj\u010de\u0161\u0107i kriteriji uklju\u010duju:<\/p>\n\n\n\n<ol class=\"wp-block-list\">\n<li><strong>Minimalna dob<\/strong>: op\u0107enito, stariji od 60 ili 65 godina.<\/li>\n\n\n\n<li><strong>Mjese\u010dni prihod<\/strong>: u mnogim slu\u010dajevima potrebno je da prihod ne prelazi tri minimalne pla\u0107e.<\/li>\n\n\n\n<li><strong>Vlasni\u0161tvo nad jednom nekretninom<\/strong>: nekretnina mora biti isklju\u010divo za stanovanje.<\/li>\n\n\n\n<li><strong>Tr\u017ei\u0161na vrijednost nekretnine<\/strong>: povlastica mo\u017ee biti ograni\u010dena na imovinu odre\u0111ene tr\u017ei\u0161ne vrijednosti, ovisno o op\u0107ini.<\/li>\n\n\n\n<li><strong>Umirovljenici ili penzioneri<\/strong>: pogodnost se u nekim gradovima prote\u017ee na umirovljenike i umirovljenike, bez obzira na dob.<\/li>\n<\/ol>\n\n\n\n<p>Stoga je va\u017eno konzultirati pravila svoje gradske vije\u0107nice kako biste potvrdili specifi\u010dne kriterije.<\/p>\n\n\n\n<h2 class=\"wp-block-heading\">Koji gradovi nude iznimke?<\/h2>\n\n\n\n<p>Mnogi brazilski gradovi ve\u0107 imaju vlastite zakone na tu temu. Pogledajte primjere op\u0107ina koje nude pogodnosti:<\/p>\n\n\n\n<ul class=\"wp-block-list\">\n<li><strong>S\u00e3o Paulo (SP)<\/strong>: osloba\u0111a od pla\u0107anja umirovljenike, umirovljenike i osobe starije od 60 godina s ograni\u010denim primanjima.<\/li>\n\n\n\n<li><strong>Rio de Janeiro (RJ)<\/strong>: nudi pogodnosti starijim osobama, umirovljenicima i osobama s invaliditetom.<\/li>\n\n\n\n<li><strong>Belo Horizonte (MG)<\/strong>: osloba\u0111aju se umirovljenici s primanjima do dvije minimalne pla\u0107e.<\/li>\n\n\n\n<li><strong>Curitiba (PR)<\/strong>: zahtijeva prihod do tri minimalne pla\u0107e i vlasni\u0161tvo nad jednom nekretninom.<\/li>\n<\/ul>\n\n\n\n<p>Stoga se pravila jako razlikuju i treba ih provjeriti u lokalnoj gradskoj vije\u0107nici.<\/p>\n\n\n\n<h2 class=\"wp-block-heading\">Kako zatra\u017eiti izuze\u0107e?<\/h2>\n\n\n\n<p>Postupak za podno\u0161enje zahtjeva za izuze\u0107e tako\u0111er se razlikuje me\u0111u op\u0107inama. Me\u0111utim, osnovni koraci op\u0107enito uklju\u010duju:<\/p>\n\n\n\n<ol class=\"wp-block-list\">\n<li><strong>Prikupite potrebne dokumente<\/strong>, poput:\n<ul class=\"wp-block-list\">\n<li>RG i CPF.<\/li>\n\n\n\n<li>Dokaz o prebivali\u0161tu.<\/li>\n\n\n\n<li>Dokumenti koji dokazuju prihod.<\/li>\n\n\n\n<li>Tapija ili uknji\u017eba nekretnine.<\/li>\n\n\n\n<li>Dokaz o mirovini (ako postoji).<\/li>\n<\/ul>\n<\/li>\n\n\n\n<li><strong>Idite u gradsku vije\u0107nicu ili nadle\u017eno tijelo<\/strong>:\n<ul class=\"wp-block-list\">\n<li>U nekim gradovima zahtjev se mo\u017ee podnijeti online, na web stranici gradske uprave.<\/li>\n<\/ul>\n<\/li>\n\n\n\n<li><strong>Ispunite prijavu<\/strong>: Obi\u010dno se mora ispuniti poseban obrazac.<\/li>\n\n\n\n<li><strong>Pri\u010dekajte analizu<\/strong>: gradska vije\u0107nica \u0107e procijeniti dokumente i, ako budu odobreni, bit \u0107e odobrena naknada.<\/li>\n<\/ol>\n\n\n\n<p>Dakle, ne gubite vrijeme sastavljaju\u0107i sve unaprijed kako biste izbjegli ka\u0161njenja.<\/p>\n\n\n\n<h2 class=\"wp-block-heading\">Va\u017eni dokumenti<\/h2>\n\n\n\n<p>Naravno, kako biste osigurali da proces te\u010de glatko, morate prikupiti sve potrebne dokumente. <\/p>\n\n\n\n<p>Mogu se tra\u017eiti i neki dodatni dokumenti, poput izjave o isklju\u010divom kori\u0161tenju nekretnine za stanovanje.<\/p>\n\n\n\n<p>Stoga vrijedi provjeriti web stranicu gradske vije\u0107nice za potpuni popis zahtjeva.<\/p>\n\n\n\n<h2 class=\"wp-block-heading\">Prednosti IPTU izuze\u0107a<\/h2>\n\n\n\n<p>Uz o\u010dite prora\u010dunske u\u0161tede, IPTU izuze\u0107e omogu\u0107uje starijim osobama i umirovljenicima ve\u0107u bezbri\u017enost kada ula\u017eu svoja sredstva u bitne stavke, kao \u0161to su zdravstvena skrb, lijekovi i hrana.<\/p>\n\n\n\n<p>Svakako, ovo je na\u010din da se ubla\u017ee financijske pote\u0161ko\u0107e s kojima se suo\u010davaju mnogi ljudi u ovoj dobnoj skupini.<\/p>\n\n\n\n<h2 class=\"wp-block-heading\">Zaklju\u010dak<\/h2>\n\n\n\n<p>A <strong>IPTU izuze\u0107e za starije osobe i umirovljenike<\/strong> To je pravo koje mo\u017ee utjecati na prora\u010dun onih koji zadovolje kriterije. <\/p>\n\n\n\n<p>Ako smatrate da imate pravo na naknadu, obratite se gradskoj upravi i podnesite zahtjev.<\/p>\n\n\n\n<p>Uostalom, osiguranje ovog financijskog olak\u0161anja mo\u017ee osigurati vi\u0161e udobnosti i kvalitete \u017eivota na dnevnoj bazi!<\/p>","protected":false},"excerpt":{"rendered":"<p>Ovdje saznajte sve o IPTU izuze\u0107u za starije i umirovljenike, imate li pravo na njega i kako ga zatra\u017eiti. Svakako, IPTU izuze\u0107e je pogodnost koja se dodjeljuje u\u2026 <\/p>","protected":false},"author":14,"featured_media":1614,"comment_status":"closed","ping_status":"closed","sticky":false,"template":"","format":"standard","meta":{"footnotes":""},"categories":[381],"tags":[1019,1052,1051,1048,1049,1050],"class_list":["post-1611","post","type-post","status-publish","format-standard","has-post-thumbnail","hentry","category-social","tag-beneficio","tag-iptu-aposentados","tag-isencao-de-iptu-para-idosos-e-aposentados","tag-tarifa-social","tag-tarifa-social-de-energia-eletrica-como-funciona-e-quem-tem-direito","tag-tarifa-social-energia-eletrica","latest_post"],"yoast_head":"<!-- This site is optimized with the Yoast SEO plugin v26.8 - https:\/\/yoast.com\/product\/yoast-seo-wordpress\/ -->\n<title>Isen\u00e7\u00e3o de IPTU para Idosos e Aposentados - Economia Portal<\/title>\n<meta name=\"description\" content=\"Descubra aqui tudo sobre a Isen\u00e7\u00e3o de IPTU para Idosos e Aposentados, se voc\u00ea tem o direito e como solicitar.\" \/>\n<meta name=\"robots\" content=\"index, follow, max-snippet:-1, max-image-preview:large, max-video-preview:-1\" \/>\n<link rel=\"canonical\" href=\"https:\/\/economiaportal.com\/hr\/1611\/oslobodenje-od-poreza-na-imovinu-za-starije-gradane-i-umirovljenike\/\" \/>\n<meta property=\"og:locale\" content=\"hr_HR\" \/>\n<meta property=\"og:type\" content=\"article\" \/>\n<meta property=\"og:title\" content=\"Isen\u00e7\u00e3o de IPTU para Idosos e Aposentados - Economia Portal\" \/>\n<meta property=\"og:description\" content=\"Descubra aqui tudo sobre a Isen\u00e7\u00e3o de IPTU para Idosos e Aposentados, se voc\u00ea tem o direito e como solicitar.\" \/>\n<meta property=\"og:url\" content=\"https:\/\/economiaportal.com\/hr\/1611\/oslobodenje-od-poreza-na-imovinu-za-starije-gradane-i-umirovljenike\/\" \/>\n<meta property=\"og:site_name\" content=\"Economia Portal\" \/>\n<meta property=\"article:published_time\" content=\"2024-11-28T18:47:21+00:00\" \/>\n<meta property=\"article:modified_time\" content=\"2024-11-28T19:27:30+00:00\" \/>\n<meta property=\"og:image\" content=\"https:\/\/economiaportal.com\/wp-content\/uploads\/2024\/11\/CAPA-APP-12.webp\" \/>\n\t<meta property=\"og:image:width\" content=\"1000\" \/>\n\t<meta property=\"og:image:height\" content=\"800\" \/>\n\t<meta property=\"og:image:type\" content=\"image\/webp\" \/>\n<meta name=\"author\" content=\"admin\" \/>\n<meta name=\"twitter:card\" content=\"summary_large_image\" \/>\n<meta name=\"twitter:label1\" content=\"Napisao\/la\" \/>\n\t<meta name=\"twitter:data1\" content=\"admin\" \/>\n\t<meta name=\"twitter:label2\" content=\"Procijenjeno vrijeme \u010ditanja\" \/>\n\t<meta name=\"twitter:data2\" content=\"4 minute\" \/>\n<script type=\"application\/ld+json\" class=\"yoast-schema-graph\">{\"@context\":\"https:\/\/schema.org\",\"@graph\":[{\"@type\":\"Article\",\"@id\":\"https:\/\/economiaportal.com\/1611\/isencao-de-iptu-para-idosos-e-aposentados\/#article\",\"isPartOf\":{\"@id\":\"https:\/\/economiaportal.com\/1611\/isencao-de-iptu-para-idosos-e-aposentados\/\"},\"author\":{\"name\":\"admin\",\"@id\":\"https:\/\/economiaportal.com\/#\/schema\/person\/1633c7ca22d836a68c8907ef39e510f5\"},\"headline\":\"Isen\u00e7\u00e3o de IPTU para Idosos e Aposentados\",\"datePublished\":\"2024-11-28T18:47:21+00:00\",\"dateModified\":\"2024-11-28T19:27:30+00:00\",\"mainEntityOfPage\":{\"@id\":\"https:\/\/economiaportal.com\/1611\/isencao-de-iptu-para-idosos-e-aposentados\/\"},\"wordCount\":728,\"publisher\":{\"@id\":\"https:\/\/economiaportal.com\/#organization\"},\"image\":{\"@id\":\"https:\/\/economiaportal.com\/1611\/isencao-de-iptu-para-idosos-e-aposentados\/#primaryimage\"},\"thumbnailUrl\":\"https:\/\/economiaportal.com\/wp-content\/uploads\/2024\/11\/CAPA-APP-12.webp\",\"keywords\":[\"Benef\u00edcio\",\"IPTU Aposentados\",\"Isen\u00e7\u00e3o de IPTU para Idosos e Aposentados\",\"Tarifa Social\",\"Tarifa Social de Energia El\u00e9trica: Como Funciona e Quem Tem Direito\",\"Tarifa social energia el\u00e9trica\"],\"articleSection\":[\"Social\"],\"inLanguage\":\"hr\"},{\"@type\":\"WebPage\",\"@id\":\"https:\/\/economiaportal.com\/1611\/isencao-de-iptu-para-idosos-e-aposentados\/\",\"url\":\"https:\/\/economiaportal.com\/1611\/isencao-de-iptu-para-idosos-e-aposentados\/\",\"name\":\"Isen\u00e7\u00e3o de IPTU para Idosos e Aposentados - Economia Portal\",\"isPartOf\":{\"@id\":\"https:\/\/economiaportal.com\/#website\"},\"primaryImageOfPage\":{\"@id\":\"https:\/\/economiaportal.com\/1611\/isencao-de-iptu-para-idosos-e-aposentados\/#primaryimage\"},\"image\":{\"@id\":\"https:\/\/economiaportal.com\/1611\/isencao-de-iptu-para-idosos-e-aposentados\/#primaryimage\"},\"thumbnailUrl\":\"https:\/\/economiaportal.com\/wp-content\/uploads\/2024\/11\/CAPA-APP-12.webp\",\"datePublished\":\"2024-11-28T18:47:21+00:00\",\"dateModified\":\"2024-11-28T19:27:30+00:00\",\"description\":\"Descubra aqui tudo sobre a Isen\u00e7\u00e3o de IPTU para Idosos e Aposentados, se voc\u00ea tem o direito e como solicitar.\",\"breadcrumb\":{\"@id\":\"https:\/\/economiaportal.com\/1611\/isencao-de-iptu-para-idosos-e-aposentados\/#breadcrumb\"},\"inLanguage\":\"hr\",\"potentialAction\":[{\"@type\":\"ReadAction\",\"target\":[\"https:\/\/economiaportal.com\/1611\/isencao-de-iptu-para-idosos-e-aposentados\/\"]}]},{\"@type\":\"ImageObject\",\"inLanguage\":\"hr\",\"@id\":\"https:\/\/economiaportal.com\/1611\/isencao-de-iptu-para-idosos-e-aposentados\/#primaryimage\",\"url\":\"https:\/\/economiaportal.com\/wp-content\/uploads\/2024\/11\/CAPA-APP-12.webp\",\"contentUrl\":\"https:\/\/economiaportal.com\/wp-content\/uploads\/2024\/11\/CAPA-APP-12.webp\",\"width\":1000,\"height\":800,\"caption\":\"Isen\u00e7\u00e3o de IPTU para Idosos e Aposentados\"},{\"@type\":\"BreadcrumbList\",\"@id\":\"https:\/\/economiaportal.com\/1611\/isencao-de-iptu-para-idosos-e-aposentados\/#breadcrumb\",\"itemListElement\":[{\"@type\":\"ListItem\",\"position\":1,\"name\":\"In\u00edcio\",\"item\":\"https:\/\/economiaportal.com\/\"},{\"@type\":\"ListItem\",\"position\":2,\"name\":\"Isen\u00e7\u00e3o de IPTU para Idosos e Aposentados\"}]},{\"@type\":\"WebSite\",\"@id\":\"https:\/\/economiaportal.com\/#website\",\"url\":\"https:\/\/economiaportal.com\/\",\"name\":\"Economia Portal\",\"description\":\"\",\"publisher\":{\"@id\":\"https:\/\/economiaportal.com\/#organization\"},\"potentialAction\":[{\"@type\":\"SearchAction\",\"target\":{\"@type\":\"EntryPoint\",\"urlTemplate\":\"https:\/\/economiaportal.com\/?s={search_term_string}\"},\"query-input\":{\"@type\":\"PropertyValueSpecification\",\"valueRequired\":true,\"valueName\":\"search_term_string\"}}],\"inLanguage\":\"hr\"},{\"@type\":\"Organization\",\"@id\":\"https:\/\/economiaportal.com\/#organization\",\"name\":\"Economia Portal\",\"url\":\"https:\/\/economiaportal.com\/\",\"logo\":{\"@type\":\"ImageObject\",\"inLanguage\":\"hr\",\"@id\":\"https:\/\/economiaportal.com\/#\/schema\/logo\/image\/\",\"url\":\"https:\/\/economiaportal.com\/wp-content\/uploads\/2024\/07\/cropped-Design-sem-nome.jpg\",\"contentUrl\":\"https:\/\/economiaportal.com\/wp-content\/uploads\/2024\/07\/cropped-Design-sem-nome.jpg\",\"width\":161,\"height\":45,\"caption\":\"Economia Portal\"},\"image\":{\"@id\":\"https:\/\/economiaportal.com\/#\/schema\/logo\/image\/\"}},{\"@type\":\"Person\",\"@id\":\"https:\/\/economiaportal.com\/#\/schema\/person\/1633c7ca22d836a68c8907ef39e510f5\",\"name\":\"admin\",\"image\":{\"@type\":\"ImageObject\",\"inLanguage\":\"hr\",\"@id\":\"https:\/\/economiaportal.com\/#\/schema\/person\/image\/\",\"url\":\"https:\/\/economiaportal.com\/wp-content\/litespeed\/avatar\/d8bb0a0d516772e3dd31e2f3e00e93bf.jpg?ver=1777005689\",\"contentUrl\":\"https:\/\/economiaportal.com\/wp-content\/litespeed\/avatar\/d8bb0a0d516772e3dd31e2f3e00e93bf.jpg?ver=1777005689\",\"caption\":\"admin\"},\"url\":\"https:\/\/economiaportal.com\/hr\/author\/admin\/\"}]}<\/script>\n<!-- \/ Yoast SEO plugin. -->","yoast_head_json":{"title":"Oslobo\u0111enje od poreza na imovinu za starije osobe i umirovljenike - Gospodarski portal","description":"Ovdje otkrijte sve o oslobo\u0111enju od poreza na imovinu (IPTU) za starije osobe i umirovljenike, ispunjavate li uvjete i kako se prijaviti.","robots":{"index":"index","follow":"follow","max-snippet":"max-snippet:-1","max-image-preview":"max-image-preview:large","max-video-preview":"max-video-preview:-1"},"canonical":"https:\/\/economiaportal.com\/hr\/1611\/oslobodenje-od-poreza-na-imovinu-za-starije-gradane-i-umirovljenike\/","og_locale":"hr_HR","og_type":"article","og_title":"Isen\u00e7\u00e3o de IPTU para Idosos e Aposentados - Economia Portal","og_description":"Descubra aqui tudo sobre a Isen\u00e7\u00e3o de IPTU para Idosos e Aposentados, se voc\u00ea tem o direito e como solicitar.","og_url":"https:\/\/economiaportal.com\/hr\/1611\/oslobodenje-od-poreza-na-imovinu-za-starije-gradane-i-umirovljenike\/","og_site_name":"Economia Portal","article_published_time":"2024-11-28T18:47:21+00:00","article_modified_time":"2024-11-28T19:27:30+00:00","og_image":[{"width":1000,"height":800,"url":"https:\/\/economiaportal.com\/wp-content\/uploads\/2024\/11\/CAPA-APP-12.webp","type":"image\/webp"}],"author":"admin","twitter_card":"summary_large_image","twitter_misc":{"Napisao\/la":"admin","Procijenjeno vrijeme \u010ditanja":"4 minute"},"schema":{"@context":"https:\/\/schema.org","@graph":[{"@type":"Article","@id":"https:\/\/economiaportal.com\/1611\/isencao-de-iptu-para-idosos-e-aposentados\/#article","isPartOf":{"@id":"https:\/\/economiaportal.com\/1611\/isencao-de-iptu-para-idosos-e-aposentados\/"},"author":{"name":"admin","@id":"https:\/\/economiaportal.com\/#\/schema\/person\/1633c7ca22d836a68c8907ef39e510f5"},"headline":"Isen\u00e7\u00e3o de IPTU para Idosos e Aposentados","datePublished":"2024-11-28T18:47:21+00:00","dateModified":"2024-11-28T19:27:30+00:00","mainEntityOfPage":{"@id":"https:\/\/economiaportal.com\/1611\/isencao-de-iptu-para-idosos-e-aposentados\/"},"wordCount":728,"publisher":{"@id":"https:\/\/economiaportal.com\/#organization"},"image":{"@id":"https:\/\/economiaportal.com\/1611\/isencao-de-iptu-para-idosos-e-aposentados\/#primaryimage"},"thumbnailUrl":"https:\/\/economiaportal.com\/wp-content\/uploads\/2024\/11\/CAPA-APP-12.webp","keywords":["Benef\u00edcio","IPTU Aposentados","Isen\u00e7\u00e3o de IPTU para Idosos e Aposentados","Tarifa Social","Tarifa Social de Energia El\u00e9trica: Como Funciona e Quem Tem Direito","Tarifa social energia el\u00e9trica"],"articleSection":["Social"],"inLanguage":"hr"},{"@type":"WebPage","@id":"https:\/\/economiaportal.com\/1611\/isencao-de-iptu-para-idosos-e-aposentados\/","url":"https:\/\/economiaportal.com\/1611\/isencao-de-iptu-para-idosos-e-aposentados\/","name":"Oslobo\u0111enje od poreza na imovinu za starije osobe i umirovljenike - Gospodarski portal","isPartOf":{"@id":"https:\/\/economiaportal.com\/#website"},"primaryImageOfPage":{"@id":"https:\/\/economiaportal.com\/1611\/isencao-de-iptu-para-idosos-e-aposentados\/#primaryimage"},"image":{"@id":"https:\/\/economiaportal.com\/1611\/isencao-de-iptu-para-idosos-e-aposentados\/#primaryimage"},"thumbnailUrl":"https:\/\/economiaportal.com\/wp-content\/uploads\/2024\/11\/CAPA-APP-12.webp","datePublished":"2024-11-28T18:47:21+00:00","dateModified":"2024-11-28T19:27:30+00:00","description":"Ovdje otkrijte sve o oslobo\u0111enju od poreza na imovinu (IPTU) za starije osobe i umirovljenike, ispunjavate li uvjete i kako se prijaviti.","breadcrumb":{"@id":"https:\/\/economiaportal.com\/1611\/isencao-de-iptu-para-idosos-e-aposentados\/#breadcrumb"},"inLanguage":"hr","potentialAction":[{"@type":"ReadAction","target":["https:\/\/economiaportal.com\/1611\/isencao-de-iptu-para-idosos-e-aposentados\/"]}]},{"@type":"ImageObject","inLanguage":"hr","@id":"https:\/\/economiaportal.com\/1611\/isencao-de-iptu-para-idosos-e-aposentados\/#primaryimage","url":"https:\/\/economiaportal.com\/wp-content\/uploads\/2024\/11\/CAPA-APP-12.webp","contentUrl":"https:\/\/economiaportal.com\/wp-content\/uploads\/2024\/11\/CAPA-APP-12.webp","width":1000,"height":800,"caption":"Isen\u00e7\u00e3o de IPTU para Idosos e Aposentados"},{"@type":"BreadcrumbList","@id":"https:\/\/economiaportal.com\/1611\/isencao-de-iptu-para-idosos-e-aposentados\/#breadcrumb","itemListElement":[{"@type":"ListItem","position":1,"name":"In\u00edcio","item":"https:\/\/economiaportal.com\/"},{"@type":"ListItem","position":2,"name":"Isen\u00e7\u00e3o de IPTU para Idosos e Aposentados"}]},{"@type":"WebSite","@id":"https:\/\/economiaportal.com\/#website","url":"https:\/\/economiaportal.com\/","name":"Portal za gospodarstvo","description":"","publisher":{"@id":"https:\/\/economiaportal.com\/#organization"},"potentialAction":[{"@type":"SearchAction","target":{"@type":"EntryPoint","urlTemplate":"https:\/\/economiaportal.com\/?s={search_term_string}"},"query-input":{"@type":"PropertyValueSpecification","valueRequired":true,"valueName":"search_term_string"}}],"inLanguage":"hr"},{"@type":"Organization","@id":"https:\/\/economiaportal.com\/#organization","name":"Portal za gospodarstvo","url":"https:\/\/economiaportal.com\/","logo":{"@type":"ImageObject","inLanguage":"hr","@id":"https:\/\/economiaportal.com\/#\/schema\/logo\/image\/","url":"https:\/\/economiaportal.com\/wp-content\/uploads\/2024\/07\/cropped-Design-sem-nome.jpg","contentUrl":"https:\/\/economiaportal.com\/wp-content\/uploads\/2024\/07\/cropped-Design-sem-nome.jpg","width":161,"height":45,"caption":"Economia Portal"},"image":{"@id":"https:\/\/economiaportal.com\/#\/schema\/logo\/image\/"}},{"@type":"Person","@id":"https:\/\/economiaportal.com\/#\/schema\/person\/1633c7ca22d836a68c8907ef39e510f5","name":"admin","image":{"@type":"ImageObject","inLanguage":"hr","@id":"https:\/\/economiaportal.com\/#\/schema\/person\/image\/","url":"https:\/\/economiaportal.com\/wp-content\/litespeed\/avatar\/d8bb0a0d516772e3dd31e2f3e00e93bf.jpg?ver=1777005689","contentUrl":"https:\/\/economiaportal.com\/wp-content\/litespeed\/avatar\/d8bb0a0d516772e3dd31e2f3e00e93bf.jpg?ver=1777005689","caption":"admin"},"url":"https:\/\/economiaportal.com\/hr\/author\/admin\/"}]}},"_links":{"self":[{"href":"https:\/\/economiaportal.com\/hr\/wp-json\/wp\/v2\/posts\/1611","targetHints":{"allow":["GET"]}}],"collection":[{"href":"https:\/\/economiaportal.com\/hr\/wp-json\/wp\/v2\/posts"}],"about":[{"href":"https:\/\/economiaportal.com\/hr\/wp-json\/wp\/v2\/types\/post"}],"author":[{"embeddable":true,"href":"https:\/\/economiaportal.com\/hr\/wp-json\/wp\/v2\/users\/14"}],"replies":[{"embeddable":true,"href":"https:\/\/economiaportal.com\/hr\/wp-json\/wp\/v2\/comments?post=1611"}],"version-history":[{"count":3,"href":"https:\/\/economiaportal.com\/hr\/wp-json\/wp\/v2\/posts\/1611\/revisions"}],"predecessor-version":[{"id":1615,"href":"https:\/\/economiaportal.com\/hr\/wp-json\/wp\/v2\/posts\/1611\/revisions\/1615"}],"wp:featuredmedia":[{"embeddable":true,"href":"https:\/\/economiaportal.com\/hr\/wp-json\/wp\/v2\/media\/1614"}],"wp:attachment":[{"href":"https:\/\/economiaportal.com\/hr\/wp-json\/wp\/v2\/media?parent=1611"}],"wp:term":[{"taxonomy":"category","embeddable":true,"href":"https:\/\/economiaportal.com\/hr\/wp-json\/wp\/v2\/categories?post=1611"},{"taxonomy":"post_tag","embeddable":true,"href":"https:\/\/economiaportal.com\/hr\/wp-json\/wp\/v2\/tags?post=1611"}],"curies":[{"name":"radni list","href":"https:\/\/api.w.org\/{rel}","templated":true}]}}