{"id":1931,"date":"2025-03-11T18:20:58","date_gmt":"2025-03-11T15:20:58","guid":{"rendered":"https:\/\/economiaportal.com\/?p=1931"},"modified":"2025-04-23T18:59:06","modified_gmt":"2025-04-23T15:59:06","slug":"kako-promijeniti-boje-na-facebooku","status":"publish","type":"post","link":"https:\/\/economiaportal.com\/hr\/1931\/como-mudar-as-cores-do-facebook\/","title":{"rendered":"Kako promijeniti boje na Facebooku"},"content":{"rendered":"<p>Dakle, ako \u017eelite personalizirati svoj Facebook, <strong>Kako promijeniti boje na Facebooku<\/strong>, Ovdje imamo korak po korak, pro\u010ditajte sada.<\/p>\n\n\n\n<style>\n.botao-container {\n    display: flex;\n    justify-content: center;\n    margin: 20px 0; \/* Espa\u00e7amento opcional *\/\n}\n\n.botao-estilizado {\n    display: inline-block;\n    padding: 12px 24px;\n    font-size: 18px;\n    font-weight: bold;\n    font-family: Arial, sans-serif; \/* Fonte alterada para Arial *\/\n    color: white;\n    background: linear-gradient(145deg, #007bff, #0056b3);\n    border-radius: 8px;\n    box-shadow: 4px 4px 10px rgba(0, 0, 0, 0.2), \n                -2px -2px 5px rgba(255, 255, 255, 0.2);\n    text-decoration: none;\n    transition: all 0.3s ease-in-out;\n    text-align: center;\n}\n\n.botao-estilizado:hover {\n    background: linear-gradient(145deg, #0056b3, #004095);\n    box-shadow: 2px 2px 8px rgba(0, 0, 0, 0.3), \n                -1px -1px 4px rgba(255, 255, 255, 0.1);\n    transform: translateY(-3px);\n}\n<\/style>\n\n<div class=\"botao-container\">\n    <a href=\"https:\/\/play.google.com\/store\/apps\/details?id=com.facebook.katana\" class=\"botao-estilizado\">Promijeni boju Facebooka sada<\/a>\n<\/div>\n\n\n\n<p>Dakle, Facebook je jedna od najkori\u0161tenijih dru\u0161tvenih mre\u017ea na svijetu, ali njegovo karakteristi\u010dno plavo su\u010delje mo\u017ee postati repetitivno za mnoge korisnike. <\/p>\n\n\n\n<p>Na\u017ealost, platforma ne nudi izvorne opcije za prilagodbu boja, ali postoje na\u010dini za <strong>promijenite boje na Facebooku<\/strong> i u\u010diniti ga jedinstvenim i privla\u010dnijim.<\/p>\n\n\n\n<p>Dakle, ako \u017eelite promijeniti boje na Facebooku <strong>mobitel ili ra\u010dunalo<\/strong>, postoji nekoliko alternativa, od <strong>pro\u0161irenja preglednika, pokreta\u010di za Android i prilago\u0111ene aplikacije<\/strong>. <\/p>\n\n\n\n<p>Me\u0111utim, neke od ovih opcija vam \u010dak omogu\u0107uju promjenu <strong>Ikona Facebooka<\/strong>, \u0161to prilagodbu \u010dini jo\u0161 potpunijom.<\/p>\n\n\n\n<p>Dakle, u ovom vodi\u010du \u0107ete nau\u010diti <strong>Najbolji na\u010dini za promjenu boje na Facebooku<\/strong>, uklju\u010duju\u0107i sigurne metode i detaljne upute korak po korak za svako rje\u0161enje. <\/p>\n\n\n\n<p>Na kraju, nastavite \u010ditati i saznajte kako prilagoditi izgled svoje omiljene dru\u0161tvene mre\u017ee!<\/p>\n\n\n\n<h2 class=\"wp-block-heading\"><strong>1. Omogu\u0107ite tamni na\u010din rada na Facebooku<\/strong><\/h2>\n\n\n\n<p>Stoga je najjednostavniji i najsigurniji na\u010din promjene izgleda Facebooka aktiviranjem <strong>tamni na\u010din rada<\/strong>, koji zamjenjuje bijelu pozadinu tamnijim tonovima, pobolj\u0161avaju\u0107i vizualizaciju i smanjuju\u0107i potro\u0161nju baterije na mobilnim ure\u0111ajima.<\/p>\n\n\n\n<h3 class=\"wp-block-heading\"><strong>Korak-po-korak vodi\u010d za aktiviranje tamnog na\u010dina rada na Facebooku<\/strong><\/h3>\n\n\n\n<ol class=\"wp-block-list\">\n<li>Otvorite <strong>Facebook<\/strong> na va\u0161em mobitelu ili ra\u010dunalu.<\/li>\n\n\n\n<li>Dodirnite <strong>izbornik s tri retka<\/strong> (\u2630) u gornjem desnom kutu.<\/li>\n\n\n\n<li>Pristup <strong>Postavke i privatnost<\/strong>.<\/li>\n\n\n\n<li>Odaberite <strong>Tamni na\u010din rada<\/strong>.<\/li>\n\n\n\n<li>Odaberite izme\u0111u opcija <strong>Omogu\u0107eno<\/strong>, <strong>Onemogu\u0107eno<\/strong> ili <strong>Automatski<\/strong> (prema va\u0161em sustavu mobilnog telefona).<\/li>\n\n\n\n<li>Facebook \u0107e biti a\u017euriran s novim izgledom.<\/li>\n<\/ol>\n\n\n\n<p>Me\u0111utim, ova opcija je dostupna za <strong>Android, iOS i web verzija<\/strong>, \u0161to je najsigurniji i najbr\u017ei na\u010din za prilagodbu boja Facebooka.<\/p>\n\n\n\n<h2 class=\"wp-block-heading\"><strong>2. Kako promijeniti boju Facebooka pomo\u0107u pro\u0161irenja preglednika<\/strong><\/h2>\n\n\n\n<p>Dakle, za one koji koriste Facebook na svom ra\u010dunalu, <strong>pro\u0161irenja preglednika<\/strong> omogu\u0107uju vam promjenu boje i teme dru\u0161tvene mre\u017ee.<\/p>\n\n\n\n<h3 class=\"wp-block-heading\"><strong>Najbolja pro\u0161irenja za promjenu boja na Facebooku<\/strong><\/h3>\n\n\n\n<p><strong>Stilski<\/strong> \u2013 Omogu\u0107uje vam primjenu \u0161arenih tema na Facebook i druge web stranice.<br><strong>Promjena boja za Facebook<\/strong> \u2013 Mijenja boju Facebook su\u010delja u pregledniku.<br><strong>Tamni na\u010din rada<\/strong> \u2013 Omogu\u0107uje razli\u010dite tamne tonove i prilago\u0111ene na\u010dine rada.<\/p>\n\n\n\n<h3 class=\"wp-block-heading\"><strong>Korak-po-korak vodi\u010d za kori\u0161tenje stilskog pro\u0161irenja<\/strong><\/h3>\n\n\n\n<ol class=\"wp-block-list\">\n<li>Pristupite <strong>Chrome web trgovina<\/strong> ili Firefox pro\u0161irenja trgovine.<\/li>\n\n\n\n<li>Pretra\u017eivanje po ekstenziji <strong>Stilski<\/strong>.<\/li>\n\n\n\n<li>Instalirajte ekstenziju i aktivirajte je u svom pregledniku.<\/li>\n\n\n\n<li>Pristupite <strong>Facebook<\/strong> i kliknite na ikonu Stylish.<\/li>\n\n\n\n<li>Odaberite unaprijed konfiguriranu temu ili prilagodite boje po \u017eelji.<\/li>\n\n\n\n<li>Facebook \u0107e se automatski a\u017eurirati s novom bojom.<\/li>\n<\/ol>\n\n\n\n<p>Me\u0111utim, ovo je jedan od najlak\u0161ih na\u010dina za prilagodbu dru\u0161tvene mre\u017ee bez potrebe za vanjskim aplikacijama.<\/p>\n\n\n\n<h2 class=\"wp-block-heading\"><strong>3. Kako koristiti pokreta\u010de na Androidu za prilagodbu Facebooka<\/strong><\/h2>\n\n\n\n<p>Pa ako ho\u0107e\u0161 <strong>promijeni boju ikone na Facebooku<\/strong> i promijeniti su\u010delje aplikacije na svom mobitelu, u\u010dinkovita alternativa je kori\u0161tenje <strong>prilago\u0111eni pokreta\u010di<\/strong> za Android.<\/p>\n\n\n\n<h3 class=\"wp-block-heading\"><strong>Najbolji pokreta\u010di za prilago\u0111avanje ikona<\/strong><\/h3>\n\n\n\n<p><strong>Nova Pokreta\u010d<\/strong> \u2013 Potpuna prilagodba sustava.<br><strong>Apex Pokreta\u010d<\/strong> \u2013 Omogu\u0107uje vam promjenu ikona i tema na telefonu.<br><strong>Pametni pokreta\u010d<\/strong> \u2013 Fluidno i prilagodljivo su\u010delje.<\/p>\n\n\n\n<h3 class=\"wp-block-heading\"><strong>Korak-po-korak vodi\u010d za promjenu ikone na Facebooku<\/strong><\/h3>\n\n\n\n<ol class=\"wp-block-list\">\n<li>Preuzmite i instalirajte <strong>prilago\u0111eni pokreta\u010d<\/strong>.<\/li>\n\n\n\n<li>Pritisnite i dr\u017eite <strong>Ikona Facebooka<\/strong> na po\u010detnom zaslonu.<\/li>\n\n\n\n<li>Dodirnite <strong>Uredi<\/strong>.<\/li>\n\n\n\n<li>Odaberite novu ikonu ili je preuzmite <strong>prilago\u0111eni paket ikona<\/strong>.<\/li>\n\n\n\n<li>Potvrdite promjenu i pogledajte novi izgled Facebook ikone.<\/li>\n<\/ol>\n\n\n\n<p>Kona\u010dno, ova opcija vam omogu\u0107uje prilagodbu <strong>ne samo Facebook, ve\u0107 cijelo mobilno su\u010delje<\/strong>.<\/p>\n\n\n\n<h2 class=\"wp-block-heading\"><strong>4. Aplikacije za prilago\u0111avanje boja na Facebooku<\/strong><\/h2>\n\n\n\n<p>Stoga, osim ekstenzija i pokreta\u010da, neke aplikacije omogu\u0107uju vam izmjenu izgleda Facebooka, uklju\u010duju\u0107i prilago\u0111ene boje i teme.<\/p>\n\n\n\n<h3 class=\"wp-block-heading\"><strong>Najbolje aplikacije za prilagodbu Facebooka<\/strong><\/h3>\n\n\n\n<p><strong>Maki Plus<\/strong> \u2013 Lagana verzija Facebooka sa \u0161arenim temama.<br><strong>Folio za Facebook &amp; Messenger<\/strong> \u2013 Alternativna aplikacija s naprednim prilago\u0111avanjem.<br><strong>Prijateljski nastrojeno za Facebook<\/strong> \u2013 Prilagodljivo su\u010delje s ve\u0107om privatno\u0161\u0107u.<\/p>\n\n\n\n<h3 class=\"wp-block-heading\"><strong>Korak po korak vodi\u010d za kori\u0161tenje Maki Plus<\/strong><\/h3>\n\n\n\n<ol class=\"wp-block-list\">\n<li>Preuzmite aplikaciju <strong>Maki Plus<\/strong> u trgovini Google Play.<\/li>\n\n\n\n<li>Instalirajte i otvorite aplikaciju.<\/li>\n\n\n\n<li>Prijavite se na svoj Facebook ra\u010dun.<\/li>\n\n\n\n<li>Idite na postavke aplikacije i odaberite a <strong>\u0161arena tema<\/strong>.<\/li>\n\n\n\n<li>U\u017eivajte u Facebooku s novim su\u010deljem!<\/li>\n<\/ol>\n\n\n\n<h2 class=\"wp-block-heading\"><strong>Zaklju\u010dak<\/strong><\/h2>\n\n\n\n<p>Me\u0111utim, iako Facebook ne nudi mnogo izvornih opcija prilagodbe, postoji nekoliko na\u010dina za to. <strong>promijenite boje na Facebooku<\/strong> i dati dru\u0161tvenoj mre\u017ei moderniji i druga\u010diji izgled. <\/p>\n\n\n\n<p>Dakle, ako \u017eelite samo osnovno pode\u0161avanje, mo\u017eete uklju\u010diti <strong>tamni na\u010din rada<\/strong>Za naprednije promjene, pro\u0161irenja poput <strong>Stilski<\/strong> ili aplikacije poput <strong>Maki Plus<\/strong> su izvrsne alternative.<\/p>\n\n\n\n<p>Me\u0111utim, bez obzira na va\u0161 izbor, sada imate nekoliko mogu\u0107nosti <strong>prilagodite Facebook<\/strong> prema va\u0161em stilu. <\/p>\n\n\n\n<p>Kona\u010dno, odaberite najprikladniju metodu i u\u017eivajte u obnovljenom vizualnom iskustvu na najve\u0107oj dru\u0161tvenoj mre\u017ei na svijetu! \ud83c\udfa8\ud83d\udcf1<\/p>\n\n\n\n<p><\/p>","protected":false},"excerpt":{"rendered":"<p>Dakle, ako \u017eelite prilagoditi svoj Facebook, kako promijeniti boje na Facebooku, imamo korak po korak upute, pro\u010ditajte ih sada. Promijenite boju Facebooka sada Stoga,\u2026 <\/p>","protected":false},"author":14,"featured_media":0,"comment_status":"closed","ping_status":"closed","sticky":false,"template":"","format":"standard","meta":{"footnotes":""},"categories":[6],"tags":[607,1279,1278],"class_list":["post-1931","post","type-post","status-publish","format-standard","hentry","category-apps","tag-aplicativos","tag-cores","tag-facebook","latest_post"],"yoast_head":"<!-- This site is optimized with the Yoast SEO plugin v26.8 - https:\/\/yoast.com\/product\/yoast-seo-wordpress\/ -->\n<title>Como Mudar as Cores do Facebook - Economia Portal<\/title>\n<meta name=\"description\" content=\"Se Voc\u00ea Esta Procurando Personalizar Seu Facebook, Como Mudar as Cores do Facebook, Temos Aqui o Passo a Passo , Leia Agora\" \/>\n<meta name=\"robots\" content=\"index, follow, max-snippet:-1, max-image-preview:large, max-video-preview:-1\" \/>\n<link rel=\"canonical\" href=\"https:\/\/economiaportal.com\/hr\/1931\/kako-promijeniti-boje-na-facebooku\/\" \/>\n<meta property=\"og:locale\" content=\"hr_HR\" \/>\n<meta property=\"og:type\" content=\"article\" \/>\n<meta property=\"og:title\" content=\"Como Mudar as Cores do Facebook - Economia Portal\" \/>\n<meta property=\"og:description\" content=\"Se Voc\u00ea Esta Procurando Personalizar Seu Facebook, Como Mudar as Cores do Facebook, Temos Aqui o Passo a Passo , Leia Agora\" \/>\n<meta property=\"og:url\" content=\"https:\/\/economiaportal.com\/hr\/1931\/kako-promijeniti-boje-na-facebooku\/\" \/>\n<meta property=\"og:site_name\" content=\"Economia Portal\" \/>\n<meta property=\"article:published_time\" content=\"2025-03-11T15:20:58+00:00\" \/>\n<meta property=\"article:modified_time\" content=\"2025-04-23T15:59:06+00:00\" \/>\n<meta name=\"author\" content=\"admin\" \/>\n<meta name=\"twitter:card\" content=\"summary_large_image\" \/>\n<meta name=\"twitter:label1\" content=\"Napisao\/la\" \/>\n\t<meta name=\"twitter:data1\" content=\"admin\" \/>\n\t<meta name=\"twitter:label2\" content=\"Procijenjeno vrijeme \u010ditanja\" \/>\n\t<meta name=\"twitter:data2\" content=\"5 minuta\" \/>\n<script type=\"application\/ld+json\" class=\"yoast-schema-graph\">{\"@context\":\"https:\/\/schema.org\",\"@graph\":[{\"@type\":\"Article\",\"@id\":\"https:\/\/economiaportal.com\/1931\/como-mudar-as-cores-do-facebook\/#article\",\"isPartOf\":{\"@id\":\"https:\/\/economiaportal.com\/1931\/como-mudar-as-cores-do-facebook\/\"},\"author\":{\"name\":\"admin\",\"@id\":\"https:\/\/economiaportal.com\/#\/schema\/person\/1633c7ca22d836a68c8907ef39e510f5\"},\"headline\":\"Como Mudar as Cores do Facebook\",\"datePublished\":\"2025-03-11T15:20:58+00:00\",\"dateModified\":\"2025-04-23T15:59:06+00:00\",\"mainEntityOfPage\":{\"@id\":\"https:\/\/economiaportal.com\/1931\/como-mudar-as-cores-do-facebook\/\"},\"wordCount\":843,\"publisher\":{\"@id\":\"https:\/\/economiaportal.com\/#organization\"},\"keywords\":[\"aplicativos\",\"cores\",\"facebook\"],\"articleSection\":[\"Apps\"],\"inLanguage\":\"hr\"},{\"@type\":\"WebPage\",\"@id\":\"https:\/\/economiaportal.com\/1931\/como-mudar-as-cores-do-facebook\/\",\"url\":\"https:\/\/economiaportal.com\/1931\/como-mudar-as-cores-do-facebook\/\",\"name\":\"Como Mudar as Cores do Facebook - Economia Portal\",\"isPartOf\":{\"@id\":\"https:\/\/economiaportal.com\/#website\"},\"datePublished\":\"2025-03-11T15:20:58+00:00\",\"dateModified\":\"2025-04-23T15:59:06+00:00\",\"description\":\"Se Voc\u00ea Esta Procurando Personalizar Seu Facebook, Como Mudar as Cores do Facebook, Temos Aqui o Passo a Passo , Leia Agora\",\"breadcrumb\":{\"@id\":\"https:\/\/economiaportal.com\/1931\/como-mudar-as-cores-do-facebook\/#breadcrumb\"},\"inLanguage\":\"hr\",\"potentialAction\":[{\"@type\":\"ReadAction\",\"target\":[\"https:\/\/economiaportal.com\/1931\/como-mudar-as-cores-do-facebook\/\"]}]},{\"@type\":\"BreadcrumbList\",\"@id\":\"https:\/\/economiaportal.com\/1931\/como-mudar-as-cores-do-facebook\/#breadcrumb\",\"itemListElement\":[{\"@type\":\"ListItem\",\"position\":1,\"name\":\"In\u00edcio\",\"item\":\"https:\/\/economiaportal.com\/\"},{\"@type\":\"ListItem\",\"position\":2,\"name\":\"Como Mudar as Cores do Facebook\"}]},{\"@type\":\"WebSite\",\"@id\":\"https:\/\/economiaportal.com\/#website\",\"url\":\"https:\/\/economiaportal.com\/\",\"name\":\"Economia Portal\",\"description\":\"\",\"publisher\":{\"@id\":\"https:\/\/economiaportal.com\/#organization\"},\"potentialAction\":[{\"@type\":\"SearchAction\",\"target\":{\"@type\":\"EntryPoint\",\"urlTemplate\":\"https:\/\/economiaportal.com\/?s={search_term_string}\"},\"query-input\":{\"@type\":\"PropertyValueSpecification\",\"valueRequired\":true,\"valueName\":\"search_term_string\"}}],\"inLanguage\":\"hr\"},{\"@type\":\"Organization\",\"@id\":\"https:\/\/economiaportal.com\/#organization\",\"name\":\"Economia Portal\",\"url\":\"https:\/\/economiaportal.com\/\",\"logo\":{\"@type\":\"ImageObject\",\"inLanguage\":\"hr\",\"@id\":\"https:\/\/economiaportal.com\/#\/schema\/logo\/image\/\",\"url\":\"https:\/\/economiaportal.com\/wp-content\/uploads\/2024\/07\/cropped-Design-sem-nome.jpg\",\"contentUrl\":\"https:\/\/economiaportal.com\/wp-content\/uploads\/2024\/07\/cropped-Design-sem-nome.jpg\",\"width\":161,\"height\":45,\"caption\":\"Economia Portal\"},\"image\":{\"@id\":\"https:\/\/economiaportal.com\/#\/schema\/logo\/image\/\"}},{\"@type\":\"Person\",\"@id\":\"https:\/\/economiaportal.com\/#\/schema\/person\/1633c7ca22d836a68c8907ef39e510f5\",\"name\":\"admin\",\"image\":{\"@type\":\"ImageObject\",\"inLanguage\":\"hr\",\"@id\":\"https:\/\/economiaportal.com\/#\/schema\/person\/image\/\",\"url\":\"https:\/\/economiaportal.com\/wp-content\/litespeed\/avatar\/d8bb0a0d516772e3dd31e2f3e00e93bf.jpg?ver=1777005689\",\"contentUrl\":\"https:\/\/economiaportal.com\/wp-content\/litespeed\/avatar\/d8bb0a0d516772e3dd31e2f3e00e93bf.jpg?ver=1777005689\",\"caption\":\"admin\"},\"url\":\"https:\/\/economiaportal.com\/hr\/author\/admin\/\"}]}<\/script>\n<!-- \/ Yoast SEO plugin. -->","yoast_head_json":{"title":"Kako promijeniti boje na Facebooku - Ekonomski portal","description":"Ako \u017eelite prilagoditi svoj Facebook, primjerice kako promijeniti boje na Facebooku, ovdje imamo vodi\u010d korak po korak. Pro\u010ditajte odmah.","robots":{"index":"index","follow":"follow","max-snippet":"max-snippet:-1","max-image-preview":"max-image-preview:large","max-video-preview":"max-video-preview:-1"},"canonical":"https:\/\/economiaportal.com\/hr\/1931\/kako-promijeniti-boje-na-facebooku\/","og_locale":"hr_HR","og_type":"article","og_title":"Como Mudar as Cores do Facebook - Economia Portal","og_description":"Se Voc\u00ea Esta Procurando Personalizar Seu Facebook, Como Mudar as Cores do Facebook, Temos Aqui o Passo a Passo , Leia Agora","og_url":"https:\/\/economiaportal.com\/hr\/1931\/kako-promijeniti-boje-na-facebooku\/","og_site_name":"Economia Portal","article_published_time":"2025-03-11T15:20:58+00:00","article_modified_time":"2025-04-23T15:59:06+00:00","author":"admin","twitter_card":"summary_large_image","twitter_misc":{"Napisao\/la":"admin","Procijenjeno vrijeme \u010ditanja":"5 minuta"},"schema":{"@context":"https:\/\/schema.org","@graph":[{"@type":"Article","@id":"https:\/\/economiaportal.com\/1931\/como-mudar-as-cores-do-facebook\/#article","isPartOf":{"@id":"https:\/\/economiaportal.com\/1931\/como-mudar-as-cores-do-facebook\/"},"author":{"name":"admin","@id":"https:\/\/economiaportal.com\/#\/schema\/person\/1633c7ca22d836a68c8907ef39e510f5"},"headline":"Como Mudar as Cores do Facebook","datePublished":"2025-03-11T15:20:58+00:00","dateModified":"2025-04-23T15:59:06+00:00","mainEntityOfPage":{"@id":"https:\/\/economiaportal.com\/1931\/como-mudar-as-cores-do-facebook\/"},"wordCount":843,"publisher":{"@id":"https:\/\/economiaportal.com\/#organization"},"keywords":["aplicativos","cores","facebook"],"articleSection":["Apps"],"inLanguage":"hr"},{"@type":"WebPage","@id":"https:\/\/economiaportal.com\/1931\/como-mudar-as-cores-do-facebook\/","url":"https:\/\/economiaportal.com\/1931\/como-mudar-as-cores-do-facebook\/","name":"Kako promijeniti boje na Facebooku - Ekonomski portal","isPartOf":{"@id":"https:\/\/economiaportal.com\/#website"},"datePublished":"2025-03-11T15:20:58+00:00","dateModified":"2025-04-23T15:59:06+00:00","description":"Ako \u017eelite prilagoditi svoj Facebook, primjerice kako promijeniti boje na Facebooku, ovdje imamo vodi\u010d korak po korak. Pro\u010ditajte odmah.","breadcrumb":{"@id":"https:\/\/economiaportal.com\/1931\/como-mudar-as-cores-do-facebook\/#breadcrumb"},"inLanguage":"hr","potentialAction":[{"@type":"ReadAction","target":["https:\/\/economiaportal.com\/1931\/como-mudar-as-cores-do-facebook\/"]}]},{"@type":"BreadcrumbList","@id":"https:\/\/economiaportal.com\/1931\/como-mudar-as-cores-do-facebook\/#breadcrumb","itemListElement":[{"@type":"ListItem","position":1,"name":"In\u00edcio","item":"https:\/\/economiaportal.com\/"},{"@type":"ListItem","position":2,"name":"Como Mudar as Cores do Facebook"}]},{"@type":"WebSite","@id":"https:\/\/economiaportal.com\/#website","url":"https:\/\/economiaportal.com\/","name":"Portal za gospodarstvo","description":"","publisher":{"@id":"https:\/\/economiaportal.com\/#organization"},"potentialAction":[{"@type":"SearchAction","target":{"@type":"EntryPoint","urlTemplate":"https:\/\/economiaportal.com\/?s={search_term_string}"},"query-input":{"@type":"PropertyValueSpecification","valueRequired":true,"valueName":"search_term_string"}}],"inLanguage":"hr"},{"@type":"Organization","@id":"https:\/\/economiaportal.com\/#organization","name":"Portal za gospodarstvo","url":"https:\/\/economiaportal.com\/","logo":{"@type":"ImageObject","inLanguage":"hr","@id":"https:\/\/economiaportal.com\/#\/schema\/logo\/image\/","url":"https:\/\/economiaportal.com\/wp-content\/uploads\/2024\/07\/cropped-Design-sem-nome.jpg","contentUrl":"https:\/\/economiaportal.com\/wp-content\/uploads\/2024\/07\/cropped-Design-sem-nome.jpg","width":161,"height":45,"caption":"Economia Portal"},"image":{"@id":"https:\/\/economiaportal.com\/#\/schema\/logo\/image\/"}},{"@type":"Person","@id":"https:\/\/economiaportal.com\/#\/schema\/person\/1633c7ca22d836a68c8907ef39e510f5","name":"admin","image":{"@type":"ImageObject","inLanguage":"hr","@id":"https:\/\/economiaportal.com\/#\/schema\/person\/image\/","url":"https:\/\/economiaportal.com\/wp-content\/litespeed\/avatar\/d8bb0a0d516772e3dd31e2f3e00e93bf.jpg?ver=1777005689","contentUrl":"https:\/\/economiaportal.com\/wp-content\/litespeed\/avatar\/d8bb0a0d516772e3dd31e2f3e00e93bf.jpg?ver=1777005689","caption":"admin"},"url":"https:\/\/economiaportal.com\/hr\/author\/admin\/"}]}},"_links":{"self":[{"href":"https:\/\/economiaportal.com\/hr\/wp-json\/wp\/v2\/posts\/1931","targetHints":{"allow":["GET"]}}],"collection":[{"href":"https:\/\/economiaportal.com\/hr\/wp-json\/wp\/v2\/posts"}],"about":[{"href":"https:\/\/economiaportal.com\/hr\/wp-json\/wp\/v2\/types\/post"}],"author":[{"embeddable":true,"href":"https:\/\/economiaportal.com\/hr\/wp-json\/wp\/v2\/users\/14"}],"replies":[{"embeddable":true,"href":"https:\/\/economiaportal.com\/hr\/wp-json\/wp\/v2\/comments?post=1931"}],"version-history":[{"count":4,"href":"https:\/\/economiaportal.com\/hr\/wp-json\/wp\/v2\/posts\/1931\/revisions"}],"predecessor-version":[{"id":2034,"href":"https:\/\/economiaportal.com\/hr\/wp-json\/wp\/v2\/posts\/1931\/revisions\/2034"}],"wp:attachment":[{"href":"https:\/\/economiaportal.com\/hr\/wp-json\/wp\/v2\/media?parent=1931"}],"wp:term":[{"taxonomy":"category","embeddable":true,"href":"https:\/\/economiaportal.com\/hr\/wp-json\/wp\/v2\/categories?post=1931"},{"taxonomy":"post_tag","embeddable":true,"href":"https:\/\/economiaportal.com\/hr\/wp-json\/wp\/v2\/tags?post=1931"}],"curies":[{"name":"radni list","href":"https:\/\/api.w.org\/{rel}","templated":true}]}}