{"id":2234,"date":"2025-04-30T16:14:52","date_gmt":"2025-04-30T13:14:52","guid":{"rendered":"https:\/\/economiaportal.com\/?p=2234"},"modified":"2025-04-30T16:14:53","modified_gmt":"2025-04-30T13:14:53","slug":"tko-ce-biti-novi-papa-2","status":"publish","type":"post","link":"https:\/\/economiaportal.com\/hr\/2234\/quem-sera-o-novo-papa\/","title":{"rendered":"Tko \u0107e biti novi Papa?"},"content":{"rendered":"<p><strong>Tko \u0107e biti novi Papa? <\/strong>Razumjeti iza kulisa Konklave i politi\u010dki utjecaj iza izbora Franjinog nasljednika.<\/p>\n\n\n\n<style>\n.botao-container {\n    display: flex;\n    justify-content: center;\n    margin: 20px 0; \/* Espa\u00e7amento opcional *\/\n}\n\n.botao-estilizado {\n    display: inline-block;\n    padding: 12px 24px;\n    font-size: 18px;\n    font-weight: bold;\n    font-family: Arial, sans-serif; \/* Fonte Arial *\/\n    color: white;\n    background: linear-gradient(145deg, #FFC107, #FF8F00); \/* Tons amarelos e \u00e2mbar do Google *\/\n    border-radius: 8px;\n    box-shadow: 4px 4px 10px rgba(0, 0, 0, 0.2), \n                -2px -2px 5px rgba(255, 255, 255, 0.2);\n    text-decoration: none;\n    transition: all 0.3s ease-in-out;\n    text-align: center;\n}\n\n.botao-estilizado:hover {\n    background: linear-gradient(145deg, #FF8F00, #FF6F00); \/* Tom \u00e2mbar mais escuro no hover *\/\n    box-shadow: 2px 2px 8px rgba(0, 0, 0, 0.3), \n                -1px -1px 4px rgba(255, 255, 255, 0.1);\n    transform: translateY(-3px);\n}\n<\/style>\n\n<div class=\"botao-container\">\n    <a href=\"https:\/\/economiaportal.com\/hr\/\" class=\"botao-estilizado\">Otkrijte vi\u0161e<\/a>\n<\/div>\n\n\n\n<h2 class=\"wp-block-heading\">Povijesni trenutak koji odlu\u010duje o budu\u0107nosti Crkve<\/h2>\n\n\n\n<p>Svakako, smrt <strong>Papa Franjo<\/strong> Ozna\u010dava ne samo kraj pontifikata, ve\u0107 i po\u010detak jednog od najsve\u010danijih i najmisterioznijih doga\u0111aja u katoli\u010danstvu: izbor novog poglavara Crkve.<br><br>Stoga svijet okre\u0107e pogled prema <strong>Vatikan<\/strong>, dok se kardinali iz cijelog svijeta pripremaju za sudjelovanje u <strong>Konklava<\/strong>, proces koji \u0107e odrediti tko \u0107e zauzeti Petrovo prijestolje.<\/p>\n\n\n\n<p>Stoga, da bismo razumjeli <strong>Tko \u0107e biti novi Papa?<\/strong>, Bitno je razumjeti kako Konklava funkcionira, potrebne kriterije, politi\u010dke spletke iza kulisa i imena koja \u0107e najvjerojatnije preuzeti vodstvo vi\u0161e od... <strong>1,3 milijarde vjernika<\/strong> razasuti po svijetu.<\/p>\n\n\n\n<h2 class=\"wp-block-heading\">Kako funkcionira proces izbora novog pape?<\/h2>\n\n\n\n<h3 class=\"wp-block-heading\">Konklava: Gdje se doga\u0111a povijest<\/h3>\n\n\n\n<p>U po\u010detku, <strong>Konklava<\/strong> To je zatvoreni sastanak koji se odr\u017eava u <strong>Sikstinska kapela<\/strong>, u Vatikanu.<br>Me\u0111utim, samo kardinali s <strong>mla\u0111i od 80 godina<\/strong> Oni sudjeluju u glasanju, kako je utvr\u0111eno va\u017ee\u0107im papinskim normama.<\/p>\n\n\n\n<p>Zatim, kardinali se zaklinju na apsolutnu tajnost i doslovno su izolirani od vanjskog svijeta.<br>Stoga su mobiteli, internet, radio i bilo koja sredstva komunikacije zabranjeni.<\/p>\n\n\n\n<p>Ubrzo nakon toga po\u010dinje glasanje.<br>Tako kardinali u svakom krugu upisuju ime svog odabranog kandidata na glasa\u010dki listi\u0107, koji se zatim pohranjuje u posebnu urnu.<\/p>\n\n\n\n<p>Me\u0111utim, tek kada kandidat do\u0111e do <strong>dvije tre\u0107ine va\u017ee\u0107ih glasova<\/strong> Progla\u0161en je Papom.<br>Ako se to ne dogodi unutar prva tri dana, kardinali uzimaju pauzu za molitvu i razmi\u0161ljanje, a zatim se vra\u0107aju na sjednice.<\/p>\n\n\n\n<h2 class=\"wp-block-heading\">Minimalni uvjeti za izbor pape<\/h2>\n\n\n\n<p>Uostalom, svaki kr\u0161teni \u010dovjek mo\u017ee biti izabran.<br>Me\u0111utim, u praksi je izabrani obi\u010dno kardinal koji je ve\u0107 poznat, cijenjen i ima veliki utjecaj u Crkvi.<\/p>\n\n\n\n<p>Stoga bi budu\u0107i Papa trebao biti:<\/p>\n\n\n\n<ul class=\"wp-block-list\">\n<li>\u010covjek vjere i zdravog nauka.<\/li>\n\n\n\n<li>Iskusan u vode\u0107im ulogama<\/li>\n\n\n\n<li>Te\u010dno govori nekoliko jezika<\/li>\n\n\n\n<li>Prepoznat po svom <strong>duhovnost, etika i pastoralna mudrost<\/strong><\/li>\n<\/ul>\n\n\n\n<p>\u0160tovi\u0161e, ako izabrani nije biskup, mora biti... <strong>odmah naru\u010deno<\/strong>, prije preuzimanja papinstva.<\/p>\n\n\n\n<h2 class=\"wp-block-heading\">Iza kulisa Konklave: Ono \u0161to nitko ne vidi<\/h2>\n\n\n\n<h3 class=\"wp-block-heading\">Utjecaj, veze i diskretni savezi.<\/h3>\n\n\n\n<p>Svakako, iako obavijena svetim ritualima, Konklava tako\u0111er ima svoj udio... <strong>unutarnja politi\u010dka koordinacija<\/strong>.<br>Tako utjecajni kardinali formiraju skupine sa sli\u010dnim stavovima o budu\u0107nosti Crkve.<\/p>\n\n\n\n<p>Stoga te \u201cstruje\u201d poku\u0161avaju uvjeriti druge kardinale da glasaju za imena koja predstavljaju njihove prioritete: <strong>unutarnje reforme, o\u010duvanje doktrine, otvorenost prema modernosti<\/strong>, izme\u0111u ostalih tema.<\/p>\n\n\n\n<p>U kona\u010dnici, iza kulisa, kru\u017ee neizravne poruke, simboli\u010dne indikacije, pa \u010dak i strate\u0161ki glasovi kako bi se eliminirali favoriti i favorizirali \u201ckonsenzusni kandidati\u201d.<\/p>\n\n\n\n<h2 class=\"wp-block-heading\">Politi\u010dki utjecaj na izbor pape<\/h2>\n\n\n\n<h3 class=\"wp-block-heading\">Vatikan, geosila i svjetski interesi<\/h3>\n\n\n\n<p>Me\u0111utim, politika ne ostaje ograni\u010dena zidovima Vatikana.<\/p>\n\n\n\n<p>Dakle, zemlje s velikim katoli\u010dkim stanovni\u0161tvom, kao \u0161to su <strong>Brazil, Italija, Filipini i Poljska<\/strong>, Navijaju za lokalne predstavnike, a uzima se u obzir i geopoliti\u010dka ravnote\u017ea.<\/p>\n\n\n\n<p>Me\u0111utim, novi Papa mora biti jedan od njih. <strong>simbol globalnog jedinstva<\/strong>, ...a to izravno utje\u010de na \u017eeljeni profil.<\/p>\n\n\n\n<p>Stoga, pitanja poput:<\/p>\n\n\n\n<ul class=\"wp-block-list\">\n<li><strong>Dijalog s drugim religijama<\/strong><\/li>\n\n\n\n<li><strong>Obrana ljudskih prava<\/strong><\/li>\n\n\n\n<li><strong>Stav prema ratu i siroma\u0161tvu<\/strong><\/li>\n\n\n\n<li><strong>Zauzimanje stava o kontroverznim dru\u0161tvenim pitanjima.<\/strong><\/li>\n<\/ul>\n\n\n\n<p>Oni uvelike utje\u010du na prihva\u0107anje kandidata me\u0111u kardinalima.<\/p>\n\n\n\n<h2 class=\"wp-block-heading\">Tko odlu\u010duje? Koliko ih je i kako glasaju?<\/h2>\n\n\n\n<p>Trenutno, otprilike <strong>120 kardinala bira\u010da<\/strong> Imaju pravo glasa.<br>Ove ljude su imenovali prethodni pape i oni predstavljaju <strong>svi kontinenti<\/strong>.<\/p>\n\n\n\n<p>Me\u0111utim, prevladavaju kardinali iz Europe, \u0161to i dalje utje\u010de na odluku.<\/p>\n\n\n\n<p>Stoga \u0107e Papa koji proiza\u0111e iz ove Konklave biti proizvod konsenzusa me\u0111u... <strong>razli\u010dite kulture, teolo\u0161ke struje i razli\u010diti dru\u0161tveni konteksti<\/strong>.<\/p>\n\n\n\n<h2 class=\"wp-block-heading\">Najpopularnija imena za novog papu<\/h2>\n\n\n\n<p>Zatim, glavni <strong>\u201c&quot;paparazit&quot;\u201d<\/strong>:<\/p>\n\n\n\n<h3 class=\"wp-block-heading\">1. <strong>Kardinal Matteo Zuppi (Italija)<\/strong><\/h3>\n\n\n\n<p>Zagovornik dijaloga, mira i socijalne uklju\u010denosti. Imao je zna\u010dajan utjecaj unutar europskog episkopata.<\/p>\n\n\n\n<h3 class=\"wp-block-heading\">2. <strong>kardinal Luis Antonio Tagle (Filipini)<\/strong><\/h3>\n\n\n\n<p>Omiljen od strane mladih i vrlo blizak stvarnosti Latinske Amerike.<\/p>\n\n\n\n<h3 class=\"wp-block-heading\">3. <strong>Kardinal Peter Turkson (Gana)<\/strong><\/h3>\n\n\n\n<p>Poznat po svom ekolo\u0161kom aktivizmu i predanosti siroma\u0161nima.<\/p>\n\n\n\n<h3 class=\"wp-block-heading\">4. <strong>kardinal Odilo Pedro Scherer (Brazil)<\/strong><\/h3>\n\n\n\n<p>Nadbiskup S\u00e3o Paula, po\u0161tovan u Vatikanu, istaknuta osoba na ju\u017enoj hemisferi.<\/p>\n\n\n\n<h3 class=\"wp-block-heading\">5. <strong>kardinal Christoph Sch\u00f6nborn (Austrija)<\/strong><\/h3>\n\n\n\n<p>Intelektualac i umjereni konzervativac. Ugledni i cijenjeni teolog u Rimu.<\/p>\n\n\n\n<p>Me\u0111utim, kao \u0161to se dogodilo s papom Franjom, <strong>Izabrani bi mogao iznenaditi svijet.<\/strong>.<\/p>\n\n\n\n<h2 class=\"wp-block-heading\">Postoji li rok za Konklavu?<\/h2>\n\n\n\n<p>Da.<br>Apostolska konstitucija odre\u0111uje da se konklava mora odr\u017eati izme\u0111u <strong>15 i 20 dana nakon Papine smrti<\/strong>.<br>To omogu\u0107uje vrijeme za \u017ealovanje, dolazak kardinala i organizaciju ceremonije.<\/p>\n\n\n\n<p>Stoga se izbori u prosjeku odr\u017eavaju <strong>izme\u0111u 3 i 5 dana glasanja<\/strong>.<\/p>\n\n\n\n<h2 class=\"wp-block-heading\">Uloga novog pape: Izme\u0111u neba i zemlje<\/h2>\n\n\n\n<p>Svakako, novi Papa \u0107e biti <strong>duhovni vo\u0111a Katoli\u010dke crkve<\/strong> a tako\u0111er i <strong>Vatikanski dr\u017eavni poglavar<\/strong>.<br>Nadalje, imat \u0107e sna\u017ean utjecaj na:<\/p>\n\n\n\n<ul class=\"wp-block-list\">\n<li><strong>Globalna politika<\/strong><\/li>\n\n\n\n<li><strong>Eti\u010dka i dru\u0161tvena pitanja<\/strong><\/li>\n\n\n\n<li><strong>Me\u0111ureligijski dijalozi<\/strong><\/li>\n\n\n\n<li><strong>Stav o ratovima, gladi i nepravdi.<\/strong><\/li>\n<\/ul>\n\n\n\n<p>Stoga, izbor nije samo crkveni.<br>Ona ima <strong>globalni utjecaj<\/strong>.<\/p>\n\n\n\n<h2 class=\"wp-block-heading\">Zaklju\u010dak: Novo poglavlje za Crkvu i za svijet<\/h2>\n\n\n\n<p>U kona\u010dnici, proces izbora novog pape je sveti, ali i duboko strate\u0161ki.<br>Svakako, doga\u0111aji iza kulisa Konklave otkrivaju da <strong>Vjera i politika idu ruku pod ruku.<\/strong> kada je u pitanju odlu\u010divanje o budu\u0107nosti Katoli\u010dke crkve.<\/p>\n\n\n\n<p>Stoga, pra\u0107enje svakog koraka ovog trenutka zna\u010di razumijevanje duhovnog, kulturnog i geopoliti\u010dkog utjecaja izbora za papu.<\/p>\n\n\n\n<p>Stoga \u0107emo nastaviti a\u017eurirati s novim \u010dlancima, popisima kandidata i prethodno neobjavljenim detaljima o naslje\u0111ivanju iza kulisa.<\/p>\n\n\n\n<p>Ako \u017eelite saznati vi\u0161e ili predlo\u017eiti temu, ostavite komentar ispod.<br>Ovdje smo za <strong>Prijevod Vatikana za va\u0161 svijet<\/strong>.<br><br><a href=\"https:\/\/economiaportal.com\/hr\/kategorija\/aktualni-dogadaji\/\">Vidi tako\u0111er\u2026<\/a><\/p>\n\n\n\n<p><\/p>","protected":false},"excerpt":{"rendered":"<p>Tko \u0107e biti novi Papa? Saznajte \u0161to se doga\u0111a iza kulisa Konklave i politi\u010dki utjecaj na izbor Franjinog nasljednika. Otkrijte jo\u0161 jedan povijesni trenutak koji odlu\u010duje\u2026 <\/p>","protected":false},"author":19,"featured_media":0,"comment_status":"closed","ping_status":"closed","sticky":false,"template":"","format":"standard","meta":{"footnotes":""},"categories":[6],"tags":[439,1488,1484,1482,1487],"class_list":["post-2234","post","type-post","status-publish","format-standard","hentry","category-apps","tag-aplicativo","tag-cardial","tag-papa","tag-roma","tag-sucessao","latest_post"],"yoast_head":"<!-- This site is optimized with the Yoast SEO plugin v26.8 - https:\/\/yoast.com\/product\/yoast-seo-wordpress\/ -->\n<title>Quem Ser\u00e1 o Novo Papa? - Economia Portal<\/title>\n<meta name=\"description\" content=\"Quem Ser\u00e1 o Novo Papa? Entenda os Bastidores do Conclave e a Influ\u00eancia Pol\u00edtica por Tr\u00e1s da Escolha do Sucessor de Francisco\" \/>\n<meta name=\"robots\" content=\"index, follow, max-snippet:-1, max-image-preview:large, max-video-preview:-1\" \/>\n<link rel=\"canonical\" href=\"https:\/\/economiaportal.com\/hr\/2234\/tko-ce-biti-novi-papa-2\/\" \/>\n<meta property=\"og:locale\" content=\"hr_HR\" \/>\n<meta property=\"og:type\" content=\"article\" \/>\n<meta property=\"og:title\" content=\"Quem Ser\u00e1 o Novo Papa? - Economia Portal\" \/>\n<meta property=\"og:description\" content=\"Quem Ser\u00e1 o Novo Papa? Entenda os Bastidores do Conclave e a Influ\u00eancia Pol\u00edtica por Tr\u00e1s da Escolha do Sucessor de Francisco\" \/>\n<meta property=\"og:url\" content=\"https:\/\/economiaportal.com\/hr\/2234\/tko-ce-biti-novi-papa-2\/\" \/>\n<meta property=\"og:site_name\" content=\"Economia Portal\" \/>\n<meta property=\"article:published_time\" content=\"2025-04-30T13:14:52+00:00\" \/>\n<meta property=\"article:modified_time\" content=\"2025-04-30T13:14:53+00:00\" \/>\n<meta name=\"author\" content=\"Isaac\" \/>\n<meta name=\"twitter:card\" content=\"summary_large_image\" \/>\n<meta name=\"twitter:label1\" content=\"Napisao\/la\" \/>\n\t<meta name=\"twitter:data1\" content=\"Isaac\" \/>\n\t<meta name=\"twitter:label2\" content=\"Procijenjeno vrijeme \u010ditanja\" \/>\n\t<meta name=\"twitter:data2\" content=\"6 minuta\" \/>\n<script type=\"application\/ld+json\" class=\"yoast-schema-graph\">{\"@context\":\"https:\/\/schema.org\",\"@graph\":[{\"@type\":\"Article\",\"@id\":\"https:\/\/economiaportal.com\/2234\/quem-sera-o-novo-papa\/#article\",\"isPartOf\":{\"@id\":\"https:\/\/economiaportal.com\/2234\/quem-sera-o-novo-papa\/\"},\"author\":{\"name\":\"Isaac\",\"@id\":\"https:\/\/economiaportal.com\/#\/schema\/person\/9330abe31ca5cda123112e1767c9a0bc\"},\"headline\":\"Quem Ser\u00e1 o Novo Papa?\",\"datePublished\":\"2025-04-30T13:14:52+00:00\",\"dateModified\":\"2025-04-30T13:14:53+00:00\",\"mainEntityOfPage\":{\"@id\":\"https:\/\/economiaportal.com\/2234\/quem-sera-o-novo-papa\/\"},\"wordCount\":1026,\"publisher\":{\"@id\":\"https:\/\/economiaportal.com\/#organization\"},\"keywords\":[\"aplicativo\",\"cardial\",\"papa\",\"roma\",\"sucess\u00e3o\"],\"articleSection\":[\"Apps\"],\"inLanguage\":\"hr\"},{\"@type\":\"WebPage\",\"@id\":\"https:\/\/economiaportal.com\/2234\/quem-sera-o-novo-papa\/\",\"url\":\"https:\/\/economiaportal.com\/2234\/quem-sera-o-novo-papa\/\",\"name\":\"Quem Ser\u00e1 o Novo Papa? - Economia Portal\",\"isPartOf\":{\"@id\":\"https:\/\/economiaportal.com\/#website\"},\"datePublished\":\"2025-04-30T13:14:52+00:00\",\"dateModified\":\"2025-04-30T13:14:53+00:00\",\"description\":\"Quem Ser\u00e1 o Novo Papa? Entenda os Bastidores do Conclave e a Influ\u00eancia Pol\u00edtica por Tr\u00e1s da Escolha do Sucessor de Francisco\",\"breadcrumb\":{\"@id\":\"https:\/\/economiaportal.com\/2234\/quem-sera-o-novo-papa\/#breadcrumb\"},\"inLanguage\":\"hr\",\"potentialAction\":[{\"@type\":\"ReadAction\",\"target\":[\"https:\/\/economiaportal.com\/2234\/quem-sera-o-novo-papa\/\"]}]},{\"@type\":\"BreadcrumbList\",\"@id\":\"https:\/\/economiaportal.com\/2234\/quem-sera-o-novo-papa\/#breadcrumb\",\"itemListElement\":[{\"@type\":\"ListItem\",\"position\":1,\"name\":\"In\u00edcio\",\"item\":\"https:\/\/economiaportal.com\/\"},{\"@type\":\"ListItem\",\"position\":2,\"name\":\"Quem Ser\u00e1 o Novo Papa?\"}]},{\"@type\":\"WebSite\",\"@id\":\"https:\/\/economiaportal.com\/#website\",\"url\":\"https:\/\/economiaportal.com\/\",\"name\":\"Economia Portal\",\"description\":\"\",\"publisher\":{\"@id\":\"https:\/\/economiaportal.com\/#organization\"},\"potentialAction\":[{\"@type\":\"SearchAction\",\"target\":{\"@type\":\"EntryPoint\",\"urlTemplate\":\"https:\/\/economiaportal.com\/?s={search_term_string}\"},\"query-input\":{\"@type\":\"PropertyValueSpecification\",\"valueRequired\":true,\"valueName\":\"search_term_string\"}}],\"inLanguage\":\"hr\"},{\"@type\":\"Organization\",\"@id\":\"https:\/\/economiaportal.com\/#organization\",\"name\":\"Economia Portal\",\"url\":\"https:\/\/economiaportal.com\/\",\"logo\":{\"@type\":\"ImageObject\",\"inLanguage\":\"hr\",\"@id\":\"https:\/\/economiaportal.com\/#\/schema\/logo\/image\/\",\"url\":\"https:\/\/economiaportal.com\/wp-content\/uploads\/2024\/07\/cropped-Design-sem-nome.jpg\",\"contentUrl\":\"https:\/\/economiaportal.com\/wp-content\/uploads\/2024\/07\/cropped-Design-sem-nome.jpg\",\"width\":161,\"height\":45,\"caption\":\"Economia Portal\"},\"image\":{\"@id\":\"https:\/\/economiaportal.com\/#\/schema\/logo\/image\/\"}},{\"@type\":\"Person\",\"@id\":\"https:\/\/economiaportal.com\/#\/schema\/person\/9330abe31ca5cda123112e1767c9a0bc\",\"name\":\"Isaac\",\"image\":{\"@type\":\"ImageObject\",\"inLanguage\":\"hr\",\"@id\":\"https:\/\/economiaportal.com\/#\/schema\/person\/image\/\",\"url\":\"https:\/\/economiaportal.com\/wp-content\/litespeed\/avatar\/af70d796a465de0de2b395cc700a1b9e.jpg?ver=1777030835\",\"contentUrl\":\"https:\/\/economiaportal.com\/wp-content\/litespeed\/avatar\/af70d796a465de0de2b395cc700a1b9e.jpg?ver=1777030835\",\"caption\":\"Isaac\"},\"url\":\"https:\/\/economiaportal.com\/hr\/author\/isaac\/\"}]}<\/script>\n<!-- \/ Yoast SEO plugin. -->","yoast_head_json":{"title":"Tko \u0107e biti novi Papa? - Gospodarski portal","description":"Tko \u0107e biti novi Papa? Razumjeti iza kulisa Konklave i politi\u010dki utjecaj iza izbora Franjinog nasljednika.","robots":{"index":"index","follow":"follow","max-snippet":"max-snippet:-1","max-image-preview":"max-image-preview:large","max-video-preview":"max-video-preview:-1"},"canonical":"https:\/\/economiaportal.com\/hr\/2234\/tko-ce-biti-novi-papa-2\/","og_locale":"hr_HR","og_type":"article","og_title":"Quem Ser\u00e1 o Novo Papa? - Economia Portal","og_description":"Quem Ser\u00e1 o Novo Papa? Entenda os Bastidores do Conclave e a Influ\u00eancia Pol\u00edtica por Tr\u00e1s da Escolha do Sucessor de Francisco","og_url":"https:\/\/economiaportal.com\/hr\/2234\/tko-ce-biti-novi-papa-2\/","og_site_name":"Economia Portal","article_published_time":"2025-04-30T13:14:52+00:00","article_modified_time":"2025-04-30T13:14:53+00:00","author":"Isaac","twitter_card":"summary_large_image","twitter_misc":{"Napisao\/la":"Isaac","Procijenjeno vrijeme \u010ditanja":"6 minuta"},"schema":{"@context":"https:\/\/schema.org","@graph":[{"@type":"Article","@id":"https:\/\/economiaportal.com\/2234\/quem-sera-o-novo-papa\/#article","isPartOf":{"@id":"https:\/\/economiaportal.com\/2234\/quem-sera-o-novo-papa\/"},"author":{"name":"Isaac","@id":"https:\/\/economiaportal.com\/#\/schema\/person\/9330abe31ca5cda123112e1767c9a0bc"},"headline":"Quem Ser\u00e1 o Novo Papa?","datePublished":"2025-04-30T13:14:52+00:00","dateModified":"2025-04-30T13:14:53+00:00","mainEntityOfPage":{"@id":"https:\/\/economiaportal.com\/2234\/quem-sera-o-novo-papa\/"},"wordCount":1026,"publisher":{"@id":"https:\/\/economiaportal.com\/#organization"},"keywords":["aplicativo","cardial","papa","roma","sucess\u00e3o"],"articleSection":["Apps"],"inLanguage":"hr"},{"@type":"WebPage","@id":"https:\/\/economiaportal.com\/2234\/quem-sera-o-novo-papa\/","url":"https:\/\/economiaportal.com\/2234\/quem-sera-o-novo-papa\/","name":"Tko \u0107e biti novi Papa? - Gospodarski portal","isPartOf":{"@id":"https:\/\/economiaportal.com\/#website"},"datePublished":"2025-04-30T13:14:52+00:00","dateModified":"2025-04-30T13:14:53+00:00","description":"Tko \u0107e biti novi Papa? Razumjeti iza kulisa Konklave i politi\u010dki utjecaj iza izbora Franjinog nasljednika.","breadcrumb":{"@id":"https:\/\/economiaportal.com\/2234\/quem-sera-o-novo-papa\/#breadcrumb"},"inLanguage":"hr","potentialAction":[{"@type":"ReadAction","target":["https:\/\/economiaportal.com\/2234\/quem-sera-o-novo-papa\/"]}]},{"@type":"BreadcrumbList","@id":"https:\/\/economiaportal.com\/2234\/quem-sera-o-novo-papa\/#breadcrumb","itemListElement":[{"@type":"ListItem","position":1,"name":"In\u00edcio","item":"https:\/\/economiaportal.com\/"},{"@type":"ListItem","position":2,"name":"Quem Ser\u00e1 o Novo Papa?"}]},{"@type":"WebSite","@id":"https:\/\/economiaportal.com\/#website","url":"https:\/\/economiaportal.com\/","name":"Portal za gospodarstvo","description":"","publisher":{"@id":"https:\/\/economiaportal.com\/#organization"},"potentialAction":[{"@type":"SearchAction","target":{"@type":"EntryPoint","urlTemplate":"https:\/\/economiaportal.com\/?s={search_term_string}"},"query-input":{"@type":"PropertyValueSpecification","valueRequired":true,"valueName":"search_term_string"}}],"inLanguage":"hr"},{"@type":"Organization","@id":"https:\/\/economiaportal.com\/#organization","name":"Portal za gospodarstvo","url":"https:\/\/economiaportal.com\/","logo":{"@type":"ImageObject","inLanguage":"hr","@id":"https:\/\/economiaportal.com\/#\/schema\/logo\/image\/","url":"https:\/\/economiaportal.com\/wp-content\/uploads\/2024\/07\/cropped-Design-sem-nome.jpg","contentUrl":"https:\/\/economiaportal.com\/wp-content\/uploads\/2024\/07\/cropped-Design-sem-nome.jpg","width":161,"height":45,"caption":"Economia Portal"},"image":{"@id":"https:\/\/economiaportal.com\/#\/schema\/logo\/image\/"}},{"@type":"Person","@id":"https:\/\/economiaportal.com\/#\/schema\/person\/9330abe31ca5cda123112e1767c9a0bc","name":"Izak","image":{"@type":"ImageObject","inLanguage":"hr","@id":"https:\/\/economiaportal.com\/#\/schema\/person\/image\/","url":"https:\/\/economiaportal.com\/wp-content\/litespeed\/avatar\/af70d796a465de0de2b395cc700a1b9e.jpg?ver=1777030835","contentUrl":"https:\/\/economiaportal.com\/wp-content\/litespeed\/avatar\/af70d796a465de0de2b395cc700a1b9e.jpg?ver=1777030835","caption":"Isaac"},"url":"https:\/\/economiaportal.com\/hr\/author\/isaac\/"}]}},"_links":{"self":[{"href":"https:\/\/economiaportal.com\/hr\/wp-json\/wp\/v2\/posts\/2234","targetHints":{"allow":["GET"]}}],"collection":[{"href":"https:\/\/economiaportal.com\/hr\/wp-json\/wp\/v2\/posts"}],"about":[{"href":"https:\/\/economiaportal.com\/hr\/wp-json\/wp\/v2\/types\/post"}],"author":[{"embeddable":true,"href":"https:\/\/economiaportal.com\/hr\/wp-json\/wp\/v2\/users\/19"}],"replies":[{"embeddable":true,"href":"https:\/\/economiaportal.com\/hr\/wp-json\/wp\/v2\/comments?post=2234"}],"version-history":[{"count":2,"href":"https:\/\/economiaportal.com\/hr\/wp-json\/wp\/v2\/posts\/2234\/revisions"}],"predecessor-version":[{"id":2239,"href":"https:\/\/economiaportal.com\/hr\/wp-json\/wp\/v2\/posts\/2234\/revisions\/2239"}],"wp:attachment":[{"href":"https:\/\/economiaportal.com\/hr\/wp-json\/wp\/v2\/media?parent=2234"}],"wp:term":[{"taxonomy":"category","embeddable":true,"href":"https:\/\/economiaportal.com\/hr\/wp-json\/wp\/v2\/categories?post=2234"},{"taxonomy":"post_tag","embeddable":true,"href":"https:\/\/economiaportal.com\/hr\/wp-json\/wp\/v2\/tags?post=2234"}],"curies":[{"name":"radni list","href":"https:\/\/api.w.org\/{rel}","templated":true}]}}