{"id":2224,"date":"2025-04-25T14:28:02","date_gmt":"2025-04-25T11:28:02","guid":{"rendered":"https:\/\/economiaportal.com\/?p=2224"},"modified":"2025-04-25T14:28:02","modified_gmt":"2025-04-25T11:28:02","slug":"hogyan-nezhetjuk-meg-ferenc-papa-virrasztasat","status":"publish","type":"post","link":"https:\/\/economiaportal.com\/hu\/2224\/como-assistir-ao-velorio-do-papa-francisco\/","title":{"rendered":"Hogyan n\u00e9zhetj\u00fck Ferenc p\u00e1pa virraszt\u00e1s\u00e1t"},"content":{"rendered":"<p>Fedezze fel <strong>Hogyan n\u00e9zhetj\u00fck Ferenc p\u00e1pa virraszt\u00e1s\u00e1t <\/strong>\u00c9l\u0151 tippek \u00e9s ingyenes alkalmaz\u00e1sok, \u00e9l\u0151 k\u00f6zvet\u00edt\u00e9s, olvasd el ezt a cikket, \u00e9s maradj k\u00e9pben.<\/p>\n\n\n\n<style>\n.botao-container {\n    display: flex;\n    justify-content: center;\n    margin: 20px 0; \/* Espa\u00e7amento opcional *\/\n}\n\n.botao-estilizado {\n    display: inline-block;\n    padding: 12px 24px;\n    font-size: 18px;\n    font-weight: bold;\n    font-family: Arial, sans-serif; \/* Fonte Arial *\/\n    color: white;\n    background: linear-gradient(145deg, #FF3D00, #D32F2F); \/* Tons de vermelho vibrante *\/\n    border-radius: 8px;\n    box-shadow: 4px 4px 10px rgba(0, 0, 0, 0.2), \n                -2px -2px 5px rgba(255, 255, 255, 0.2);\n    text-decoration: none;\n    transition: all 0.3s ease-in-out;\n    text-align: center;\n}\n\n.botao-estilizado:hover {\n    background: linear-gradient(145deg, #D32F2F, #B71C1C); \/* Tom vermelho mais escuro no hover *\/\n    box-shadow: 2px 2px 8px rgba(0, 0, 0, 0.3), \n                -1px -1px 4px rgba(255, 255, 255, 0.1);\n    transform: translateY(-3px);\n}\n<\/style>\n\n<div class=\"botao-container\">\n    <a href=\"https:\/\/economiaportal.com\/hu\/\" class=\"botao-estilizado\">L\u00e1sd m\u00e9g<\/a>\n<\/div>\n\n\n\n\n<p>Ferenc p\u00e1pa virraszt\u00e1sa nagy jelent\u0151s\u00e9g\u0171 esem\u00e9ny a katolikusok \u00e9s tisztel\u0151i sz\u00e1m\u00e1ra szerte a vil\u00e1gon. <\/p>\n\n\n\n<p>Az \u00fcnneps\u00e9get \u00e9l\u0151ben k\u00f6zvet\u00edtik, \u00e9s sokan keresik a m\u00f3dj\u00e1t, hogy mindent val\u00f3s id\u0151ben, k\u00fcl\u00f6n\u00f6sen ingyen \u00e9s komplik\u00e1ci\u00f3k n\u00e9lk\u00fcl n\u00e9zhessenek. <\/p>\n\n\n\n<p>Ebben a cikkben minden inform\u00e1ci\u00f3t megtal\u00e1lsz arr\u00f3l, hogyan k\u00f6vetheted az esem\u00e9nyt, bele\u00e9rtve a legjobb ingyenes alkalmaz\u00e1sokat \u00e9s tesztelt linkeket az \u00e9l\u0151 k\u00f6zvet\u00edt\u00e9shez.<\/p>\n\n\n\n<h2 class=\"wp-block-heading\">Hogyan n\u00e9zhetj\u00fck Ferenc p\u00e1pa temet\u00e9s\u00e9t: hol k\u00f6vethetj\u00fck nyomon<\/h2>\n\n\n\n<p>Egyetlen pillanat\u00e1t sem szeretn\u00e9 kihagyni ennek a t\u00f6rt\u00e9nelmi esem\u00e9nynek. <\/p>\n\n\n\n<p>Az \u00fcnneps\u00e9get t\u00f6bbf\u00e9lek\u00e9ppen is k\u00f6vethetj\u00fck, mind a telev\u00edzi\u00f3ban, mind a digit\u00e1lis platformokon. <\/p>\n\n\n\n<p>R\u00e1ad\u00e1sul sz\u00e1mos ingyenes alkalmaz\u00e1ssal b\u00e1rhonnan k\u00f6nnyed\u00e9n el\u00e9rheti az ad\u00e1st. <\/p>\n\n\n\n<p>Az al\u00e1bbiakban felsoroljuk a f\u0151bb lehet\u0151s\u00e9geket:<\/p>\n\n\n\n<h3 class=\"wp-block-heading\">1. <strong>Vatik\u00e1n App - A hivatalos csatorna<\/strong><\/h3>\n\n\n\n<p>O <strong>Vatik\u00e1ni alkalmaz\u00e1s<\/strong> a Vatik\u00e1n f\u0151 k\u00f6zvet\u00edt\u00e9si forr\u00e1sa. <\/p>\n\n\n\n<p>El\u00e9rhet\u0151 <strong>android<\/strong> Ez <strong>iOS<\/strong>, Ez az alkalmaz\u00e1s teljes k\u00f6r\u0171 t\u00e1j\u00e9koztat\u00e1st ny\u00fajt a virraszt\u00e1sr\u00f3l \u00e9s a katolikus egyh\u00e1z m\u00e1s fontos esem\u00e9nyeir\u0151l. <\/p>\n\n\n\n<p>Ha let\u00f6lti, akkor az \u00e9l\u0151 ad\u00e1s kiv\u00e1l\u00f3 min\u0151s\u00e9gben lesz el\u00e9rhet\u0151.<\/p>\n\n\n\n<h3 class=\"wp-block-heading\">2. <strong>YouTube - Hivatalos vatik\u00e1ni csatorna<\/strong><\/h3>\n\n\n\n<p>A vil\u00e1g legn\u00e9pszer\u0171bb videoplatformja is \u00e9l\u0151ben k\u00f6zvet\u00edti az \u00fcnneps\u00e9get. <\/p>\n\n\n\n<p>O <strong>Hivatalos vatik\u00e1ni YouTube-csatorna<\/strong> megszak\u00edt\u00e1s n\u00e9lk\u00fcli lefedetts\u00e9get k\u00edn\u00e1l, t\u00f6bb nyelvre t\u00f6rt\u00e9n\u0151 ford\u00edt\u00e1ssal. A n\u00e9z\u00e9shez egyszer\u0171en l\u00e9pjen be a csatorn\u00e1ra, \u00e9s v\u00e1rja meg az ad\u00e1s kezdet\u00e9t.<\/p>\n\n\n\n<ul class=\"wp-block-list\">\n<li><strong>Link a csatorn\u00e1hoz:<\/strong>\n<ul class=\"wp-block-list\">\n<li><a href=\"https:\/\/www.youtube.com\/user\/vatican\">Vatik\u00e1ni YouTube-csatorna<\/a><\/li>\n<\/ul>\n<\/li>\n<\/ul>\n\n\n\n<h3 class=\"wp-block-heading\">3. <strong>Katolikus TV<\/strong><\/h3>\n\n\n\n<p>A <strong>Katolikus TV<\/strong> kiv\u00e1l\u00f3 v\u00e1laszt\u00e1s azok sz\u00e1m\u00e1ra, akik teljes k\u00f6zvet\u00edt\u00e9st keresnek, komment\u00e1rral \u00e9s \u00e9l\u0151 k\u00f6zvet\u00edt\u00e9ssel. <\/p>\n\n\n\n<p>Ez a szolg\u00e1ltat\u00e1s a mobileszk\u00f6z\u00f6kre k\u00e9sz\u00fclt speci\u00e1lis alkalmaz\u00e1sokon kereszt\u00fcl is el\u00e9rhet\u0151.<\/p>\n\n\n\n<h2 class=\"wp-block-heading\">Hogyan k\u00f6vesse a temet\u00e9st ingyen \u00e9s egyszer\u0171en<\/h2>\n\n\n\n<p>Most, hogy m\u00e1r ismered a legjobb alkalmaz\u00e1sokat Ferenc p\u00e1pa virraszt\u00e1s\u00e1n val\u00f3 r\u00e9szv\u00e9telhez, adunk n\u00e9h\u00e1ny tippet, hogy el\u0151re nem l\u00e1that\u00f3 probl\u00e9m\u00e1k n\u00e9lk\u00fcl \u00e9lvezhesd az \u00e9lm\u00e9nyt.<\/p>\n\n\n\n<h3 class=\"wp-block-heading\">Gy\u0151z\u0151dj\u00f6n meg arr\u00f3l, hogy stabil a kapcsolat<\/h3>\n\n\n\n<p>Ahhoz, hogy biztosan ne maradjon le az ad\u00e1sr\u00f3l, elengedhetetlen, hogy legyen egy <strong>stabil internetkapcsolat<\/strong>. <\/p>\n\n\n\n<p>Ha mobiltelefont haszn\u00e1l, ellen\u0151rizze, hogy a Wi-Fi megfelel\u0151en m\u0171k\u00f6dik-e, \u00e9s sz\u00fcks\u00e9g eset\u00e9n van-e mobil adat\u00e1tviteli lefedetts\u00e9g. <\/p>\n\n\n\n<p>A j\u00f3 kapcsolat azonban garant\u00e1lja a megszak\u00edt\u00e1s n\u00e9lk\u00fcli \u00e1tvitelt.<\/p>\n\n\n\n<h3 class=\"wp-block-heading\">El\u0151re felk\u00e9sz\u00fclni<\/h3>\n\n\n\n<p>Teh\u00e1t gy\u0151z\u0151dj\u00f6n meg r\u00f3la, hogy az alkalmaz\u00e1sokat el\u0151re let\u00f6lti, hogy elker\u00fclje a h\u00e1tr\u00e1ltat\u00e1sokat az ad\u00e1skor. <\/p>\n\n\n\n<p>Term\u00e9szetesen ez k\u00fcl\u00f6n\u00f6sen fontos azok sz\u00e1m\u00e1ra, akik olyan eszk\u00f6z\u00f6kr\u0151l szeretn\u00e9nek n\u00e9zni, amelyeket nem gyakran haszn\u00e1lnak. Ezzel elker\u00fclhet\u0151k a k\u00e9s\u00e9sek a csatlakoz\u00e1skor.<\/p>\n\n\n\n<h3 class=\"wp-block-heading\">Ellen\u0151rizze a szertart\u00e1s menetrendj\u00e9t<\/h3>\n\n\n\n<p>Ferenc p\u00e1pa virraszt\u00e1sa azonban szigor\u00fa menetrend szerint zajlik, \u00e9s az id\u0151pontok id\u0151z\u00f3n\u00e1nk\u00e9nt v\u00e1ltozhatnak. <\/p>\n\n\n\n<p>Gy\u0151z\u0151dj\u00f6n meg r\u00f3la, hogy a helysz\u00ednhez igaz\u00edtja a menetrendet, \u00e9s biztos\u00edtsa, hogy k\u00e9szen \u00e1ll az esem\u00e9ny val\u00f3s idej\u0171 k\u00f6vet\u00e9s\u00e9re.<\/p>\n\n\n\n<h2 class=\"wp-block-heading\">K\u00f6vetkeztet\u00e9s: K\u00f6vesse a temet\u00e9st \u00e9s maradjon kapcsolatban<\/h2>\n\n\n\n<p>R\u00f6viden, Ferenc p\u00e1pa virraszt\u00e1sa egy \u00e9l\u0151 esem\u00e9ny lesz, amely mindenki sz\u00e1m\u00e1ra el\u00e9rhet\u0151 \u00e9s ingyenes lesz. <\/p>\n\n\n\n<p>Ha azonban az aj\u00e1nlott alkalmaz\u00e1sok vagy hivatalos csatorn\u00e1k egyik\u00e9t haszn\u00e1lja, ingyen \u00e9s gond n\u00e9lk\u00fcl n\u00e9zheti az esem\u00e9nyt. <\/p>\n\n\n\n<p>Ne feledje teh\u00e1t, hogy a z\u00f6kken\u0151mentes \u00e9lm\u00e9ny \u00e9rdek\u00e9ben k\u00e9sz\u00fclj\u00f6n fel el\u0151re, \u00e1ll\u00edtsa be a csatlakoz\u00e1s\u00e1t, \u00e9s tartsa szemmel a menetrendet.<\/p>\n\n\n\n<p>Most m\u00e1r csak annyi a dolgod, hogy kiv\u00e1lasztod a kedvenc streaming platformodat, \u00e9s felk\u00e9sz\u00fclsz erre az esem\u00e9nyre, amely be fog vonulni a t\u00f6rt\u00e9nelembe.<\/p>\n\n\n\n<p><\/p>","protected":false},"excerpt":{"rendered":"<p>Fedezze fel, hogyan n\u00e9zheti Ferenc p\u00e1pa temet\u00e9s\u00e9t \u00e9l\u0151ben Ingyenes tippek \u00e9s alkalmaz\u00e1sok, \u00e9l\u0151 k\u00f6zvet\u00edt\u00e9s, olvassa el ezt a cikket, \u00e9s maradjon k\u00e9pben. See More Ferenc p\u00e1pa virraszt\u00e1sa ... <\/p>","protected":false},"author":19,"featured_media":0,"comment_status":"closed","ping_status":"closed","sticky":false,"template":"","format":"standard","meta":{"footnotes":""},"categories":[6],"tags":[439,1478,1479,1400,1404,1480],"class_list":["post-2224","post","type-post","status-publish","format-standard","hentry","category-apps","tag-aplicativo","tag-como-assistir-ao-velorio-do-papa-francisco","tag-despedida","tag-papa-francisco","tag-tv-aparecida","tag-velorio","latest_post"],"yoast_head":"<!-- This site is optimized with the Yoast SEO plugin v26.8 - https:\/\/yoast.com\/product\/yoast-seo-wordpress\/ -->\n<title>Como Assistir ao Vel\u00f3rio do Papa Francisco - Economia Portal<\/title>\n<meta name=\"description\" content=\"Descubra Como Assistir ao Vel\u00f3rio do Papa Francisco ao Vivo Dicas e Aplicativos Gratuitos, Transmiss\u00f5es Ao Vivo, Leia Este Artigo\" \/>\n<meta name=\"robots\" content=\"index, follow, max-snippet:-1, max-image-preview:large, max-video-preview:-1\" \/>\n<link rel=\"canonical\" href=\"https:\/\/economiaportal.com\/hu\/2224\/hogyan-nezhetjuk-meg-ferenc-papa-virrasztasat\/\" \/>\n<meta property=\"og:locale\" content=\"hu_HU\" \/>\n<meta property=\"og:type\" content=\"article\" \/>\n<meta property=\"og:title\" content=\"Como Assistir ao Vel\u00f3rio do Papa Francisco - Economia Portal\" \/>\n<meta property=\"og:description\" content=\"Descubra Como Assistir ao Vel\u00f3rio do Papa Francisco ao Vivo Dicas e Aplicativos Gratuitos, Transmiss\u00f5es Ao Vivo, Leia Este Artigo\" \/>\n<meta property=\"og:url\" content=\"https:\/\/economiaportal.com\/hu\/2224\/hogyan-nezhetjuk-meg-ferenc-papa-virrasztasat\/\" \/>\n<meta property=\"og:site_name\" content=\"Economia Portal\" \/>\n<meta property=\"article:published_time\" content=\"2025-04-25T11:28:02+00:00\" \/>\n<meta name=\"author\" content=\"Isaac\" \/>\n<meta name=\"twitter:card\" content=\"summary_large_image\" \/>\n<meta name=\"twitter:label1\" content=\"Szerz\u0151:\" \/>\n\t<meta name=\"twitter:data1\" content=\"Isaac\" \/>\n\t<meta name=\"twitter:label2\" content=\"Becs\u00fclt olvas\u00e1si id\u0151\" \/>\n\t<meta name=\"twitter:data2\" content=\"4 perc\" \/>\n<script type=\"application\/ld+json\" class=\"yoast-schema-graph\">{\"@context\":\"https:\/\/schema.org\",\"@graph\":[{\"@type\":\"Article\",\"@id\":\"https:\/\/economiaportal.com\/2224\/como-assistir-ao-velorio-do-papa-francisco\/#article\",\"isPartOf\":{\"@id\":\"https:\/\/economiaportal.com\/2224\/como-assistir-ao-velorio-do-papa-francisco\/\"},\"author\":{\"name\":\"Isaac\",\"@id\":\"https:\/\/economiaportal.com\/#\/schema\/person\/9330abe31ca5cda123112e1767c9a0bc\"},\"headline\":\"Como Assistir ao Vel\u00f3rio do Papa Francisco\",\"datePublished\":\"2025-04-25T11:28:02+00:00\",\"mainEntityOfPage\":{\"@id\":\"https:\/\/economiaportal.com\/2224\/como-assistir-ao-velorio-do-papa-francisco\/\"},\"wordCount\":638,\"publisher\":{\"@id\":\"https:\/\/economiaportal.com\/#organization\"},\"keywords\":[\"aplicativo\",\"Como Assistir ao Vel\u00f3rio do Papa Francisco\",\"despedida\",\"Papa Francisco\",\"tv aparecida\",\"velorio\"],\"articleSection\":[\"Apps\"],\"inLanguage\":\"hu\"},{\"@type\":\"WebPage\",\"@id\":\"https:\/\/economiaportal.com\/2224\/como-assistir-ao-velorio-do-papa-francisco\/\",\"url\":\"https:\/\/economiaportal.com\/2224\/como-assistir-ao-velorio-do-papa-francisco\/\",\"name\":\"Como Assistir ao Vel\u00f3rio do Papa Francisco - Economia Portal\",\"isPartOf\":{\"@id\":\"https:\/\/economiaportal.com\/#website\"},\"datePublished\":\"2025-04-25T11:28:02+00:00\",\"description\":\"Descubra Como Assistir ao Vel\u00f3rio do Papa Francisco ao Vivo Dicas e Aplicativos Gratuitos, Transmiss\u00f5es Ao Vivo, Leia Este Artigo\",\"breadcrumb\":{\"@id\":\"https:\/\/economiaportal.com\/2224\/como-assistir-ao-velorio-do-papa-francisco\/#breadcrumb\"},\"inLanguage\":\"hu\",\"potentialAction\":[{\"@type\":\"ReadAction\",\"target\":[\"https:\/\/economiaportal.com\/2224\/como-assistir-ao-velorio-do-papa-francisco\/\"]}]},{\"@type\":\"BreadcrumbList\",\"@id\":\"https:\/\/economiaportal.com\/2224\/como-assistir-ao-velorio-do-papa-francisco\/#breadcrumb\",\"itemListElement\":[{\"@type\":\"ListItem\",\"position\":1,\"name\":\"In\u00edcio\",\"item\":\"https:\/\/economiaportal.com\/\"},{\"@type\":\"ListItem\",\"position\":2,\"name\":\"Como Assistir ao Vel\u00f3rio do Papa Francisco\"}]},{\"@type\":\"WebSite\",\"@id\":\"https:\/\/economiaportal.com\/#website\",\"url\":\"https:\/\/economiaportal.com\/\",\"name\":\"Economia Portal\",\"description\":\"\",\"publisher\":{\"@id\":\"https:\/\/economiaportal.com\/#organization\"},\"potentialAction\":[{\"@type\":\"SearchAction\",\"target\":{\"@type\":\"EntryPoint\",\"urlTemplate\":\"https:\/\/economiaportal.com\/?s={search_term_string}\"},\"query-input\":{\"@type\":\"PropertyValueSpecification\",\"valueRequired\":true,\"valueName\":\"search_term_string\"}}],\"inLanguage\":\"hu\"},{\"@type\":\"Organization\",\"@id\":\"https:\/\/economiaportal.com\/#organization\",\"name\":\"Economia Portal\",\"url\":\"https:\/\/economiaportal.com\/\",\"logo\":{\"@type\":\"ImageObject\",\"inLanguage\":\"hu\",\"@id\":\"https:\/\/economiaportal.com\/#\/schema\/logo\/image\/\",\"url\":\"https:\/\/economiaportal.com\/wp-content\/uploads\/2024\/07\/cropped-Design-sem-nome.jpg\",\"contentUrl\":\"https:\/\/economiaportal.com\/wp-content\/uploads\/2024\/07\/cropped-Design-sem-nome.jpg\",\"width\":161,\"height\":45,\"caption\":\"Economia Portal\"},\"image\":{\"@id\":\"https:\/\/economiaportal.com\/#\/schema\/logo\/image\/\"}},{\"@type\":\"Person\",\"@id\":\"https:\/\/economiaportal.com\/#\/schema\/person\/9330abe31ca5cda123112e1767c9a0bc\",\"name\":\"Isaac\",\"image\":{\"@type\":\"ImageObject\",\"inLanguage\":\"hu\",\"@id\":\"https:\/\/economiaportal.com\/#\/schema\/person\/image\/\",\"url\":\"https:\/\/economiaportal.com\/wp-content\/litespeed\/avatar\/af70d796a465de0de2b395cc700a1b9e.jpg?ver=1777030835\",\"contentUrl\":\"https:\/\/economiaportal.com\/wp-content\/litespeed\/avatar\/af70d796a465de0de2b395cc700a1b9e.jpg?ver=1777030835\",\"caption\":\"Isaac\"},\"url\":\"https:\/\/economiaportal.com\/hu\/author\/isaac\/\"}]}<\/script>\n<!-- \/ Yoast SEO plugin. -->","yoast_head_json":{"title":"Hogyan n\u00e9zhetj\u00fck Ferenc p\u00e1pa virraszt\u00e1s\u00e1t - Economia Portal","description":"Fedezze fel, hogyan lehet n\u00e9zni Ferenc p\u00e1pa temet\u00e9s\u00e9t \u00e9l\u0151ben Ingyenes tippek \u00e9s alkalmaz\u00e1sok, \u00e9l\u0151 k\u00f6zvet\u00edt\u00e9s, Olvassa el ezt a cikket","robots":{"index":"index","follow":"follow","max-snippet":"max-snippet:-1","max-image-preview":"max-image-preview:large","max-video-preview":"max-video-preview:-1"},"canonical":"https:\/\/economiaportal.com\/hu\/2224\/hogyan-nezhetjuk-meg-ferenc-papa-virrasztasat\/","og_locale":"hu_HU","og_type":"article","og_title":"Como Assistir ao Vel\u00f3rio do Papa Francisco - Economia Portal","og_description":"Descubra Como Assistir ao Vel\u00f3rio do Papa Francisco ao Vivo Dicas e Aplicativos Gratuitos, Transmiss\u00f5es Ao Vivo, Leia Este Artigo","og_url":"https:\/\/economiaportal.com\/hu\/2224\/hogyan-nezhetjuk-meg-ferenc-papa-virrasztasat\/","og_site_name":"Economia Portal","article_published_time":"2025-04-25T11:28:02+00:00","author":"Isaac","twitter_card":"summary_large_image","twitter_misc":{"Szerz\u0151:":"Isaac","Becs\u00fclt olvas\u00e1si id\u0151":"4 perc"},"schema":{"@context":"https:\/\/schema.org","@graph":[{"@type":"Article","@id":"https:\/\/economiaportal.com\/2224\/como-assistir-ao-velorio-do-papa-francisco\/#article","isPartOf":{"@id":"https:\/\/economiaportal.com\/2224\/como-assistir-ao-velorio-do-papa-francisco\/"},"author":{"name":"Isaac","@id":"https:\/\/economiaportal.com\/#\/schema\/person\/9330abe31ca5cda123112e1767c9a0bc"},"headline":"Como Assistir ao Vel\u00f3rio do Papa Francisco","datePublished":"2025-04-25T11:28:02+00:00","mainEntityOfPage":{"@id":"https:\/\/economiaportal.com\/2224\/como-assistir-ao-velorio-do-papa-francisco\/"},"wordCount":638,"publisher":{"@id":"https:\/\/economiaportal.com\/#organization"},"keywords":["aplicativo","Como Assistir ao Vel\u00f3rio do Papa Francisco","despedida","Papa Francisco","tv aparecida","velorio"],"articleSection":["Apps"],"inLanguage":"hu"},{"@type":"WebPage","@id":"https:\/\/economiaportal.com\/2224\/como-assistir-ao-velorio-do-papa-francisco\/","url":"https:\/\/economiaportal.com\/2224\/como-assistir-ao-velorio-do-papa-francisco\/","name":"Hogyan n\u00e9zhetj\u00fck Ferenc p\u00e1pa virraszt\u00e1s\u00e1t - Economia Portal","isPartOf":{"@id":"https:\/\/economiaportal.com\/#website"},"datePublished":"2025-04-25T11:28:02+00:00","description":"Fedezze fel, hogyan lehet n\u00e9zni Ferenc p\u00e1pa temet\u00e9s\u00e9t \u00e9l\u0151ben Ingyenes tippek \u00e9s alkalmaz\u00e1sok, \u00e9l\u0151 k\u00f6zvet\u00edt\u00e9s, Olvassa el ezt a cikket","breadcrumb":{"@id":"https:\/\/economiaportal.com\/2224\/como-assistir-ao-velorio-do-papa-francisco\/#breadcrumb"},"inLanguage":"hu","potentialAction":[{"@type":"ReadAction","target":["https:\/\/economiaportal.com\/2224\/como-assistir-ao-velorio-do-papa-francisco\/"]}]},{"@type":"BreadcrumbList","@id":"https:\/\/economiaportal.com\/2224\/como-assistir-ao-velorio-do-papa-francisco\/#breadcrumb","itemListElement":[{"@type":"ListItem","position":1,"name":"In\u00edcio","item":"https:\/\/economiaportal.com\/"},{"@type":"ListItem","position":2,"name":"Como Assistir ao Vel\u00f3rio do Papa Francisco"}]},{"@type":"WebSite","@id":"https:\/\/economiaportal.com\/#website","url":"https:\/\/economiaportal.com\/","name":"Gazdas\u00e1gi port\u00e1l","description":"","publisher":{"@id":"https:\/\/economiaportal.com\/#organization"},"potentialAction":[{"@type":"SearchAction","target":{"@type":"EntryPoint","urlTemplate":"https:\/\/economiaportal.com\/?s={search_term_string}"},"query-input":{"@type":"PropertyValueSpecification","valueRequired":true,"valueName":"search_term_string"}}],"inLanguage":"hu"},{"@type":"Organization","@id":"https:\/\/economiaportal.com\/#organization","name":"Gazdas\u00e1gi port\u00e1l","url":"https:\/\/economiaportal.com\/","logo":{"@type":"ImageObject","inLanguage":"hu","@id":"https:\/\/economiaportal.com\/#\/schema\/logo\/image\/","url":"https:\/\/economiaportal.com\/wp-content\/uploads\/2024\/07\/cropped-Design-sem-nome.jpg","contentUrl":"https:\/\/economiaportal.com\/wp-content\/uploads\/2024\/07\/cropped-Design-sem-nome.jpg","width":161,"height":45,"caption":"Economia Portal"},"image":{"@id":"https:\/\/economiaportal.com\/#\/schema\/logo\/image\/"}},{"@type":"Person","@id":"https:\/\/economiaportal.com\/#\/schema\/person\/9330abe31ca5cda123112e1767c9a0bc","name":"Izs\u00e1k","image":{"@type":"ImageObject","inLanguage":"hu","@id":"https:\/\/economiaportal.com\/#\/schema\/person\/image\/","url":"https:\/\/economiaportal.com\/wp-content\/litespeed\/avatar\/af70d796a465de0de2b395cc700a1b9e.jpg?ver=1777030835","contentUrl":"https:\/\/economiaportal.com\/wp-content\/litespeed\/avatar\/af70d796a465de0de2b395cc700a1b9e.jpg?ver=1777030835","caption":"Isaac"},"url":"https:\/\/economiaportal.com\/hu\/author\/isaac\/"}]}},"_links":{"self":[{"href":"https:\/\/economiaportal.com\/hu\/wp-json\/wp\/v2\/posts\/2224","targetHints":{"allow":["GET"]}}],"collection":[{"href":"https:\/\/economiaportal.com\/hu\/wp-json\/wp\/v2\/posts"}],"about":[{"href":"https:\/\/economiaportal.com\/hu\/wp-json\/wp\/v2\/types\/post"}],"author":[{"embeddable":true,"href":"https:\/\/economiaportal.com\/hu\/wp-json\/wp\/v2\/users\/19"}],"replies":[{"embeddable":true,"href":"https:\/\/economiaportal.com\/hu\/wp-json\/wp\/v2\/comments?post=2224"}],"version-history":[{"count":2,"href":"https:\/\/economiaportal.com\/hu\/wp-json\/wp\/v2\/posts\/2224\/revisions"}],"predecessor-version":[{"id":2230,"href":"https:\/\/economiaportal.com\/hu\/wp-json\/wp\/v2\/posts\/2224\/revisions\/2230"}],"wp:attachment":[{"href":"https:\/\/economiaportal.com\/hu\/wp-json\/wp\/v2\/media?parent=2224"}],"wp:term":[{"taxonomy":"category","embeddable":true,"href":"https:\/\/economiaportal.com\/hu\/wp-json\/wp\/v2\/categories?post=2224"},{"taxonomy":"post_tag","embeddable":true,"href":"https:\/\/economiaportal.com\/hu\/wp-json\/wp\/v2\/tags?post=2224"}],"curies":[{"name":"munkaf\u00fczet","href":"https:\/\/api.w.org\/{rel}","templated":true}]}}