{"id":2480,"date":"2025-07-02T19:51:26","date_gmt":"2025-07-02T16:51:26","guid":{"rendered":"https:\/\/economiaportal.com\/?p=2480"},"modified":"2025-12-12T00:28:22","modified_gmt":"2025-12-11T21:28:22","slug":"kormanyzati-juttatasok-a-bevandorloknak","status":"publish","type":"post","link":"https:\/\/economiaportal.com\/hu\/2480\/beneficios-do-governo-para-imigrantes\/","title":{"rendered":"Ma el\u00e9rhet\u0151 korm\u00e1nyzati juttat\u00e1sok"},"content":{"rendered":"<p>Ismerd meg a <strong>Ma el\u00e9rhet\u0151 \u00e1llami juttat\u00e1sok<\/strong> , n\u00e9zd meg, hogy jogosult vagy-e, \u00e9s jelentkezz most, tudj meg mindent al\u00e1bb.<\/p>\n\n\n\n<style>\n.botao-container {\n    display: flex;\n    justify-content: center;\n    margin: 20px 0; \/* Espa\u00e7amento opcional *\/\n}\n\n.botao-estilizado {\n    display: inline-block;\n    padding: 12px 24px;\n    font-size: 18px;\n    font-weight: bold;\n    font-family: Arial, sans-serif; \/* Fonte alterada para Arial *\/\n    color: white;\n    background: linear-gradient(145deg, #007bff, #0056b3);\n    border-radius: 8px;\n    box-shadow: 4px 4px 10px rgba(0, 0, 0, 0.2), \n                -2px -2px 5px rgba(255, 255, 255, 0.2);\n    text-decoration: none;\n    transition: all 0.3s ease-in-out;\n    text-align: center;\n}\n\n.botao-estilizado:hover {\n    background: linear-gradient(145deg, #0056b3, #004095);\n    box-shadow: 2px 2px 8px rgba(0, 0, 0, 0.3), \n                -1px -1px 4px rgba(255, 255, 255, 0.1);\n    transform: translateY(-3px);\n}\n<\/style>\n\n<div class=\"botao-container\">\n    <a href=\"https:\/\/economiaportal.com\/hu\/2477\/\" class=\"botao-estilizado\">Juttat\u00e1s ig\u00e9nyl\u00e9se<\/a>\n<\/div>\n\n\n\n<style>\n.botao-container {\n    display: flex;\n    justify-content: center;\n    margin: 20px 0; \/* Espa\u00e7amento opcional *\/\n}\n\n.botao-estilizado {\n    display: inline-block;\n    padding: 12px 24px;\n    font-size: 18px;\n    font-weight: bold;\n    font-family: Arial, sans-serif; \/* Fonte alterada para Arial *\/\n    color: white;\n    background: linear-gradient(145deg, #007bff, #0056b3);\n    border-radius: 8px;\n    box-shadow: 4px 4px 10px rgba(0, 0, 0, 0.2), \n                -2px -2px 5px rgba(255, 255, 255, 0.2);\n    text-decoration: none;\n    transition: all 0.3s ease-in-out;\n    text-align: center;\n}\n\n.botao-estilizado:hover {\n    background: linear-gradient(145deg, #0056b3, #004095);\n    box-shadow: 2px 2px 8px rgba(0, 0, 0, 0.3), \n                -1px -1px 4px rgba(255, 255, 255, 0.1);\n    transform: translateY(-3px);\n}\n<\/style>\n\n<div class=\"botao-container\">\n    <a href=\"https:\/\/economiaportal.com\/hu\/2477\/\" class=\"botao-estilizado\">Tov\u00e1bbi el\u0151ny\u00f6k<\/a>\n<\/div>\n\n\n\n<p>Biztosan tudtad, hogy t\u00f6bb ezer spanyol ajk\u00fa bev\u00e1ndorl\u00f3 \u00e9l jobban az Egyes\u00fclt \u00c1llamokban a szoci\u00e1lis programok seg\u00edts\u00e9g\u00e9vel \u2013 m\u00e9g akkor is, ha nem besz\u00e9lnek foly\u00e9konyan angolul?<\/p>\n\n\n\n<p>Igen, igaz, l\u00e9tezik egy t\u00e1mogat\u00f3 h\u00e1l\u00f3zat, amelyet kifejezetten azok sz\u00e1m\u00e1ra hoztak l\u00e9tre, akik spanyol ajk\u00fa orsz\u00e1gokb\u00f3l \u00e9rkeznek \u00e9s seg\u00edts\u00e9gre van sz\u00fcks\u00e9g\u00fck egy \u00faj \u00e9let elkezd\u00e9s\u00e9hez.<\/p>\n\n\n\n<p>V\u00e9g\u00fcl is a spanyol a m\u00e1sodik leggyakrabban besz\u00e9lt nyelv az orsz\u00e1gban, \u00e9s sz\u00e1mos k\u00f6zszolg\u00e1lat m\u00e1r alkalmazkodott ahhoz, hogy k\u00f6zvetlen t\u00e1mogat\u00e1st ny\u00fajtson ezen a nyelven.<\/p>\n\n\n\n<p>Teh\u00e1t, ha az Egyes\u00fclt \u00c1llamokban \u00e9lsz, \u00e9s k\u00e9rd\u00e9seid vannak az eg\u00e9szs\u00e9g\u00fcggyel, az \u00e9lelemmel, az oktat\u00e1ssal vagy a lakhat\u00e1ssal kapcsolatban, ez a cikk neked sz\u00f3l.<\/p>\n\n\n\n<p>Mutatjuk meg teh\u00e1t a f\u0151bb el\u00e9rhet\u0151 juttat\u00e1sokat, hogy kik r\u00e9szes\u00fclhetnek benn\u00fck, \u00e9s hol k\u00e9rhetnek seg\u00edts\u00e9get \u2013 mindezt spanyol nyelv\u0171 t\u00e1mogat\u00e1ssal!<\/p>\n\n\n\n<h2 class=\"wp-block-heading\">A spanyol ajk\u00faak jelenl\u00e9te az Egyes\u00fclt \u00c1llamokban er\u0151s \u2013 \u00e9s megvannak a jogaik<\/h2>\n\n\n\n<p>El\u0151sz\u00f6r is, t\u00f6bb mint 60 milli\u00f3 spanyolul besz\u00e9l\u0151 lakosukkal a spanyol ajk\u00faak val\u00f3di gazdas\u00e1gi, kultur\u00e1lis \u00e9s t\u00e1rsadalmi er\u0151t k\u00e9pviselnek az Egyes\u00fclt \u00c1llamokban.<\/p>\n\n\n\n<p>Ez\u00e9rt az orsz\u00e1g elismeri, hogy a nyelvi befogad\u00e1s alapvet\u0151 fontoss\u00e1g\u00fa.<\/p>\n\n\n\n<p>Azonban szinte minden korm\u00e1nyzati szerv, iskola, k\u00f3rh\u00e1z \u00e9s seg\u00e9lyszervezet rendelkezik nyomtatv\u00e1nyokkal, weboldalakkal \u00e9s szem\u00e9lyes szolg\u00e1ltat\u00e1sokkal spanyolul.<\/p>\n\n\n\n<p>Ez\u00e9rt, m\u00e9g ha nem is besz\u00e9lsz foly\u00e9konyan angolul, akkor is juthatsz inform\u00e1ci\u00f3khoz, regisztr\u00e1lhatsz \u00e9s m\u00e9lt\u00f3s\u00e1ggal kaphatsz t\u00e1mogat\u00e1st.<\/p>\n\n\n\n<h2 class=\"wp-block-heading\">1. Hogyan kaphatok seg\u00edts\u00e9get a csal\u00e1dom \u00e9lelmez\u00e9s\u00e9hez?<\/h2>\n\n\n\n<p>Ezut\u00e1n a SNAP program (m\u00e1s n\u00e9ven \u201e\u00e9lelmiszerjegyek\u201d) minden h\u00f3napban eg\u00e9szs\u00e9ges \u00e9lelmiszert juttathat az asztalodra.<\/p>\n\n\n\n<p>Ezzel az el\u0151nnyel azonban egy EBT-k\u00e1rty\u00e1t kapsz, amely bankk\u00e1rtyak\u00e9nt m\u0171k\u00f6dik, \u00e9s amellyel \u00e9lelmiszert v\u00e1s\u00e1rolhatsz szupermarketekben, latin piacokon, v\u00e1s\u00e1rokon \u00e9s ak\u00e1r online is.<\/p>\n\n\n\n<p>\ud83d\udfe0 A j\u00f3 h\u00edr?<br>Term\u00e9szetesen a teljes folyamatot spanyolul is elv\u00e9gezheted \u2013 az \u0171rlapt\u00f3l kezdve a telefonos \u00fcgyf\u00e9lszolg\u00e1latig.<\/p>\n\n\n\n<p>\ud83d\udfe0 Kik jelentkezhetnek?<\/p>\n\n\n\n<ul class=\"wp-block-list\">\n<li>amerikai \u00e1llampolg\u00e1rok<\/li>\n\n\n\n<li>Z\u00f6ld k\u00e1rty\u00e1val rendelkez\u0151 leg\u00e1lis lakosok<\/li>\n\n\n\n<li>Az USA-ban sz\u00fcletett gyermekek sz\u00fclei<\/li>\n\n\n\n<li>Menek\u00fcltek \u00e9s ideiglenes v\u00e9dett st\u00e1tusszal rendelkez\u0151 szem\u00e9lyek (TPS)<\/li>\n\n\n\n<li>A sz\u00f6vets\u00e9gi hat\u00e1r\u00e9rt\u00e9k alatti j\u00f6vedelemmel rendelkez\u0151 csal\u00e1dok (\u00e1llamonk\u00e9nt \u00e9s l\u00e9tsz\u00e1monk\u00e9nt v\u00e1ltoz\u00f3)<\/li>\n<\/ul>\n\n\n\n<h2 class=\"wp-block-heading\">2. Ingyenes vagy kedvezm\u00e9nyes eg\u00e9szs\u00e9g\u00fcgyi ell\u00e1t\u00e1s: Medicaid<\/h2>\n\n\n\n<p>Ha \u00d6nnek vagy gyermekeinek nincs eg\u00e9szs\u00e9gbiztos\u00edt\u00e1sa, ne v\u00e1rja meg, am\u00edg megbetegszik.<\/p>\n\n\n\n<p>\u00cdgy a Medicaid egy k\u00f6zeg\u00e9szs\u00e9g\u00fcgyi program, amely nulla vagy nagyon alacsony k\u00f6lts\u00e9ggel k\u00edn\u00e1l vizsg\u00e1latokat, konzult\u00e1ci\u00f3kat, sz\u00fcl\u00e9st, k\u00f3rh\u00e1zi kezel\u00e9seket \u00e9s gy\u00f3gyszereket.<\/p>\n\n\n\n<ul class=\"wp-block-list\">\n<li>\ud83d\udfe2 Sok \u00e1llam, p\u00e9ld\u00e1ul Kalifornia, New York, Illinois \u00e9s \u00daj-Mexik\u00f3, spanyol nyelv\u0171 port\u00e1lokat k\u00edn\u00e1l vil\u00e1gos magyar\u00e1zatokkal.<\/li>\n\n\n\n<li>\ud83d\udfe2 Egyes \u00e1llamokban a gyermekek \u00e9s a v\u00e1rand\u00f3s n\u0151k akkor is kapnak biztos\u00edt\u00e1st, ha nincsenek illeg\u00e1lis \u00e1llampolg\u00e1raik.<\/li>\n\n\n\n<li>\ud83d\udfe2 H\u00edvja az 1-800-318-2596-os sz\u00e1mot, \u00e9s k\u00e9rjen tolm\u00e1csot \u2013 tov\u00e1bbi k\u00f6lts\u00e9gek n\u00e9lk\u00fcl.<\/li>\n<\/ul>\n\n\n\n<h2 class=\"wp-block-heading\">3. V\u00e1rand\u00f3s, szoptat\u00f3 n\u0151k \u00e9s kisgyermekek: WIC<\/h2>\n\n\n\n<p>A WIC program a k\u00f6vetkez\u0151kben seg\u00edti az any\u00e1kat \u00e9s kisgyermekeiket:<\/p>\n\n\n\n<ul class=\"wp-block-list\">\n<li>Eg\u00e9szs\u00e9ges \u00e9telek (tej, gabonaf\u00e9l\u00e9k, gy\u00fcm\u00f6lcs\u00f6k, z\u00f6lds\u00e9gek)<\/li>\n\n\n\n<li>T\u00e1pl\u00e1lkoz\u00e1si monitoroz\u00e1s<\/li>\n\n\n\n<li>Orvosi vizsg\u00e1latok<\/li>\n\n\n\n<li>Szoptat\u00e1si ir\u00e1nyelvek<\/li>\n\n\n\n<li>K\u00e9tnyelv\u0171 szolg\u00e1ltat\u00e1s (spanyolul \u00e9s angolul)<\/li>\n<\/ul>\n\n\n\n<p>Minden \u00e1llamban el\u00e9rhet\u0151, \u00e9s nagy gondoss\u00e1ggal \u00e9s emp\u00e1ti\u00e1val szolg\u00e1lja ki a spanyol ajk\u00fa n\u0151ket \u2013 bev\u00e1ndorl\u00e1si st\u00e1tuszukt\u00f3l f\u00fcggetlen\u00fcl, ha a baba az Egyes\u00fclt \u00c1llamokban sz\u00fcletett.<\/p>\n\n\n\n<h2 class=\"wp-block-heading\">4. Ingyenes, k\u00e9tnyelv\u0171 oktat\u00e1s gyermekei sz\u00e1m\u00e1ra: Head Start<\/h2>\n\n\n\n<p>Szeretn\u00e9, ha gyermeke m\u00e1r kiskor\u00e1t\u00f3l kezdve j\u00f3l kezden\u00e9 az iskol\u00e1t, megtanulna angolul, \u00e9s oktat\u00e1si t\u00e1mogat\u00e1st kapna?<\/p>\n\n\n\n<p>A Head Start program ingyenes napk\u00f6zit \u00e9s \u00f3vod\u00e1t biztos\u00edt 3 \u00e9s 5 \u00e9v k\u00f6z\u00f6tti gyermekek sz\u00e1m\u00e1ra.<\/p>\n\n\n\n<p>Az alacsony j\u00f6vedelm\u0171 csal\u00e1dokra \u00f6sszpontos\u00edtva, a k\u00f6vetkez\u0151ket foglalja mag\u00e1ban:<\/p>\n\n\n\n<ul class=\"wp-block-list\">\n<li>Spanyolul besz\u00e9l\u0151 tan\u00e1rokkal tartott \u00f3r\u00e1k<\/li>\n\n\n\n<li>Oktat\u00e1si \u00e9s kultur\u00e1lis tev\u00e9kenys\u00e9gek<\/li>\n\n\n\n<li>Ingyenes \u00e9tel<\/li>\n\n\n\n<li>Szoci\u00e1lis t\u00e1mogat\u00e1s a sz\u00fcl\u0151knek<\/li>\n\n\n\n<li>Eg\u00e9szs\u00e9g\u00fcgyi \u00e9s viselked\u00e9si felm\u00e9r\u00e9sek<\/li>\n<\/ul>\n\n\n\n<p>Sok Head Start k\u00f6zpont latin-amerikai k\u00f6rny\u00e9keken tal\u00e1lhat\u00f3, \u00e9s speci\u00e1lis szem\u00e9lyzettel rendelkeznek a bev\u00e1ndorl\u00f3 csal\u00e1dok seg\u00edt\u00e9s\u00e9re.<\/p>\n\n\n\n<h2 class=\"wp-block-heading\">5. Ingyenes angol\u00f3r\u00e1k (spanyolul ny\u00fajtott t\u00e1mogat\u00e1ssal)<\/h2>\n\n\n\n<p>Szeretn\u00e9l angolul tanulni, hogy jobban tudj dolgozni, besz\u00e9lgess a szomsz\u00e9daiddal, vagy seg\u00edts a gyermekeidnek az iskolai munk\u00e1ban?<\/p>\n\n\n\n<p>Ingyenesen tanulhatsz \u2013 an\u00e9lk\u00fcl, hogy messzire kellene utaznod vagy sokat fizetned.<\/p>\n\n\n\n<p>\ud83d\udd39 Hol tal\u00e1lok ESL (angol mint m\u00e1sodik nyelv) \u00f3r\u00e1kat?<\/p>\n\n\n\n<ul class=\"wp-block-list\">\n<li>\u00e1llami esti iskol\u00e1k<\/li>\n\n\n\n<li>K\u00f6nyvt\u00e1rak<\/li>\n\n\n\n<li>Olyan szervezetek, mint a Katolikus J\u00f3t\u00e9konys\u00e1gi Szervezetek vagy a Latino K\u00f6z\u00f6ss\u00e9gi K\u00f6zpont<\/li>\n\n\n\n<li>K\u00f6z\u00f6ss\u00e9gi f\u0151iskol\u00e1k<\/li>\n<\/ul>\n\n\n\n<p>\ud83d\udd39 A kezdeti szolg\u00e1ltat\u00e1st \u00e1ltal\u00e1ban spanyolul ny\u00fajtj\u00e1k.<br>\ud83d\udd39 N\u00e9h\u00e1ny iskola napk\u00f6zit vagy sz\u00e1ll\u00edt\u00e1st k\u00edn\u00e1l a dolgok megk\u00f6nny\u00edt\u00e9se \u00e9rdek\u00e9ben.<\/p>\n\n\n\n<h2 class=\"wp-block-heading\">6. Bev\u00e1ndorl\u00e1s, z\u00f6ld k\u00e1rtya, \u00e1llampolg\u00e1rs\u00e1g: minden spanyolul az USCIS-n\u00e9l<\/h2>\n\n\n\n<p>Az Egyes\u00fclt \u00c1llamok Bev\u00e1ndorl\u00e1si \u00e9s V\u00e1m\u00fcgyi Hivatal\u00e1nak (USCIS) hivatalos weboldal\u00e1n tal\u00e1lhat\u00f3 egy teljes spanyol nyelv\u0171 verzi\u00f3:<br>\ud83d\udd17 <a>https:\/\/www.uscis.gov\/es<\/a><\/p>\n\n\n\n<p>Ott megtal\u00e1lod:<\/p>\n\n\n\n<ul class=\"wp-block-list\">\n<li>Hogyan lehet leteleped\u00e9si enged\u00e9lyt (z\u00f6ld k\u00e1rty\u00e1t) ig\u00e9nyelni?<\/li>\n\n\n\n<li>Hogyan v\u00e1lhat amerikai \u00e1llampolg\u00e1rr\u00e1<\/li>\n\n\n\n<li>Hogyan \u00faj\u00edthatja meg munkav\u00e1llal\u00e1si enged\u00e9ly\u00e9t<\/li>\n\n\n\n<li>Hogyan lehet csal\u00e1degyes\u00edt\u00e9st k\u00e9rv\u00e9nyezni<\/li>\n\n\n\n<li>Hogyan kaphatnak seg\u00edts\u00e9get menek\u00fcltek vagy mened\u00e9kk\u00e9r\u0151k<\/li>\n<\/ul>\n\n\n\n<p>Ezenk\u00edv\u00fcl magyar\u00e1z\u00f3 vide\u00f3k \u00e9s leford\u00edtott \u0171rlapok is rendelkez\u00e9sre \u00e1llnak, \u00edgy mindent biztons\u00e1gosan kit\u00f6lthetsz, an\u00e9lk\u00fcl, hogy f\u00e9ln\u00e9l a hib\u00e1kt\u00f3l.<\/p>\n\n\n\n<h2 class=\"wp-block-heading\">7. S\u00fcrg\u0151ss\u00e9gi seg\u00e9ly \u00e9s szoci\u00e1lis t\u00e1mogat\u00e1s spanyolul<\/h2>\n\n\n\n<p>V\u00e9g\u00fcl, ha neh\u00e9zs\u00e9gekkel k\u00fczd, p\u00e9ld\u00e1ul hajl\u00e9ktalans\u00e1ggal, hirtelen munkan\u00e9lk\u00fclis\u00e9ggel vagy csal\u00e1don bel\u00fcli er\u0151szakkal, keresse a k\u00f6vetkez\u0151ket:<\/p>\n\n\n\n<ul class=\"wp-block-list\">\n<li>Latin-amerikai k\u00f6z\u00f6ss\u00e9gi k\u00f6zpontok<\/li>\n\n\n\n<li>Szoci\u00e1lis szolg\u00e1ltat\u00e1sokat ny\u00fajt\u00f3 egyh\u00e1zak (katolikus, evang\u00e9likus, baptista stb.)<\/li>\n\n\n\n<li>\u00c1llami Szoci\u00e1lis J\u00f3l\u00e9ti Szolg\u00e1lat (\u201eHum\u00e1n Szolg\u00e1ltat\u00e1sok\u201d)<\/li>\n\n\n\n<li>T\u00e1mogatott b\u00e9rleti programok (\u201eLakhat\u00e1si t\u00e1mogat\u00e1s\u201d)<\/li>\n<\/ul>\n\n\n\n<p>Szinte mindegyik\u00fck k\u00e9tnyelv\u0171 szolg\u00e1ltat\u00e1sokat k\u00edn\u00e1l, \u00e9s k\u00e9sz m\u00e9lt\u00f3s\u00e1ggal fogadni a bev\u00e1ndorl\u00f3kat.<\/p>\n\n\n\n<h2 class=\"wp-block-heading\">Aranytipp: hol tal\u00e1lhat seg\u00edts\u00e9get a k\u00f6zelben<\/h2>\n\n\n\n<p>V\u00e9g\u00fcl is szeretn\u00e9 pontosan tudni, hogy milyen juttat\u00e1sokban r\u00e9szes\u00fclhet?<\/p>\n\n\n\n<p>L\u00e1togassa meg a hivatalos korm\u00e1nyzati weboldalt:<br>\ud83d\udd17 <a class=\"\" href=\"https:\/\/www.benefits.gov\/\">https:\/\/www.benefits.gov\/<\/a><\/p>\n\n\n\n<p>Kattintson az \u201eEspa\u00f1ol\u201d (spanyol) gombra, \u00e9s t\u00f6ltse ki a \u201eBenefit Finder\u201d (juttat\u00e1skeres\u0151) k\u00e9rd\u0151\u00edvet.<\/p>\n\n\n\n<p>Szem\u00e9lyre szabott list\u00e1t kapsz az \u00e1llamodban el\u00e9rhet\u0151 programokr\u00f3l, az eseted alapj\u00e1n.<\/p>\n\n\n\n<p>\u00c9rdemes m\u00e9g megl\u00e1togatni:<br>\ud83d\udd39 <a class=\"\" href=\"http:\/\/www.getcovered.gov\">www.getcovered.gov<\/a> (eg\u00e9szs\u00e9gbiztos\u00edt\u00e1s)<br>\ud83d\udd39 <a>www.nutrition.gov\/es<\/a> (\u00e9tel \u00e9s WIC)<br>\ud83d\udd39 <a class=\"\" href=\"http:\/\/www.headstart.gov\">www.headstart.gov<\/a> (koragyermekkori nevel\u00e9s)<br>\ud83d\udd39 <a>www.uscis.gov\/es<\/a> (bev\u00e1ndorl\u00e1s)<\/p>\n\n\n\n<h2 class=\"wp-block-heading\">Konkl\u00fazi\u00f3: A nyelved h\u00edd, nem akad\u00e1ly<\/h2>\n\n\n\n<p>V\u00e9g\u00fcl, ha azt hitted, hogy nincsenek jogaid, mert nem besz\u00e9lsz angolul, most m\u00e1r tudod: a spanyol nyelvet elismerik, tisztelik \u00e9s sz\u00edvesen l\u00e1tj\u00e1k a legt\u00f6bb k\u00f6zszolg\u00e1ltat\u00e1sban az Egyes\u00fclt \u00c1llamokban.<\/p>\n\n\n\n<p>Ez\u00e9rt \u00d6nnek \u00e9s csal\u00e1dj\u00e1nak minden el\u00e9rhet\u0151 szolg\u00e1ltat\u00e1shoz hozz\u00e1 kell f\u00e9rnie \u2013 \u00e9s hozz\u00e1 is kell f\u00e9rnie \u2013, ami el\u00e9rhet\u0151: eg\u00e9szs\u00e9g\u00fcgyh\u00f6z, oktat\u00e1shoz, \u00e9lelemhez, lakhat\u00e1shoz \u00e9s szoci\u00e1lis t\u00e1mogat\u00e1shoz.<\/p>\n\n\n\n<p>V\u00e9gt\u00e9re is, bev\u00e1ndorl\u00f3nak lenni nem arr\u00f3l sz\u00f3l, hogy a perif\u00e9ri\u00e1n \u00e9lj\u00fcnk \u2013 hanem arr\u00f3l, hogy inform\u00e1ci\u00f3kkal, b\u00e1tors\u00e1ggal \u00e9s t\u00e1mogat\u00e1ssal \u00faj utat \u00e9p\u00edts\u00fcnk.<\/p>\n\n\n\n<p>Teh\u00e1t ne vesztegesd az id\u0151det, keress egy k\u00f6z\u00f6ss\u00e9gi k\u00f6zpontot, h\u00edvd fel a k\u00f6zhivatalokat, vagy l\u00e1togass el a hivatalos weboldalakra.<\/p>\n\n\n\n<p>Az \u00faj \u00e9leted most elkezd\u0151dhet \u2013 \u00e9s nem kell egyed\u00fcl lenned hozz\u00e1.<\/p>","protected":false},"excerpt":{"rendered":"<p>Ismerje meg a ma el\u00e9rhet\u0151 korm\u00e1nyzati juttat\u00e1sokat, n\u00e9zze meg, hogy jogosult-e r\u00e1, \u00e9s jelentkezzen most, tudjon meg mindent az al\u00e1bbiakban. Ig\u00e9nyeljen ell\u00e1t\u00e1sokat Tov\u00e1bbi ell\u00e1t\u00e1sok Bizony\u00e1ra tudta, hogy bev\u00e1ndorl\u00f3k ezrei ... <\/p>","protected":false},"author":14,"featured_media":0,"comment_status":"closed","ping_status":"closed","sticky":false,"template":"","format":"standard","meta":{"footnotes":""},"categories":[1],"tags":[],"class_list":["post-2480","post","type-post","status-publish","format-standard","hentry","category-uncategorized","latest_post"],"yoast_head":"<!-- This site is optimized with the Yoast SEO plugin v26.8 - https:\/\/yoast.com\/product\/yoast-seo-wordpress\/ -->\n<title>Benef\u00edcios do Governo dispon\u00edveis hoje - Economia Portal<\/title>\n<meta name=\"description\" content=\"Conhe\u00e7a os Benef\u00edcios do Governo Para Imigrantes , veja se tem direito e solicite agora mesmo, aprenda tudo abaixo.\" \/>\n<meta name=\"robots\" content=\"index, follow, max-snippet:-1, max-image-preview:large, max-video-preview:-1\" \/>\n<link rel=\"canonical\" href=\"https:\/\/economiaportal.com\/hu\/2480\/kormanyzati-juttatasok-a-bevandorloknak\/\" \/>\n<meta property=\"og:locale\" content=\"hu_HU\" \/>\n<meta property=\"og:type\" content=\"article\" \/>\n<meta property=\"og:title\" content=\"Benef\u00edcios do Governo dispon\u00edveis hoje - Economia Portal\" \/>\n<meta property=\"og:description\" content=\"Conhe\u00e7a os Benef\u00edcios do Governo Para Imigrantes , veja se tem direito e solicite agora mesmo, aprenda tudo abaixo.\" \/>\n<meta property=\"og:url\" content=\"https:\/\/economiaportal.com\/hu\/2480\/kormanyzati-juttatasok-a-bevandorloknak\/\" \/>\n<meta property=\"og:site_name\" content=\"Economia Portal\" \/>\n<meta property=\"article:published_time\" content=\"2025-07-02T16:51:26+00:00\" \/>\n<meta property=\"article:modified_time\" content=\"2025-12-11T21:28:22+00:00\" \/>\n<meta name=\"author\" content=\"admin\" \/>\n<meta name=\"twitter:card\" content=\"summary_large_image\" \/>\n<meta name=\"twitter:label1\" content=\"Szerz\u0151:\" \/>\n\t<meta name=\"twitter:data1\" content=\"admin\" \/>\n\t<meta name=\"twitter:label2\" content=\"Becs\u00fclt olvas\u00e1si id\u0151\" \/>\n\t<meta name=\"twitter:data2\" content=\"6 perc\" \/>\n<script type=\"application\/ld+json\" class=\"yoast-schema-graph\">{\"@context\":\"https:\/\/schema.org\",\"@graph\":[{\"@type\":\"Article\",\"@id\":\"https:\/\/economiaportal.com\/2480\/beneficios-do-governo-para-imigrantes\/#article\",\"isPartOf\":{\"@id\":\"https:\/\/economiaportal.com\/2480\/beneficios-do-governo-para-imigrantes\/\"},\"author\":{\"name\":\"admin\",\"@id\":\"https:\/\/economiaportal.com\/#\/schema\/person\/1633c7ca22d836a68c8907ef39e510f5\"},\"headline\":\"Benef\u00edcios do Governo dispon\u00edveis hoje\",\"datePublished\":\"2025-07-02T16:51:26+00:00\",\"dateModified\":\"2025-12-11T21:28:22+00:00\",\"mainEntityOfPage\":{\"@id\":\"https:\/\/economiaportal.com\/2480\/beneficios-do-governo-para-imigrantes\/\"},\"wordCount\":1140,\"publisher\":{\"@id\":\"https:\/\/economiaportal.com\/#organization\"},\"articleSection\":[\"Uncategorized\"],\"inLanguage\":\"hu\"},{\"@type\":\"WebPage\",\"@id\":\"https:\/\/economiaportal.com\/2480\/beneficios-do-governo-para-imigrantes\/\",\"url\":\"https:\/\/economiaportal.com\/2480\/beneficios-do-governo-para-imigrantes\/\",\"name\":\"Benef\u00edcios do Governo dispon\u00edveis hoje - Economia Portal\",\"isPartOf\":{\"@id\":\"https:\/\/economiaportal.com\/#website\"},\"datePublished\":\"2025-07-02T16:51:26+00:00\",\"dateModified\":\"2025-12-11T21:28:22+00:00\",\"description\":\"Conhe\u00e7a os Benef\u00edcios do Governo Para Imigrantes , veja se tem direito e solicite agora mesmo, aprenda tudo abaixo.\",\"breadcrumb\":{\"@id\":\"https:\/\/economiaportal.com\/2480\/beneficios-do-governo-para-imigrantes\/#breadcrumb\"},\"inLanguage\":\"hu\",\"potentialAction\":[{\"@type\":\"ReadAction\",\"target\":[\"https:\/\/economiaportal.com\/2480\/beneficios-do-governo-para-imigrantes\/\"]}]},{\"@type\":\"BreadcrumbList\",\"@id\":\"https:\/\/economiaportal.com\/2480\/beneficios-do-governo-para-imigrantes\/#breadcrumb\",\"itemListElement\":[{\"@type\":\"ListItem\",\"position\":1,\"name\":\"In\u00edcio\",\"item\":\"https:\/\/economiaportal.com\/\"},{\"@type\":\"ListItem\",\"position\":2,\"name\":\"Benef\u00edcios do Governo dispon\u00edveis hoje\"}]},{\"@type\":\"WebSite\",\"@id\":\"https:\/\/economiaportal.com\/#website\",\"url\":\"https:\/\/economiaportal.com\/\",\"name\":\"Economia Portal\",\"description\":\"\",\"publisher\":{\"@id\":\"https:\/\/economiaportal.com\/#organization\"},\"potentialAction\":[{\"@type\":\"SearchAction\",\"target\":{\"@type\":\"EntryPoint\",\"urlTemplate\":\"https:\/\/economiaportal.com\/?s={search_term_string}\"},\"query-input\":{\"@type\":\"PropertyValueSpecification\",\"valueRequired\":true,\"valueName\":\"search_term_string\"}}],\"inLanguage\":\"hu\"},{\"@type\":\"Organization\",\"@id\":\"https:\/\/economiaportal.com\/#organization\",\"name\":\"Economia Portal\",\"url\":\"https:\/\/economiaportal.com\/\",\"logo\":{\"@type\":\"ImageObject\",\"inLanguage\":\"hu\",\"@id\":\"https:\/\/economiaportal.com\/#\/schema\/logo\/image\/\",\"url\":\"https:\/\/economiaportal.com\/wp-content\/uploads\/2024\/07\/cropped-Design-sem-nome.jpg\",\"contentUrl\":\"https:\/\/economiaportal.com\/wp-content\/uploads\/2024\/07\/cropped-Design-sem-nome.jpg\",\"width\":161,\"height\":45,\"caption\":\"Economia Portal\"},\"image\":{\"@id\":\"https:\/\/economiaportal.com\/#\/schema\/logo\/image\/\"}},{\"@type\":\"Person\",\"@id\":\"https:\/\/economiaportal.com\/#\/schema\/person\/1633c7ca22d836a68c8907ef39e510f5\",\"name\":\"admin\",\"image\":{\"@type\":\"ImageObject\",\"inLanguage\":\"hu\",\"@id\":\"https:\/\/economiaportal.com\/#\/schema\/person\/image\/\",\"url\":\"https:\/\/economiaportal.com\/wp-content\/litespeed\/avatar\/d8bb0a0d516772e3dd31e2f3e00e93bf.jpg?ver=1777610515\",\"contentUrl\":\"https:\/\/economiaportal.com\/wp-content\/litespeed\/avatar\/d8bb0a0d516772e3dd31e2f3e00e93bf.jpg?ver=1777610515\",\"caption\":\"admin\"},\"url\":\"https:\/\/economiaportal.com\/hu\/author\/admin\/\"}]}<\/script>\n<!-- \/ Yoast SEO plugin. -->","yoast_head_json":{"title":"Ma el\u00e9rhet\u0151 korm\u00e1nyzati juttat\u00e1sok - Economia Portal","description":"Tudjon meg mindent a bev\u00e1ndorl\u00f3knak ny\u00fajtott korm\u00e1nyzati juttat\u00e1sokr\u00f3l, n\u00e9zze meg, jogosult-e r\u00e1, \u00e9s jelentkezzen most, tudjon meg mindent az al\u00e1bbiakban.","robots":{"index":"index","follow":"follow","max-snippet":"max-snippet:-1","max-image-preview":"max-image-preview:large","max-video-preview":"max-video-preview:-1"},"canonical":"https:\/\/economiaportal.com\/hu\/2480\/kormanyzati-juttatasok-a-bevandorloknak\/","og_locale":"hu_HU","og_type":"article","og_title":"Benef\u00edcios do Governo dispon\u00edveis hoje - Economia Portal","og_description":"Conhe\u00e7a os Benef\u00edcios do Governo Para Imigrantes , veja se tem direito e solicite agora mesmo, aprenda tudo abaixo.","og_url":"https:\/\/economiaportal.com\/hu\/2480\/kormanyzati-juttatasok-a-bevandorloknak\/","og_site_name":"Economia Portal","article_published_time":"2025-07-02T16:51:26+00:00","article_modified_time":"2025-12-11T21:28:22+00:00","author":"admin","twitter_card":"summary_large_image","twitter_misc":{"Szerz\u0151:":"admin","Becs\u00fclt olvas\u00e1si id\u0151":"6 perc"},"schema":{"@context":"https:\/\/schema.org","@graph":[{"@type":"Article","@id":"https:\/\/economiaportal.com\/2480\/beneficios-do-governo-para-imigrantes\/#article","isPartOf":{"@id":"https:\/\/economiaportal.com\/2480\/beneficios-do-governo-para-imigrantes\/"},"author":{"name":"admin","@id":"https:\/\/economiaportal.com\/#\/schema\/person\/1633c7ca22d836a68c8907ef39e510f5"},"headline":"Benef\u00edcios do Governo dispon\u00edveis hoje","datePublished":"2025-07-02T16:51:26+00:00","dateModified":"2025-12-11T21:28:22+00:00","mainEntityOfPage":{"@id":"https:\/\/economiaportal.com\/2480\/beneficios-do-governo-para-imigrantes\/"},"wordCount":1140,"publisher":{"@id":"https:\/\/economiaportal.com\/#organization"},"articleSection":["Uncategorized"],"inLanguage":"hu"},{"@type":"WebPage","@id":"https:\/\/economiaportal.com\/2480\/beneficios-do-governo-para-imigrantes\/","url":"https:\/\/economiaportal.com\/2480\/beneficios-do-governo-para-imigrantes\/","name":"Ma el\u00e9rhet\u0151 korm\u00e1nyzati juttat\u00e1sok - Economia Portal","isPartOf":{"@id":"https:\/\/economiaportal.com\/#website"},"datePublished":"2025-07-02T16:51:26+00:00","dateModified":"2025-12-11T21:28:22+00:00","description":"Tudjon meg mindent a bev\u00e1ndorl\u00f3knak ny\u00fajtott korm\u00e1nyzati juttat\u00e1sokr\u00f3l, n\u00e9zze meg, jogosult-e r\u00e1, \u00e9s jelentkezzen most, tudjon meg mindent az al\u00e1bbiakban.","breadcrumb":{"@id":"https:\/\/economiaportal.com\/2480\/beneficios-do-governo-para-imigrantes\/#breadcrumb"},"inLanguage":"hu","potentialAction":[{"@type":"ReadAction","target":["https:\/\/economiaportal.com\/2480\/beneficios-do-governo-para-imigrantes\/"]}]},{"@type":"BreadcrumbList","@id":"https:\/\/economiaportal.com\/2480\/beneficios-do-governo-para-imigrantes\/#breadcrumb","itemListElement":[{"@type":"ListItem","position":1,"name":"In\u00edcio","item":"https:\/\/economiaportal.com\/"},{"@type":"ListItem","position":2,"name":"Benef\u00edcios do Governo dispon\u00edveis hoje"}]},{"@type":"WebSite","@id":"https:\/\/economiaportal.com\/#website","url":"https:\/\/economiaportal.com\/","name":"Gazdas\u00e1gi port\u00e1l","description":"","publisher":{"@id":"https:\/\/economiaportal.com\/#organization"},"potentialAction":[{"@type":"SearchAction","target":{"@type":"EntryPoint","urlTemplate":"https:\/\/economiaportal.com\/?s={search_term_string}"},"query-input":{"@type":"PropertyValueSpecification","valueRequired":true,"valueName":"search_term_string"}}],"inLanguage":"hu"},{"@type":"Organization","@id":"https:\/\/economiaportal.com\/#organization","name":"Gazdas\u00e1gi port\u00e1l","url":"https:\/\/economiaportal.com\/","logo":{"@type":"ImageObject","inLanguage":"hu","@id":"https:\/\/economiaportal.com\/#\/schema\/logo\/image\/","url":"https:\/\/economiaportal.com\/wp-content\/uploads\/2024\/07\/cropped-Design-sem-nome.jpg","contentUrl":"https:\/\/economiaportal.com\/wp-content\/uploads\/2024\/07\/cropped-Design-sem-nome.jpg","width":161,"height":45,"caption":"Economia Portal"},"image":{"@id":"https:\/\/economiaportal.com\/#\/schema\/logo\/image\/"}},{"@type":"Person","@id":"https:\/\/economiaportal.com\/#\/schema\/person\/1633c7ca22d836a68c8907ef39e510f5","name":"admin","image":{"@type":"ImageObject","inLanguage":"hu","@id":"https:\/\/economiaportal.com\/#\/schema\/person\/image\/","url":"https:\/\/economiaportal.com\/wp-content\/litespeed\/avatar\/d8bb0a0d516772e3dd31e2f3e00e93bf.jpg?ver=1777610515","contentUrl":"https:\/\/economiaportal.com\/wp-content\/litespeed\/avatar\/d8bb0a0d516772e3dd31e2f3e00e93bf.jpg?ver=1777610515","caption":"admin"},"url":"https:\/\/economiaportal.com\/hu\/author\/admin\/"}]}},"_links":{"self":[{"href":"https:\/\/economiaportal.com\/hu\/wp-json\/wp\/v2\/posts\/2480","targetHints":{"allow":["GET"]}}],"collection":[{"href":"https:\/\/economiaportal.com\/hu\/wp-json\/wp\/v2\/posts"}],"about":[{"href":"https:\/\/economiaportal.com\/hu\/wp-json\/wp\/v2\/types\/post"}],"author":[{"embeddable":true,"href":"https:\/\/economiaportal.com\/hu\/wp-json\/wp\/v2\/users\/14"}],"replies":[{"embeddable":true,"href":"https:\/\/economiaportal.com\/hu\/wp-json\/wp\/v2\/comments?post=2480"}],"version-history":[{"count":3,"href":"https:\/\/economiaportal.com\/hu\/wp-json\/wp\/v2\/posts\/2480\/revisions"}],"predecessor-version":[{"id":2515,"href":"https:\/\/economiaportal.com\/hu\/wp-json\/wp\/v2\/posts\/2480\/revisions\/2515"}],"wp:attachment":[{"href":"https:\/\/economiaportal.com\/hu\/wp-json\/wp\/v2\/media?parent=2480"}],"wp:term":[{"taxonomy":"category","embeddable":true,"href":"https:\/\/economiaportal.com\/hu\/wp-json\/wp\/v2\/categories?post=2480"},{"taxonomy":"post_tag","embeddable":true,"href":"https:\/\/economiaportal.com\/hu\/wp-json\/wp\/v2\/tags?post=2480"}],"curies":[{"name":"munkaf\u00fczet","href":"https:\/\/api.w.org\/{rel}","templated":true}]}}