{"id":2599,"date":"2026-02-05T20:36:52","date_gmt":"2026-02-05T17:36:52","guid":{"rendered":"https:\/\/economiaportal.com\/?p=2599"},"modified":"2026-02-05T20:36:53","modified_gmt":"2026-02-05T17:36:53","slug":"megtudja-ki-kemkedik-a-profiljan","status":"publish","type":"post","link":"https:\/\/economiaportal.com\/hu\/2599\/descubra-quem-esta-espionando-o-seu-perfil\/","title":{"rendered":"Tudd meg, ki k\u00e9mkedik a profilodon (Instagram \u00e9s Facebook)"},"content":{"rendered":"<p>\u00c9rezted m\u00e1r valaha azt a furcsa \u00e9rz\u00e9st. <strong>megfigyel\u00e9s alatt<\/strong> a k\u00f6z\u00f6ss\u00e9gi m\u00e9di\u00e1ban?<br>Feltett egy fot\u00f3t, egy t\u00f6rt\u00e9netet, egy tekercset... \u00e9s... <em>valaki<\/em> olyan m\u00f3don reag\u00e1lt, aminek semmi \u00e9rtelme nem volt.<br>T\u00fal gyorsan \u00e9lvezte. Mindent megn\u00e9zett. Id\u0151n k\u00edv\u00fcl komment\u00e1lt.<br>Vagy m\u00e9g rosszabb: <strong>egy\u00e1ltal\u00e1n nem tetszett<\/strong>, de \u00fagy t\u0171nik, mindent tud.<\/p>\n\n\n\n<p>Ha valaha is elgondolkodott azon. <strong>\u201cvalaki k\u00e9mkedik a profilomon\u201d<\/strong>, olvassa tov\u00e1bb.<br>Ez a sz\u00f6veg az\u00e9rt \u00edr\u00f3dott, hogy felt\u00e1rja azt, amit aligha magyar\u00e1z meg valaki vil\u00e1gosan.<\/p>\n\n\n\n<blockquote class=\"wp-block-quote is-layout-flow wp-block-quote-is-layout-flow\">\n<p>Megmondom \u0151szint\u00e9n: nem \u00e1rulok olcs\u00f3 ill\u00fazi\u00f3kat.<br>Elk\u00fcl\u00f6n\u00edtem <strong>m\u00edtosz, igazs\u00e1g \u00e9s val\u00f3di jelek<\/strong>.<br>\u00c9s a v\u00e9g\u00e9n tudni fogod. <strong>mit tudhatsz meg val\u00f3j\u00e1ban<\/strong> - \u00e9s milyen csapda.<\/p>\n<\/blockquote>\n\n\n\n<h2 class=\"wp-block-heading\">Mi\u00e9rt olyan gyakori a megfigyel\u00e9s \u00e9rz\u00e9se?<\/h2>\n\n\n\n<p>Mert <strong>a k\u00f6z\u00f6ss\u00e9gi h\u00e1l\u00f3zatokat erre tervezt\u00e9k<\/strong>.<\/p>\n\n\n\n<p>Serkentik:<\/p>\n\n\n\n<ul class=\"wp-block-list\">\n<li>\u00d6sszehasonl\u00edt\u00e1s<\/li>\n\n\n\n<li>K\u00edv\u00e1ncsis\u00e1g<\/li>\n\n\n\n<li>Csendes fel\u00fcgyelet<\/li>\n\n\n\n<li>M\u00e1s emberek \u00e9let\u00e9nek fogyaszt\u00e1sa interakci\u00f3 n\u00e9lk\u00fcl<\/li>\n<\/ul>\n\n\n\n<p>Ma, <strong>a l\u00e1thatatlan megfigyel\u00e9s a szok\u00e1sos viselked\u00e9s<\/strong>.<\/p>\n\n\n\n<p>A legt\u00f6bb ember:<\/p>\n\n\n\n<ul class=\"wp-block-list\">\n<li>T\u00f6rt\u00e9netek megtekint\u00e9se v\u00e1laszad\u00e1s n\u00e9lk\u00fcl<\/li>\n\n\n\n<li>Profilok elemz\u00e9se an\u00e9lk\u00fcl, hogy k\u00f6vetn\u00e9<\/li>\n\n\n\n<li>Be, ki, vissza... nem hagyva nyilv\u00e1nval\u00f3 nyomot...<\/li>\n<\/ul>\n\n\n\n<p>Ez pedig egyszer\u0171 pszichol\u00f3giai hat\u00e1st v\u00e1lt ki:<br>\ud83d\udc49 <strong>\u00e9rzed a jelenl\u00e9t\u00e9t, de nem l\u00e1tod az arc\u00e1t.<\/strong><\/p>\n\n\n\n<h2 class=\"wp-block-heading\">T\u00e9rj\u00fcnk r\u00f6gt\u00f6n a l\u00e9nyegre: meg tudod mondani, hogy ki k\u00e9mkedik a profilodon?<\/h2>\n\n\n\n<h3 class=\"wp-block-heading\">R\u00f6vid \u00e9s \u0151szinte v\u00e1lasz:<\/h3>\n\n\n\n<p><strong>Az Instagramon vagy a Facebookon nincs hivatalos lista, amely megmutatja, hogy \u201cki l\u00e1togatta meg a profilodat\u201d.<\/strong><\/p>\n\n\n\n<ul class=\"wp-block-list\">\n<li>Ez NEM jelenti azt, hogy nem lehet <strong>k\u00f6vetkeztetni, mint\u00e1kat azonos\u00edtani \u00e9s nagyon k\u00f6zel ker\u00fclni az igazs\u00e1ghoz.<\/strong>.<\/li>\n<\/ul>\n\n\n\n<p>A legt\u00f6bb ember itt meg\u00e1ll.<br>\u00c9s itt kezd\u0151dik az \u00e9rdekes r\u00e9sz.<\/p>\n\n\n\n<h2 class=\"wp-block-heading\">A hiba, amit a 90% emberek elk\u00f6vetnek<\/h2>\n\n\n\n<p>Keresik:<\/p>\n\n\n\n<ul class=\"wp-block-list\">\n<li>\u201cAlkalmaz\u00e1s, amely megmutatja, hogy ki l\u00e1togatta meg az Instagramomat\u201d<\/li>\n\n\n\n<li>\u201cHonnan tudhatom, hogy ki k\u00f6veti a Facebookomat\u201d<\/li>\n\n\n\n<li>\u201cFedezze fel a rejtett profil\u00fa l\u00e1togat\u00f3kat\u201d<\/li>\n<\/ul>\n\n\n\n<p>\u00c9s k\u00e9t komoly probl\u00e9m\u00e1ba \u00fctk\u00f6znek:<\/p>\n\n\n\n<ol class=\"wp-block-list\">\n<li><strong>Id\u0151pocs\u00e9kol\u00e1s<\/strong><\/li>\n\n\n\n<li><strong>Kock\u00e1ztatj\u00e1k a sz\u00e1ml\u00e1jukat<\/strong><\/li>\n<\/ol>\n\n\n\n<p>A helyes k\u00e9rd\u00e9s nem az, hogy <em>\u201cKi l\u00e1togatott meg?\u201d<\/em><br>A helyes k\u00e9rd\u00e9s a k\u00f6vetkez\u0151:<\/p>\n\n\n\n<blockquote class=\"wp-block-quote is-layout-flow wp-block-quote-is-layout-flow\">\n<p><strong>Ki figyel el\u00e9gg\u00e9 arra, hogy jeleket hagyjon?<\/strong><\/p>\n<\/blockquote>\n\n\n\n<p>Mert <strong>a figyelem mindig nyomot hagy<\/strong>.<\/p>\n\n\n\n<h2 class=\"wp-block-heading\">A 7 val\u00f3di jele annak, hogy valaki k\u00e9mkedik a profilodon<\/h2>\n\n\n\n<figure class=\"wp-block-image size-large\"><img fetchpriority=\"high\" decoding=\"async\" width=\"1024\" height=\"683\" src=\"https:\/\/economiaportal.com\/wp-content\/uploads\/2026\/02\/ChatGPT-Image-5-de-fev.-de-2026-14_13_53-1024x683.png\" alt=\"\" class=\"wp-image-2601\" srcset=\"https:\/\/economiaportal.com\/wp-content\/uploads\/2026\/02\/ChatGPT-Image-5-de-fev.-de-2026-14_13_53-1024x683.png 1024w, https:\/\/economiaportal.com\/wp-content\/uploads\/2026\/02\/ChatGPT-Image-5-de-fev.-de-2026-14_13_53-300x200.png 300w, https:\/\/economiaportal.com\/wp-content\/uploads\/2026\/02\/ChatGPT-Image-5-de-fev.-de-2026-14_13_53-768x512.png 768w, https:\/\/economiaportal.com\/wp-content\/uploads\/2026\/02\/ChatGPT-Image-5-de-fev.-de-2026-14_13_53-18x12.png 18w, https:\/\/economiaportal.com\/wp-content\/uploads\/2026\/02\/ChatGPT-Image-5-de-fev.-de-2026-14_13_53-90x60.png 90w, https:\/\/economiaportal.com\/wp-content\/uploads\/2026\/02\/ChatGPT-Image-5-de-fev.-de-2026-14_13_53-374x249.png 374w, https:\/\/economiaportal.com\/wp-content\/uploads\/2026\/02\/ChatGPT-Image-5-de-fev.-de-2026-14_13_53-802x534.png 802w, https:\/\/economiaportal.com\/wp-content\/uploads\/2026\/02\/ChatGPT-Image-5-de-fev.-de-2026-14_13_53-150x100.png 150w, https:\/\/economiaportal.com\/wp-content\/uploads\/2026\/02\/ChatGPT-Image-5-de-fev.-de-2026-14_13_53.png 1536w\" sizes=\"(max-width: 1024px) 100vw, 1024px\" \/><\/figure>\n\n\n\n<p>Itt nincs fant\u00e1zia.<br>Csak emberi viselked\u00e9s + platform logika.<\/p>\n\n\n\n<h3 class=\"wp-block-heading\">1. A szem\u00e9ly t\u00f6bbsz\u00f6r is megjelenik a t\u00f6rt\u00e9neteidben (ak\u00e1r reakci\u00f3 n\u00e9lk\u00fcl is).<\/h3>\n\n\n\n<p>Az Instagramon a <strong>a t\u00f6rt\u00e9netek megtekint\u00e9s\u00e9nek sorrendje nem v\u00e9letlenszer\u0171<\/strong>.<\/p>\n\n\n\n<p>Megfontolja:<\/p>\n\n\n\n<ul class=\"wp-block-list\">\n<li>A k\u00f6lcs\u00f6nhat\u00e1s gyakoris\u00e1ga<\/li>\n\n\n\n<li>A profilj\u00e1n t\u00f6lt\u00f6tt id\u0151<\/li>\n\n\n\n<li>L\u00e1togat\u00e1s a t\u00f6rt\u00e9nelemben<\/li>\n\n\n\n<li>K\u00f6zvetett kattint\u00e1sok<\/li>\n<\/ul>\n\n\n\n<p>Ha valaki:<\/p>\n\n\n\n<ul class=\"wp-block-list\">\n<li>Mindig az els\u0151k k\u00f6z\u00f6tt<\/li>\n\n\n\n<li>Minden t\u00f6rt\u00e9net megtekint\u00e9se<\/li>\n\n\n\n<li>Soha nem reag\u00e1l<\/li>\n<\/ul>\n\n\n\n<p>\ud83d\udc49 <strong>Magas szint\u0171 csendes figyelem<\/strong><\/p>\n\n\n\n<p>Ez nem abszol\u00fat bizony\u00edt\u00e9k, de az. <strong>er\u0151s jelz\u00e9s<\/strong>.<\/p>\n\n\n\n<h3 class=\"wp-block-heading\">2. K\u00e9s\u0151i kedvel\u00e9sek a r\u00e9gi hozz\u00e1sz\u00f3l\u00e1sokon<\/h3>\n\n\n\n<p>Ez egy klasszikus.<\/p>\n\n\n\n<p>A szem\u00e9ly:<\/p>\n\n\n\n<ul class=\"wp-block-list\">\n<li>Nem tetszik az \u00faj hozz\u00e1sz\u00f3l\u00e1sod<\/li>\n\n\n\n<li>De te szeretsz valamit <strong>3, 6 vagy 12 h\u00f3nappal ezel\u0151tt<\/strong><\/li>\n<\/ul>\n\n\n\n<p>Ez azt jelzi:<\/p>\n\n\n\n<ul class=\"wp-block-list\">\n<li>M\u00e9ly g\u00f6rget\u00e9s<\/li>\n\n\n\n<li>Sz\u00e1nd\u00e9kos navig\u00e1ci\u00f3<\/li>\n\n\n\n<li>Konkr\u00e9t \u00e9rdekl\u0151d\u00e9s \u00d6n (vagy az \u00d6n \u00e1ltal k\u00e9pviselt dolog) ir\u00e1nt.<\/li>\n<\/ul>\n\n\n\n<p>Ezt senki sem teszi v\u00e9letlen\u00fcl.<\/p>\n\n\n\n<h3 class=\"wp-block-heading\">3. Emberek, akik soha nem \u00e9rintkeznek, de t\u00fal sokat tudnak<\/h3>\n\n\n\n<p>M\u00e1r megt\u00f6rt\u00e9nt?<\/p>\n\n\n\n<p>Valaki megjegyzi:<\/p>\n\n\n\n<ul class=\"wp-block-list\">\n<li>Valami, amit csak a t\u00f6rt\u00e9netekben \u00edrt\u00e1l<\/li>\n\n\n\n<li>Egy apr\u00f3 r\u00e9szlet<\/li>\n\n\n\n<li>Egy olyan kontextus, amely nem volt a takarm\u00e1nyban<\/li>\n<\/ul>\n\n\n\n<p>Soha:<\/p>\n\n\n\n<ul class=\"wp-block-list\">\n<li>Mint a<\/li>\n\n\n\n<li>Comment<\/li>\n\n\n\n<li>V\u00e1lasz<\/li>\n<\/ul>\n\n\n\n<p>\ud83d\udc49 <strong>Rejtett megfigyel\u0151<\/strong><\/p>\n\n\n\n<p>Ezek az emberek mindent elfogyasztanak, de ker\u00fclik a kitetts\u00e9get.<\/p>\n\n\n\n<h3 class=\"wp-block-heading\">4. Folyamatos megtekint\u00e9s a t\u00f6rt\u00e9netekben + nincs interakci\u00f3 a feedben<\/h3>\n\n\n\n<p>Ez a minta gyakoribb, mint amilyennek l\u00e1tszik.<\/p>\n\n\n\n<p>Tipikus profil:<\/p>\n\n\n\n<ul class=\"wp-block-list\">\n<li>Nem tetszenek a hozz\u00e1sz\u00f3l\u00e1sok<\/li>\n\n\n\n<li>Nincs megjegyz\u00e9s<\/li>\n\n\n\n<li>Nincs DM<\/li>\n\n\n\n<li>De n\u00e9zd meg az \u00f6sszes t\u00f6rt\u00e9netet<\/li>\n<\/ul>\n\n\n\n<p>Ez jelezheti:<\/p>\n\n\n\n<ul class=\"wp-block-list\">\n<li>\u00d6sszehasonl\u00edt\u00e1s<\/li>\n\n\n\n<li>\u00c9rdekl\u0151d\u00e9s<\/li>\n\n\n\n<li>K\u00edv\u00e1ncsis\u00e1g<\/li>\n\n\n\n<li>A  weboldal figyelemmel k\u00eds\u00e9r\u00e9se<\/li>\n<\/ul>\n\n\n\n<p>K\u00fcl\u00f6n\u00f6sen gyakori a k\u00f6vetkez\u0151k k\u00f6r\u00e9ben:<\/p>\n\n\n\n<ul class=\"wp-block-list\">\n<li>Ex<\/li>\n\n\n\n<li>Versenyt\u00e1rsak<\/li>\n\n\n\n<li>Bizonytalan emberek<\/li>\n\n\n\n<li>Valaki, aki nem akarja, hogy \u00e9szrevegy\u00e9k.<\/li>\n<\/ul>\n\n\n\n<h3 class=\"wp-block-heading\">5. A szem\u00e9ly k\u00f6vetni kezd t\u00e9ged, miut\u00e1n megl\u00e1togattad a profilj\u00e1t.<\/h3>\n\n\n\n<p>Ez az\u00e9rt van, mert:<\/p>\n\n\n\n<ul class=\"wp-block-list\">\n<li>Kapott egy \u201ct\u00e1rsadalmi jelz\u00e9st\u201d<\/li>\n\n\n\n<li>Elmentem megn\u00e9zni, hogy ki vagy<\/li>\n\n\n\n<li>Id\u0151t t\u00f6lt\u00f6tt\u00e9l a profiloddal<\/li>\n\n\n\n<li>\u00dagy d\u00f6nt\u00f6tt, hogy k\u00f6veti<\/li>\n<\/ul>\n\n\n\n<p>Ez a hat\u00e1s megmutatja <strong>reakt\u00edv figyelem<\/strong>.<\/p>\n\n\n\n<p>Ez nem m\u00e9lyrehat\u00f3 k\u00e9mked\u00e9s, de az. <strong>\u00e9rdekelts\u00e9gi igazol\u00e1s<\/strong>.<\/p>\n\n\n\n<h3 class=\"wp-block-heading\">6. Furcs\u00e1n konkr\u00e9t javaslatok bar\u00e1toknak vagy k\u00f6vet\u0151knek<\/h3>\n\n\n\n<p>A peronok keresztezik egym\u00e1st:<\/p>\n\n\n\n<ul class=\"wp-block-list\">\n<li>L\u00e1togat\u00e1sok<\/li>\n\n\n\n<li>K\u00e9perny\u0151id\u0151<\/li>\n\n\n\n<li>Kattint\u00e1s<\/li>\n\n\n\n<li>N\u00e9vkeres\u00e9s<\/li>\n\n\n\n<li>K\u00f6zvetett kapcsolatok<\/li>\n<\/ul>\n\n\n\n<p>Ha valaki abszurd gyakoris\u00e1ggal jelenik meg a javaslatokban, <strong>valamif\u00e9le keresztez\u0151d\u00e9s van folyamatban.<\/strong>.<\/p>\n\n\n\n<p>Ez nem jelent k\u00f6zvetlen k\u00e9mked\u00e9st.<br>De ez azt jelenti. <strong>val\u00f3di digit\u00e1lis k\u00f6zels\u00e9g<\/strong>.<\/p>\n\n\n\n<h3 class=\"wp-block-heading\">7. Az illet\u0151 megv\u00e1ltoztatja a viselked\u00e9s\u00e9t, miut\u00e1n \u00d6n valami konkr\u00e9t dolgot \u00edrt.<\/h3>\n\n\n\n<p>P\u00e9lda:<\/p>\n\n\n\n<ul class=\"wp-block-list\">\n<li>Ha k\u00f6zz\u00e9teszel egy eredm\u00e9nyt \u2192 az illet\u0151 elt\u0171nik<\/li>\n\n\n\n<li>\u00d6n v\u00e9lem\u00e9nyt nyilv\u00e1n\u00edt \u2192 a szem\u00e9ly k\u00f6zvetve reag\u00e1l<\/li>\n\n\n\n<li>Valaki \u00fajat posztolsz \u2192 a szem\u00e9ly \u00fajra megjelenik<\/li>\n<\/ul>\n\n\n\n<p>Ez nem algoritmus.<br>Azaz <strong>\u00e9rzelmi reakci\u00f3<\/strong>.<\/p>\n\n\n\n<p>Az \u00e9rzelem pedig csak ott keletkezik, ahol figyelem van.<\/p>\n\n\n\n<h2 class=\"wp-block-heading\">Mi a helyzet az olyan alkalmaz\u00e1sokkal, amelyek azt \u00edg\u00e9rik, hogy megmutatj\u00e1k, ki l\u00e1togatta meg a profilodat?<\/h2>\n\n\n\n<p>Mit csin\u00e1lnak val\u00f3j\u00e1ban:<\/p>\n\n\n\n<ul class=\"wp-block-list\">\n<li>Megmutatj\u00e1k, hogy ki l\u00e9p kapcsolatba a legt\u00f6bbet<\/li>\n\n\n\n<li>V\u00e9letlenszer\u0171 list\u00e1kat \u00e1ll\u00edtanak \u00f6ssze<\/li>\n\n\n\n<li>Gy\u0171jtse \u00f6ssze az adatait<\/li>\n\n\n\n<li>Rekl\u00e1mok hurk\u00e1ba dobnak t\u00e9ged.<\/li>\n<\/ul>\n\n\n\n<p>Sokan m\u00e9g mindig k\u00e9rdezik:<\/p>\n\n\n\n<ul class=\"wp-block-list\">\n<li>Bejelentkez\u00e9s<\/li>\n\n\n\n<li>Vesz\u00e9lyes enged\u00e9lyek<\/li>\n\n\n\n<li>Teljes k\u00f6r\u0171 fi\u00f3khozz\u00e1f\u00e9r\u00e9s<\/li>\n<\/ul>\n\n\n\n<p>Azaz <strong>a betilt\u00e1s vagy inv\u00e1zi\u00f3 val\u00f3s vesz\u00e9lye<\/strong>.<\/p>\n\n\n\n<h2 class=\"wp-block-heading\">Akkor mi\u00e9rt hisznek olyan sokan ezekben az alkalmaz\u00e1sokban?<\/h2>\n\n\n\n<p>Egyszer\u0171:<\/p>\n\n\n\n<ul class=\"wp-block-list\">\n<li>A k\u00edv\u00e1ncsis\u00e1g elad<\/li>\n\n\n\n<li>A bizonytalans\u00e1g megt\u00e9r\u00fcl<\/li>\n\n\n\n<li>A rejt\u00e9ly megragadja a figyelmet<\/li>\n<\/ul>\n\n\n\n<p>A \u201cder\u00edtsd ki, hogy ki k\u00e9mkedik ut\u00e1nad\u201d \u00edg\u00e9ret nagyhat\u00e1s\u00fa.<br>De <strong>az igazs\u00e1g sokkal \u00e1rnyaltabb - \u00e9s hasznosabb<\/strong>.<\/p>\n\n\n\n<h2 class=\"wp-block-heading\">Az igazs\u00e1g, amir\u0151l senki sem besz\u00e9l<\/h2>\n\n\n\n<p>Nem kell tudnod <strong>pontosan ki<\/strong> k\u00e9mkedik a profilodon.<\/p>\n\n\n\n<p>Ezt tudnod kell:<\/p>\n\n\n\n<ul class=\"wp-block-list\">\n<li><strong>Ha van figyelem<\/strong><\/li>\n\n\n\n<li><strong>Honnan sz\u00e1rmazik<\/strong><\/li>\n\n\n\n<li><strong>Mit jelent ez<\/strong><\/li>\n\n\n\n<li><strong>Hogyan haszn\u00e1lhatja ezt az el\u0151ny\u00e9re<\/strong><\/li>\n<\/ul>\n\n\n\n<p>Mert a figyelem fizet\u0151eszk\u00f6z.<\/p>\n\n\n\n<p>\u00c9s a k\u00f6z\u00f6ss\u00e9gi m\u00e9di\u00e1ban:<\/p>\n\n\n\n<blockquote class=\"wp-block-quote is-layout-flow wp-block-quote-is-layout-flow\">\n<p>Azok, akik csendben figyelnek, \u00e1ltal\u00e1ban valamikor cselekszenek.<\/p>\n<\/blockquote>\n\n\n\n<h2 class=\"wp-block-heading\">Hogyan haszn\u00e1lhatod a saj\u00e1t el\u0151ny\u00f6dre (nem sokan teszik)<\/h2>\n\n\n\n<p>Ha a rejtett figyelem jeleit \u00e9szleli:<\/p>\n\n\n\n<ul class=\"wp-block-list\">\n<li>Olyan tartalmak k\u00f6zz\u00e9t\u00e9tele, amelyek <strong>reakci\u00f3t ig\u00e9nyelnek<\/strong><\/li>\n\n\n\n<li>Haszn\u00e1ljon t\u00f6rt\u00e9neteket egyszer\u0171 k\u00e9rd\u00e9sekkel<\/li>\n\n\n\n<li>\u00c9rzelmi kontraszt l\u00e9trehoz\u00e1sa<\/li>\n\n\n\n<li>Figyelj\u00fck, ki v\u00e1ltoztatja meg a viselked\u00e9s\u00e9t<\/li>\n<\/ul>\n\n\n\n<p>Nem szabad leleplezni.<br>De a <strong>a t\u00e1rsadalmi j\u00e1t\u00e9k meg\u00e9rt\u00e9se<\/strong>.<\/p>\n\n\n\n<p>Ez a k\u00f6vetkez\u0151kre vonatkozik<\/p>\n\n\n\n<ul class=\"wp-block-list\">\n<li>Szem\u00e9lyes \u00e9let<\/li>\n\n\n\n<li>Szem\u00e9lyes m\u00e1rka<\/li>\n\n\n\n<li>\u00dczleti<\/li>\n\n\n\n<li>Hat\u00f3s\u00e1g<\/li>\n\n\n\n<li>Helymeghat\u00e1roz\u00e1s<\/li>\n<\/ul>\n\n\n\n<h2 class=\"wp-block-heading\">Gyors \u00f6sszefoglal\u00f3 (mentse el)<\/h2>\n\n\n\n<p>\u2714 Nincs hivatalos l\u00e1togat\u00f3i lista<br>Az ezt \u00edg\u00e9r\u0151 alkalmaz\u00e1sok csapd\u00e1k<br>\u2714 A figyelem viselked\u00e9si nyomokat hagy<br>\u2714 A t\u00f6rt\u00e9netek a jelek f\u0151 forr\u00e1sa<br>\u2714 A minta t\u00f6bbet \u00e9r, mint egy elszigetelt esem\u00e9ny<\/p>\n\n\n\n<h2 class=\"wp-block-heading\">Az utols\u00f3 (\u00e9s legfontosabb) k\u00e9rd\u00e9s<\/h2>\n\n\n\n<p>Akarod:<\/p>\n\n\n\n<ul class=\"wp-block-list\">\n<li>Ismerje meg a  c\u00edmet. <strong>aki figyel t\u00e9ged<\/strong><br>vagy<\/li>\n\n\n\n<li>A  meg\u00e9rt\u00e9se <strong>mi\u00e9rt n\u00e9zik<\/strong>?<\/li>\n<\/ul>\n\n\n\n<p>Azok, akik ezt meg\u00e9rtik, m\u00e1r nem a k\u00edv\u00e1ncsis\u00e1g t\u00faszai.<br>\u00e9s a k\u00f6vetkez\u0151 lesz <strong>az \u00e9rz\u00e9kel\u00e9s, a figyelem \u00e9s a befoly\u00e1sol\u00e1s ir\u00e1ny\u00edt\u00e1sa<\/strong>.<\/p>\n\n\n\n<p>\u00c9s ez...<br>sokkal t\u00f6bbet \u00e9r, mint egy n\u00e9v egy soha nem l\u00e9tez\u0151 list\u00e1n.<\/p>\n\n\n\n<p>Ha id\u00e1ig eljutott\u00e1l, gratul\u00e1lok.<br>A legt\u00f6bbj\u00fck nem \u00e9rkezik meg.<\/p>\n\n\n\n<p>Most n\u00e9zze meg k\u00f6zelebbr\u0151l.<br>A v\u00e1laszok m\u00e1r megjelennek a saj\u00e1t profilj\u00e1n.<\/p>","protected":false},"excerpt":{"rendered":"<p>\u00c9rezted m\u00e1r azt a furcsa \u00e9rz\u00e9st, hogy figyelnek a k\u00f6z\u00f6ss\u00e9gi m\u00e9di\u00e1ban? Feltett\u00e9l egy fot\u00f3t, egy t\u00f6rt\u00e9netet, egy tekercset... \u00e9s valaki \u00fagy reag\u00e1lt, hogy nem volt \u00e9rtelme... <\/p>","protected":false},"author":20,"featured_media":2600,"comment_status":"open","ping_status":"open","sticky":false,"template":"","format":"standard","meta":{"footnotes":""},"categories":[1],"tags":[],"class_list":["post-2599","post","type-post","status-publish","format-standard","has-post-thumbnail","hentry","category-uncategorized","latest_post"],"yoast_head":"<!-- This site is optimized with the Yoast SEO plugin v26.8 - https:\/\/yoast.com\/product\/yoast-seo-wordpress\/ -->\n<title>Descubra Quem Est\u00e1 Espionando o Seu Perfil (Instagram e Facebook) - Economia Portal<\/title>\n<meta name=\"description\" content=\"Voc\u00ea j\u00e1 sentiu aquela sensa\u00e7\u00e3o estranha de estar sendo observado nas redes sociais?Postou uma foto, um story, um reels\u2026\" \/>\n<meta name=\"robots\" content=\"index, follow, max-snippet:-1, max-image-preview:large, max-video-preview:-1\" \/>\n<link rel=\"canonical\" href=\"https:\/\/economiaportal.com\/hu\/2599\/megtudja-ki-kemkedik-a-profiljan\/\" \/>\n<meta property=\"og:locale\" content=\"hu_HU\" \/>\n<meta property=\"og:type\" content=\"article\" \/>\n<meta property=\"og:title\" content=\"Descubra Quem Est\u00e1 Espionando o Seu Perfil (Instagram e Facebook) - Economia Portal\" \/>\n<meta property=\"og:description\" content=\"Voc\u00ea j\u00e1 sentiu aquela sensa\u00e7\u00e3o estranha de estar sendo observado nas redes sociais?Postou uma foto, um story, um reels\u2026\" \/>\n<meta property=\"og:url\" content=\"https:\/\/economiaportal.com\/hu\/2599\/megtudja-ki-kemkedik-a-profiljan\/\" \/>\n<meta property=\"og:site_name\" content=\"Economia Portal\" \/>\n<meta property=\"article:published_time\" content=\"2026-02-05T17:36:52+00:00\" \/>\n<meta property=\"article:modified_time\" content=\"2026-02-05T17:36:53+00:00\" \/>\n<meta property=\"og:image\" content=\"https:\/\/economiaportal.com\/wp-content\/uploads\/2026\/02\/ChatGPT-Image-5-de-fev.-de-2026-14_09_33-1024x683.png\" \/>\n\t<meta property=\"og:image:width\" content=\"1024\" \/>\n\t<meta property=\"og:image:height\" content=\"683\" \/>\n\t<meta property=\"og:image:type\" content=\"image\/png\" \/>\n<meta name=\"author\" content=\"tecnologia@otzads.net\" \/>\n<meta name=\"twitter:card\" content=\"summary_large_image\" \/>\n<meta name=\"twitter:label1\" content=\"Szerz\u0151:\" \/>\n\t<meta name=\"twitter:data1\" content=\"tecnologia@otzads.net\" \/>\n\t<meta name=\"twitter:label2\" content=\"Becs\u00fclt olvas\u00e1si id\u0151\" \/>\n\t<meta name=\"twitter:data2\" content=\"6 perc\" \/>\n<script type=\"application\/ld+json\" class=\"yoast-schema-graph\">{\"@context\":\"https:\/\/schema.org\",\"@graph\":[{\"@type\":\"Article\",\"@id\":\"https:\/\/economiaportal.com\/2599\/descubra-quem-esta-espionando-o-seu-perfil\/#article\",\"isPartOf\":{\"@id\":\"https:\/\/economiaportal.com\/2599\/descubra-quem-esta-espionando-o-seu-perfil\/\"},\"author\":{\"name\":\"tecnologia@otzads.net\",\"@id\":\"https:\/\/economiaportal.com\/#\/schema\/person\/cc05cf92c5e40b4d7c760ac75aa3179b\"},\"headline\":\"Descubra Quem Est\u00e1 Espionando o Seu Perfil (Instagram e Facebook)\",\"datePublished\":\"2026-02-05T17:36:52+00:00\",\"dateModified\":\"2026-02-05T17:36:53+00:00\",\"mainEntityOfPage\":{\"@id\":\"https:\/\/economiaportal.com\/2599\/descubra-quem-esta-espionando-o-seu-perfil\/\"},\"wordCount\":1049,\"commentCount\":0,\"publisher\":{\"@id\":\"https:\/\/economiaportal.com\/#organization\"},\"image\":{\"@id\":\"https:\/\/economiaportal.com\/2599\/descubra-quem-esta-espionando-o-seu-perfil\/#primaryimage\"},\"thumbnailUrl\":\"https:\/\/economiaportal.com\/wp-content\/uploads\/2026\/02\/ChatGPT-Image-5-de-fev.-de-2026-14_09_33.png\",\"articleSection\":[\"Uncategorized\"],\"inLanguage\":\"hu\",\"potentialAction\":[{\"@type\":\"CommentAction\",\"name\":\"Comment\",\"target\":[\"https:\/\/economiaportal.com\/2599\/descubra-quem-esta-espionando-o-seu-perfil\/#respond\"]}]},{\"@type\":\"WebPage\",\"@id\":\"https:\/\/economiaportal.com\/2599\/descubra-quem-esta-espionando-o-seu-perfil\/\",\"url\":\"https:\/\/economiaportal.com\/2599\/descubra-quem-esta-espionando-o-seu-perfil\/\",\"name\":\"Descubra Quem Est\u00e1 Espionando o Seu Perfil (Instagram e Facebook) - Economia Portal\",\"isPartOf\":{\"@id\":\"https:\/\/economiaportal.com\/#website\"},\"primaryImageOfPage\":{\"@id\":\"https:\/\/economiaportal.com\/2599\/descubra-quem-esta-espionando-o-seu-perfil\/#primaryimage\"},\"image\":{\"@id\":\"https:\/\/economiaportal.com\/2599\/descubra-quem-esta-espionando-o-seu-perfil\/#primaryimage\"},\"thumbnailUrl\":\"https:\/\/economiaportal.com\/wp-content\/uploads\/2026\/02\/ChatGPT-Image-5-de-fev.-de-2026-14_09_33.png\",\"datePublished\":\"2026-02-05T17:36:52+00:00\",\"dateModified\":\"2026-02-05T17:36:53+00:00\",\"description\":\"Voc\u00ea j\u00e1 sentiu aquela sensa\u00e7\u00e3o estranha de estar sendo observado nas redes sociais?Postou uma foto, um story, um reels\u2026\",\"breadcrumb\":{\"@id\":\"https:\/\/economiaportal.com\/2599\/descubra-quem-esta-espionando-o-seu-perfil\/#breadcrumb\"},\"inLanguage\":\"hu\",\"potentialAction\":[{\"@type\":\"ReadAction\",\"target\":[\"https:\/\/economiaportal.com\/2599\/descubra-quem-esta-espionando-o-seu-perfil\/\"]}]},{\"@type\":\"ImageObject\",\"inLanguage\":\"hu\",\"@id\":\"https:\/\/economiaportal.com\/2599\/descubra-quem-esta-espionando-o-seu-perfil\/#primaryimage\",\"url\":\"https:\/\/economiaportal.com\/wp-content\/uploads\/2026\/02\/ChatGPT-Image-5-de-fev.-de-2026-14_09_33.png\",\"contentUrl\":\"https:\/\/economiaportal.com\/wp-content\/uploads\/2026\/02\/ChatGPT-Image-5-de-fev.-de-2026-14_09_33.png\",\"width\":1536,\"height\":1024,\"caption\":\"espionar perfil\"},{\"@type\":\"BreadcrumbList\",\"@id\":\"https:\/\/economiaportal.com\/2599\/descubra-quem-esta-espionando-o-seu-perfil\/#breadcrumb\",\"itemListElement\":[{\"@type\":\"ListItem\",\"position\":1,\"name\":\"In\u00edcio\",\"item\":\"https:\/\/economiaportal.com\/\"},{\"@type\":\"ListItem\",\"position\":2,\"name\":\"Descubra Quem Est\u00e1 Espionando o Seu Perfil (Instagram e Facebook)\"}]},{\"@type\":\"WebSite\",\"@id\":\"https:\/\/economiaportal.com\/#website\",\"url\":\"https:\/\/economiaportal.com\/\",\"name\":\"Economia Portal\",\"description\":\"\",\"publisher\":{\"@id\":\"https:\/\/economiaportal.com\/#organization\"},\"potentialAction\":[{\"@type\":\"SearchAction\",\"target\":{\"@type\":\"EntryPoint\",\"urlTemplate\":\"https:\/\/economiaportal.com\/?s={search_term_string}\"},\"query-input\":{\"@type\":\"PropertyValueSpecification\",\"valueRequired\":true,\"valueName\":\"search_term_string\"}}],\"inLanguage\":\"hu\"},{\"@type\":\"Organization\",\"@id\":\"https:\/\/economiaportal.com\/#organization\",\"name\":\"Economia Portal\",\"url\":\"https:\/\/economiaportal.com\/\",\"logo\":{\"@type\":\"ImageObject\",\"inLanguage\":\"hu\",\"@id\":\"https:\/\/economiaportal.com\/#\/schema\/logo\/image\/\",\"url\":\"https:\/\/economiaportal.com\/wp-content\/uploads\/2024\/07\/cropped-Design-sem-nome.jpg\",\"contentUrl\":\"https:\/\/economiaportal.com\/wp-content\/uploads\/2024\/07\/cropped-Design-sem-nome.jpg\",\"width\":161,\"height\":45,\"caption\":\"Economia Portal\"},\"image\":{\"@id\":\"https:\/\/economiaportal.com\/#\/schema\/logo\/image\/\"}},{\"@type\":\"Person\",\"@id\":\"https:\/\/economiaportal.com\/#\/schema\/person\/cc05cf92c5e40b4d7c760ac75aa3179b\",\"name\":\"tecnologia@otzads.net\",\"image\":{\"@type\":\"ImageObject\",\"inLanguage\":\"hu\",\"@id\":\"https:\/\/economiaportal.com\/#\/schema\/person\/image\/\",\"url\":\"https:\/\/economiaportal.com\/wp-content\/litespeed\/avatar\/c34854a693fa4a8e6ff120e939c554da.jpg?ver=1777407409\",\"contentUrl\":\"https:\/\/economiaportal.com\/wp-content\/litespeed\/avatar\/c34854a693fa4a8e6ff120e939c554da.jpg?ver=1777407409\",\"caption\":\"tecnologia@otzads.net\"},\"url\":\"https:\/\/economiaportal.com\/hu\/author\/tecnologiaotzads-net\/\"}]}<\/script>\n<!-- \/ Yoast SEO plugin. -->","yoast_head_json":{"title":"Tudd meg, ki k\u00e9mkedik a profilodon (Instagram \u00e9s Facebook) - Economia Portal","description":"Volt m\u00e1r olyan furcsa \u00e9rz\u00e9sed, hogy figyelnek a k\u00f6z\u00f6ss\u00e9gi m\u00e9di\u00e1ban?posztolt\u00e1l egy fot\u00f3t, egy t\u00f6rt\u00e9netet, egy filmet,...","robots":{"index":"index","follow":"follow","max-snippet":"max-snippet:-1","max-image-preview":"max-image-preview:large","max-video-preview":"max-video-preview:-1"},"canonical":"https:\/\/economiaportal.com\/hu\/2599\/megtudja-ki-kemkedik-a-profiljan\/","og_locale":"hu_HU","og_type":"article","og_title":"Descubra Quem Est\u00e1 Espionando o Seu Perfil (Instagram e Facebook) - Economia Portal","og_description":"Voc\u00ea j\u00e1 sentiu aquela sensa\u00e7\u00e3o estranha de estar sendo observado nas redes sociais?Postou uma foto, um story, um reels\u2026","og_url":"https:\/\/economiaportal.com\/hu\/2599\/megtudja-ki-kemkedik-a-profiljan\/","og_site_name":"Economia Portal","article_published_time":"2026-02-05T17:36:52+00:00","article_modified_time":"2026-02-05T17:36:53+00:00","og_image":[{"width":1024,"height":683,"url":"https:\/\/economiaportal.com\/wp-content\/uploads\/2026\/02\/ChatGPT-Image-5-de-fev.-de-2026-14_09_33-1024x683.png","type":"image\/png"}],"author":"tecnologia@otzads.net","twitter_card":"summary_large_image","twitter_misc":{"Szerz\u0151:":"tecnologia@otzads.net","Becs\u00fclt olvas\u00e1si id\u0151":"6 perc"},"schema":{"@context":"https:\/\/schema.org","@graph":[{"@type":"Article","@id":"https:\/\/economiaportal.com\/2599\/descubra-quem-esta-espionando-o-seu-perfil\/#article","isPartOf":{"@id":"https:\/\/economiaportal.com\/2599\/descubra-quem-esta-espionando-o-seu-perfil\/"},"author":{"name":"tecnologia@otzads.net","@id":"https:\/\/economiaportal.com\/#\/schema\/person\/cc05cf92c5e40b4d7c760ac75aa3179b"},"headline":"Descubra Quem Est\u00e1 Espionando o Seu Perfil (Instagram e Facebook)","datePublished":"2026-02-05T17:36:52+00:00","dateModified":"2026-02-05T17:36:53+00:00","mainEntityOfPage":{"@id":"https:\/\/economiaportal.com\/2599\/descubra-quem-esta-espionando-o-seu-perfil\/"},"wordCount":1049,"commentCount":0,"publisher":{"@id":"https:\/\/economiaportal.com\/#organization"},"image":{"@id":"https:\/\/economiaportal.com\/2599\/descubra-quem-esta-espionando-o-seu-perfil\/#primaryimage"},"thumbnailUrl":"https:\/\/economiaportal.com\/wp-content\/uploads\/2026\/02\/ChatGPT-Image-5-de-fev.-de-2026-14_09_33.png","articleSection":["Uncategorized"],"inLanguage":"hu","potentialAction":[{"@type":"CommentAction","name":"Comment","target":["https:\/\/economiaportal.com\/2599\/descubra-quem-esta-espionando-o-seu-perfil\/#respond"]}]},{"@type":"WebPage","@id":"https:\/\/economiaportal.com\/2599\/descubra-quem-esta-espionando-o-seu-perfil\/","url":"https:\/\/economiaportal.com\/2599\/descubra-quem-esta-espionando-o-seu-perfil\/","name":"Tudd meg, ki k\u00e9mkedik a profilodon (Instagram \u00e9s Facebook) - Economia Portal","isPartOf":{"@id":"https:\/\/economiaportal.com\/#website"},"primaryImageOfPage":{"@id":"https:\/\/economiaportal.com\/2599\/descubra-quem-esta-espionando-o-seu-perfil\/#primaryimage"},"image":{"@id":"https:\/\/economiaportal.com\/2599\/descubra-quem-esta-espionando-o-seu-perfil\/#primaryimage"},"thumbnailUrl":"https:\/\/economiaportal.com\/wp-content\/uploads\/2026\/02\/ChatGPT-Image-5-de-fev.-de-2026-14_09_33.png","datePublished":"2026-02-05T17:36:52+00:00","dateModified":"2026-02-05T17:36:53+00:00","description":"Volt m\u00e1r olyan furcsa \u00e9rz\u00e9sed, hogy figyelnek a k\u00f6z\u00f6ss\u00e9gi m\u00e9di\u00e1ban?posztolt\u00e1l egy fot\u00f3t, egy t\u00f6rt\u00e9netet, egy filmet,...","breadcrumb":{"@id":"https:\/\/economiaportal.com\/2599\/descubra-quem-esta-espionando-o-seu-perfil\/#breadcrumb"},"inLanguage":"hu","potentialAction":[{"@type":"ReadAction","target":["https:\/\/economiaportal.com\/2599\/descubra-quem-esta-espionando-o-seu-perfil\/"]}]},{"@type":"ImageObject","inLanguage":"hu","@id":"https:\/\/economiaportal.com\/2599\/descubra-quem-esta-espionando-o-seu-perfil\/#primaryimage","url":"https:\/\/economiaportal.com\/wp-content\/uploads\/2026\/02\/ChatGPT-Image-5-de-fev.-de-2026-14_09_33.png","contentUrl":"https:\/\/economiaportal.com\/wp-content\/uploads\/2026\/02\/ChatGPT-Image-5-de-fev.-de-2026-14_09_33.png","width":1536,"height":1024,"caption":"espionar perfil"},{"@type":"BreadcrumbList","@id":"https:\/\/economiaportal.com\/2599\/descubra-quem-esta-espionando-o-seu-perfil\/#breadcrumb","itemListElement":[{"@type":"ListItem","position":1,"name":"In\u00edcio","item":"https:\/\/economiaportal.com\/"},{"@type":"ListItem","position":2,"name":"Descubra Quem Est\u00e1 Espionando o Seu Perfil (Instagram e Facebook)"}]},{"@type":"WebSite","@id":"https:\/\/economiaportal.com\/#website","url":"https:\/\/economiaportal.com\/","name":"Gazdas\u00e1gi port\u00e1l","description":"","publisher":{"@id":"https:\/\/economiaportal.com\/#organization"},"potentialAction":[{"@type":"SearchAction","target":{"@type":"EntryPoint","urlTemplate":"https:\/\/economiaportal.com\/?s={search_term_string}"},"query-input":{"@type":"PropertyValueSpecification","valueRequired":true,"valueName":"search_term_string"}}],"inLanguage":"hu"},{"@type":"Organization","@id":"https:\/\/economiaportal.com\/#organization","name":"Gazdas\u00e1gi port\u00e1l","url":"https:\/\/economiaportal.com\/","logo":{"@type":"ImageObject","inLanguage":"hu","@id":"https:\/\/economiaportal.com\/#\/schema\/logo\/image\/","url":"https:\/\/economiaportal.com\/wp-content\/uploads\/2024\/07\/cropped-Design-sem-nome.jpg","contentUrl":"https:\/\/economiaportal.com\/wp-content\/uploads\/2024\/07\/cropped-Design-sem-nome.jpg","width":161,"height":45,"caption":"Economia Portal"},"image":{"@id":"https:\/\/economiaportal.com\/#\/schema\/logo\/image\/"}},{"@type":"Person","@id":"https:\/\/economiaportal.com\/#\/schema\/person\/cc05cf92c5e40b4d7c760ac75aa3179b","name":"tecnologia@otzads.net","image":{"@type":"ImageObject","inLanguage":"hu","@id":"https:\/\/economiaportal.com\/#\/schema\/person\/image\/","url":"https:\/\/economiaportal.com\/wp-content\/litespeed\/avatar\/c34854a693fa4a8e6ff120e939c554da.jpg?ver=1777407409","contentUrl":"https:\/\/economiaportal.com\/wp-content\/litespeed\/avatar\/c34854a693fa4a8e6ff120e939c554da.jpg?ver=1777407409","caption":"tecnologia@otzads.net"},"url":"https:\/\/economiaportal.com\/hu\/author\/tecnologiaotzads-net\/"}]}},"_links":{"self":[{"href":"https:\/\/economiaportal.com\/hu\/wp-json\/wp\/v2\/posts\/2599","targetHints":{"allow":["GET"]}}],"collection":[{"href":"https:\/\/economiaportal.com\/hu\/wp-json\/wp\/v2\/posts"}],"about":[{"href":"https:\/\/economiaportal.com\/hu\/wp-json\/wp\/v2\/types\/post"}],"author":[{"embeddable":true,"href":"https:\/\/economiaportal.com\/hu\/wp-json\/wp\/v2\/users\/20"}],"replies":[{"embeddable":true,"href":"https:\/\/economiaportal.com\/hu\/wp-json\/wp\/v2\/comments?post=2599"}],"version-history":[{"count":1,"href":"https:\/\/economiaportal.com\/hu\/wp-json\/wp\/v2\/posts\/2599\/revisions"}],"predecessor-version":[{"id":2602,"href":"https:\/\/economiaportal.com\/hu\/wp-json\/wp\/v2\/posts\/2599\/revisions\/2602"}],"wp:featuredmedia":[{"embeddable":true,"href":"https:\/\/economiaportal.com\/hu\/wp-json\/wp\/v2\/media\/2600"}],"wp:attachment":[{"href":"https:\/\/economiaportal.com\/hu\/wp-json\/wp\/v2\/media?parent=2599"}],"wp:term":[{"taxonomy":"category","embeddable":true,"href":"https:\/\/economiaportal.com\/hu\/wp-json\/wp\/v2\/categories?post=2599"},{"taxonomy":"post_tag","embeddable":true,"href":"https:\/\/economiaportal.com\/hu\/wp-json\/wp\/v2\/tags?post=2599"}],"curies":[{"name":"munkaf\u00fczet","href":"https:\/\/api.w.org\/{rel}","templated":true}]}}