{"id":69,"date":"2022-10-17T13:37:15","date_gmt":"2022-10-17T10:37:15","guid":{"rendered":"https:\/\/economiaportal.com\/?p=69"},"modified":"2023-01-25T16:45:46","modified_gmt":"2023-01-25T13:45:46","slug":"megerteni-a-valtozo-dollart","status":"publish","type":"post","link":"https:\/\/economiaportal.com\/hu\/69\/entenda-sobre-a-variacao-do-dolar\/","title":{"rendered":"Ismerje meg a doll\u00e1r v\u00e1ltoz\u00e1s\u00e1t"},"content":{"rendered":"<p><strong>Ismerje meg a doll\u00e1r v\u00e1ltoz\u00e1s\u00e1t <\/strong>, megtudhatja, hogyan \u00e9s mi\u00e9rt t\u00f6rt\u00e9nik ez egyszer\u0171 m\u00f3don, \u00e9s mihez vezethet a fogyaszt\u00f3 zseb\u00e9ben.<\/p>\n\n\n\n<p>Amellett, hogy az utazni legink\u00e1bb szeret\u0151 brazilok zseb\u00e9t \u00e9rinti, a doll\u00e1r \u00e1rfolyam\u00e1nak v\u00e1ltoz\u00e1sa k\u00f6zvetlen hat\u00e1ssal van m\u00e1s term\u00e9kek \u00e1r\u00e1ra is. A szupermarket ezek k\u00f6z\u00e9 tartozik, \u00e9s mindenki szem\u00e9ben a legnagyobb megd\u00f6bben\u00e9st okoz\u00f3.<\/p>\n\n\n\n<p>Mindazon\u00e1ltal maradjon vel\u00fcnk a k\u00f6vetkez\u0151 bekezd\u00e9sekkel, ahol megpr\u00f3b\u00e1lunk minden k\u00e9ts\u00e9get eloszlatni, \u00e9s meg\u00e9rtetni \u00d6nnel a doll\u00e1r \u00e1rfolyam v\u00e1ltoz\u00e1s\u00e1t.<\/p>\n\n\n\n<h2 class=\"wp-block-heading\"><strong>Idegenforgalmi vagy kereskedelmi<\/strong><\/h2>\n\n\n\n<p>El\u0151sz\u00f6r is meg kell \u00e9rten\u00fcnk, hogy k\u00e9tf\u00e9le doll\u00e1r l\u00e9tezik, a <strong>turizmus \u00e9s kereskedelem<\/strong>.<\/p>\n\n\n\n<p>A turizmust mag\u00e1nszem\u00e9lyek is v\u00e9gezhetik. Ez akkor t\u00f6rt\u00e9nik, amikor a p\u00e9nz\u00fcnket doll\u00e1rra v\u00e1ltjuk.<\/p>\n\n\n\n<p>A kisebb befektetett \u00f6sszeg miatt dr\u00e1gul.<\/p>\n\n\n\n<p>V\u00e9g\u00fcl megvan a <strong>kereskedelmi doll\u00e1r<\/strong>. V\u00e1llalkoz\u00e1sok \u00e9s p\u00e9nzint\u00e9zetek hajtj\u00e1k v\u00e9gre. Ez a m\u00f3d \u00e1ltal\u00e1ban olcs\u00f3bb, \u00e9ppen a nagy mennyis\u00e9g mozgat\u00e1sa miatt.<\/p>\n\n\n\n<p>Mellesleg, amikor h\u00edreket n\u00e9z\u00fcnk a <strong>doll\u00e1r vari\u00e1ci\u00f3<\/strong>, a megadott inform\u00e1ci\u00f3 pontosan a <strong>kereskedelmi doll\u00e1r<\/strong>. Mert \u0151 az, aki az eg\u00e9sz gazdas\u00e1got \u00e9rinti.<\/p>\n\n\n\n<h2 class=\"wp-block-heading\"><strong>A doll\u00e1r ingadoz\u00e1s\u00e1r\u00f3l<\/strong><\/h2>\n\n\n\n<p>Most egyszer\u0171bb m\u00f3don elk\u00e9sz\u00edtj\u00fck <strong>meg\u00e9rteni a doll\u00e1r v\u00e1ltoz\u00e1s\u00e1t<\/strong>.<\/p>\n\n\n\n<p>Alapvet\u0151en a <strong>kereskedelmi doll\u00e1r<\/strong> K\u00fcl\u00f6nf\u00e9le helyzetekben haszn\u00e1lj\u00e1k, p\u00e9ld\u00e1ul korm\u00e1nyzati \u00e9s banki \u00fczleti tranzakci\u00f3kban, \u00e1ruk v\u00e1s\u00e1rl\u00e1s\u00e1ra \u00e9s elad\u00e1s\u00e1ra.<\/p>\n\n\n\n<p>A v\u00e1s\u00e1rl\u00e1sok \u00e9s elad\u00e1sok k\u00f6z\u00f6tt szerepel az import \u00e9s az export is. Emiatt alapvet\u0151en a doll\u00e1r ingadoz\u00e1sa a piaci kereslet \u00e9s k\u00edn\u00e1lat miatt k\u00f6vetkezik be.<\/p>\n\n\n\n<p>Ha azonban marad egy doll\u00e1r a piacon, a v\u00e1ltoz\u00e1s cs\u00f6kkenti az \u00e1rat. Ha t\u00f6bben v\u00e1s\u00e1rolnak doll\u00e1rt, az emelkedik.<\/p>\n\n\n\n<h2 class=\"wp-block-heading\"><strong>doll\u00e1r magas<\/strong><\/h2>\n\n\n\n<p>De mi\u00e9rt a <strong>doll\u00e1r emelked\u00e9s<\/strong>? Ennek n\u00e9h\u00e1ny oka van, a f\u0151bbeket id\u00e9zz\u00fck.<\/p>\n\n\n\n<p><strong>kereskedelmi m\u00e9rleg hi\u00e1nya<\/strong>: Ez akkor fordul el\u0151, ha Braz\u00edlia t\u00f6bbet import\u00e1l, mint export\u00e1l. Ezzel a doll\u00e1r k\u00edn\u00e1lata cs\u00f6kken, ami miatt felfel\u00e9 h\u00faz\u00f3dik.<\/p>\n\n\n\n<p><strong>k\u00fclf\u00f6ld\u00f6n t\u00f6lt\u00f6tt<\/strong>: T\u00f6bben v\u00e1ltj\u00e1k doll\u00e1rra p\u00e9nz\u00fcket, \u00edgy t\u00f6bb p\u00e9nzt k\u00f6ltenek Braz\u00edli\u00e1n k\u00edv\u00fcl.<\/p>\n\n\n\n<p><strong>Magas kamatok az Egyes\u00fclt \u00c1llamokban<\/strong>: a doll\u00e1r is megy, amikor az amerikai kamatok emelkednek. A brazil befektet\u0151k arra k\u00e9sztetik, hogy kivigy\u00e9k a p\u00e9nz\u00fcket az orsz\u00e1gb\u00f3l, hogy t\u00f6bbet kereshessenek.<\/p>\n\n\n\n<h2 class=\"wp-block-heading\"><strong>\u00c9s mikor esik a doll\u00e1r?<\/strong><\/h2>\n\n\n\n<p>Hasonl\u00f3k\u00e9ppen, a doll\u00e1r es\u00e9s\u00e9nek okai alapvet\u0151en ugyanazok, csak ford\u00edtva.<\/p>\n\n\n\n<p><strong>Kereskedelmi t\u00f6bblet<\/strong>: Ez akkor fordul el\u0151, ha t\u00f6bb brazil term\u00e9ket adnak el k\u00fclf\u00f6ld\u00f6n, t\u00f6bb doll\u00e1r ker\u00fcl be haz\u00e1nkba, \u00edgy n\u0151 a k\u00edn\u00e1lat.<\/p>\n\n\n\n<p><strong>k\u00fclf\u00f6ldi kiad\u00e1sok<\/strong>: Az orsz\u00e1gba l\u00e1togat\u00f3 k\u00fclf\u00f6ldiek magas sz\u00e1ma \u00e9s a magas k\u00f6ltekez\u00e9s miatt haz\u00e1nkban is n\u0151 a valuta.<\/p>\n\n\n\n<p><strong>Braz\u00edlia \u00e9rdekl\u0151d\u00e9s<\/strong>: Amikor a brazil kamatok emelkednek, az amerikai befektet\u0151knek meg\u00e9ri haz\u00e1nkba fektetni a valut\u00e1t.<\/p>\n\n\n\n<h2 class=\"wp-block-heading\"><strong>A doll\u00e1r emelked\u00e9se, milyen hat\u00e1sai vannak?<\/strong><\/h2>\n\n\n\n<p>A vil\u00e1g gazdas\u00e1ga nagyon dinamikus. Elk\u00e9sz\u00edt\u00e9se a <strong>doll\u00e1r vari\u00e1ci\u00f3<\/strong> legyen \u00e1lland\u00f3.<\/p>\n\n\n\n<p>Ha a piacon az a felfog\u00e1s, hogy az orsz\u00e1g p\u00e9ld\u00e1ul politikai z\u0171rzavaron megy kereszt\u00fcl. A tendencia az, hogy befektet\u0151ik abbahagyj\u00e1k a befektet\u00e9st, \u00e9s kiviszik p\u00e9nz\u00fcket az orsz\u00e1gb\u00f3l.<\/p>\n\n\n\n<p>M\u00e1sr\u00e9szt, ha a korm\u00e1ny bebizony\u00edtja, hogy meger\u0151s\u00edtik, t\u00f6bb \u00e9rm\u00e9t fektetnek be. A m\u00e1s orsz\u00e1gok k\u00f6z\u00f6tti kapcsolat azonban hat\u00e1ssal lehet a n\u00e1lunk tapasztalhat\u00f3 elt\u00e9r\u00e9sekre.<\/p>\n\n\n\n<h2 class=\"wp-block-heading\"><strong>\u00c9s a hat\u00e1sok, mik azok?<\/strong><\/h2>\n\n\n\n<p>Els\u0151k\u00e9nt azonban azok \u00e9rintettek, akik utazni k\u00e9sz\u00fclnek. Befoly\u00e1sol\u00f3 jegy\u00e1rak \u00e9s p\u00e9nzv\u00e1lt\u00f3k.<\/p>\n\n\n\n<p>K\u00f6z\u00e9p- \u00e9s hossz\u00fa t\u00e1von azonban a doll\u00e1r ingadoz\u00e1sa kihat a v\u00e9gs\u0151 fogyaszt\u00f3 zseb\u00e9re.<\/p>\n\n\n\n<p>A nagy c\u00e9gek, \u00e1ltal\u00e1ban azok, amelyek term\u00e9keket import\u00e1lnak, a magas k\u00f6lts\u00e9geket v\u00e9gs\u0151 \u00e9rt\u00e9k\u00fckben h\u00e1r\u00edtj\u00e1k \u00e1t. Ez hat\u00e1ssal lesz az infl\u00e1ci\u00f3ra, \u00e9s ezt a fogyaszt\u00f3 a zseb\u00e9ben fogja \u00e9rezni.<\/p>\n\n\n\n<p>Azonban a brazil term\u00e9kek is el\u0151ny\u00f6sek lehetnek. A ... val <strong>doll\u00e1r emelked\u00e9s<\/strong>, versenyk\u00e9pesebb \u00e1ron k\u00edn\u00e1lja a k\u00fclf\u00f6ld\u00f6n \u00e9rt\u00e9kes\u00edtett brazil term\u00e9keket.<\/p>\n\n\n\n<p>V\u00e9g\u00fcl fontos kiemelni, hogy a gazdas\u00e1gban a legt\u00f6bb el\u0151nnyel rendelkez\u0151 forgat\u00f3k\u00f6nyv az egyes orsz\u00e1gok minden k\u00f6r\u00fclm\u00e9ny\u00e9nek \u00e9s c\u00e9lkit\u0171z\u00e9s\u00e9nek megfelel\u0151en v\u00e1ltozik.<\/p>\n\n\n\n<h2 class=\"wp-block-heading\"><strong>De mi\u00e9rt olyan fontos a doll\u00e1r?<\/strong><\/h2>\n\n\n\n<p>Sok brazil megk\u00e9rd\u0151jelezi a doll\u00e1r jelent\u0151s\u00e9g\u00e9t, mivel a mi valut\u00e1nk az igazi.<\/p>\n\n\n\n<p>Ez az\u00e9rt t\u00f6rt\u00e9nik, mert a doll\u00e1r a legfontosabb referenciavaluta a vil\u00e1gon, \u00e9s a leg\u00e9rt\u00e9kesebb.<\/p>\n\n\n\n<p>M\u00e9g akkor is, ha az Egyes\u00fclt \u00c1llamok v\u00e1ls\u00e1gon megy kereszt\u00fcl, minden befektet\u0151 a doll\u00e1rban b\u00edzik a legjobban.<\/p>\n\n\n\n<p>Az Egyes\u00fclt \u00c1llamok a 20. sz\u00e1zadban er\u0151s\u00f6d\u00f6tt meg, amikor a h\u00e1bor\u00fak ut\u00e1n az orsz\u00e1g jelent\u0151s \u00f6sszegeket fektetett be a k\u00fclkereskedelembe. Ezzel gazdas\u00e1g\u00e1nak er\u0151s\u00f6d\u00e9se nem sokkal a vil\u00e1gh\u00e1bor\u00fak ut\u00e1n Eur\u00f3p\u00e1ban.<\/p>\n\n\n\n<p>A bankok \u00e9s a befektet\u0151k azonban magas doll\u00e1rtartal\u00e9kokkal rendelkeznek, \u00edgy minden, ami vele t\u00f6rt\u00e9nik, minden valut\u00e1t megv\u00e1ltoztat.<\/p>\n\n\n\n<h2 class=\"wp-block-heading\"><strong>K\u00f6vetkeztet\u00e9s<\/strong><\/h2>\n\n\n\n<p>Alapvet\u0151en rem\u00e9lj\u00fck <strong>v\u00e1ltozat\u00e1nak meg\u00e9rt\u00e9se <a href=\"https:\/\/www.melhorcambio.com\/dolar-hoje\">doll\u00e1r<\/a><\/strong>, \u00e9s annak minden hat\u00e1sa.<\/p>","protected":false},"excerpt":{"rendered":"<p>Ismerje meg a doll\u00e1r ingadoz\u00e1s\u00e1t, tanulja meg egyszer\u0171en, hogyan \u00e9s mi\u00e9rt t\u00f6rt\u00e9nik ez, \u00e9s mit tehet a fogyaszt\u00f3 zseb\u00e9ben. Amellett, hogy befoly\u00e1solja a\u2026 <\/p>","protected":false},"author":14,"featured_media":159,"comment_status":"closed","ping_status":"closed","sticky":false,"template":"","format":"standard","meta":{"footnotes":""},"categories":[69],"tags":[73,72,71,70],"class_list":["post-69","post","type-post","status-publish","format-standard","has-post-thumbnail","hentry","category-atualidades","tag-deficit-da-balanca-comercial","tag-dolar-comercial","tag-dolar-turismo","tag-entenda-sobre-a-variacao-do-dolar","latest_post"],"yoast_head":"<!-- This site is optimized with the Yoast SEO plugin v26.8 - https:\/\/yoast.com\/product\/yoast-seo-wordpress\/ -->\n<title>Entenda sobre a varia\u00e7\u00e3o do d\u00f3lar - Economia Portal<\/title>\n<meta name=\"description\" content=\"Entenda sobre a varia\u00e7\u00e3o do d\u00f3lar , saiba como e o porque isso acontece de forma simples, e o que pode acarretar no bolso do consumidor.\" \/>\n<meta name=\"robots\" content=\"index, follow, max-snippet:-1, max-image-preview:large, max-video-preview:-1\" \/>\n<link rel=\"canonical\" href=\"https:\/\/economiaportal.com\/hu\/69\/megerteni-a-valtozo-dollart\/\" \/>\n<meta property=\"og:locale\" content=\"hu_HU\" \/>\n<meta property=\"og:type\" content=\"article\" \/>\n<meta property=\"og:title\" content=\"Entenda sobre a varia\u00e7\u00e3o do d\u00f3lar - Economia Portal\" \/>\n<meta property=\"og:description\" content=\"Entenda sobre a varia\u00e7\u00e3o do d\u00f3lar , saiba como e o porque isso acontece de forma simples, e o que pode acarretar no bolso do consumidor.\" \/>\n<meta property=\"og:url\" content=\"https:\/\/economiaportal.com\/hu\/69\/megerteni-a-valtozo-dollart\/\" \/>\n<meta property=\"og:site_name\" content=\"Economia Portal\" \/>\n<meta property=\"article:published_time\" content=\"2022-10-17T10:37:15+00:00\" \/>\n<meta property=\"article:modified_time\" content=\"2023-01-25T13:45:46+00:00\" \/>\n<meta property=\"og:image\" content=\"https:\/\/economiaportal.com\/wp-content\/uploads\/2022\/10\/Variacao-Dolar.png\" \/>\n\t<meta property=\"og:image:width\" content=\"800\" \/>\n\t<meta property=\"og:image:height\" content=\"500\" \/>\n\t<meta property=\"og:image:type\" content=\"image\/png\" \/>\n<meta name=\"author\" content=\"admin\" \/>\n<meta name=\"twitter:card\" content=\"summary_large_image\" \/>\n<meta name=\"twitter:label1\" content=\"Szerz\u0151:\" \/>\n\t<meta name=\"twitter:data1\" content=\"admin\" \/>\n\t<meta name=\"twitter:label2\" content=\"Becs\u00fclt olvas\u00e1si id\u0151\" \/>\n\t<meta name=\"twitter:data2\" content=\"5 perc\" \/>\n<script type=\"application\/ld+json\" class=\"yoast-schema-graph\">{\"@context\":\"https:\/\/schema.org\",\"@graph\":[{\"@type\":\"Article\",\"@id\":\"https:\/\/economiaportal.com\/69\/entenda-sobre-a-variacao-do-dolar\/#article\",\"isPartOf\":{\"@id\":\"https:\/\/economiaportal.com\/69\/entenda-sobre-a-variacao-do-dolar\/\"},\"author\":{\"name\":\"admin\",\"@id\":\"https:\/\/economiaportal.com\/#\/schema\/person\/1633c7ca22d836a68c8907ef39e510f5\"},\"headline\":\"Entenda sobre a varia\u00e7\u00e3o do d\u00f3lar\",\"datePublished\":\"2022-10-17T10:37:15+00:00\",\"dateModified\":\"2023-01-25T13:45:46+00:00\",\"mainEntityOfPage\":{\"@id\":\"https:\/\/economiaportal.com\/69\/entenda-sobre-a-variacao-do-dolar\/\"},\"wordCount\":899,\"publisher\":{\"@id\":\"https:\/\/economiaportal.com\/#organization\"},\"image\":{\"@id\":\"https:\/\/economiaportal.com\/69\/entenda-sobre-a-variacao-do-dolar\/#primaryimage\"},\"thumbnailUrl\":\"https:\/\/economiaportal.com\/wp-content\/uploads\/2022\/10\/Variacao-Dolar.png\",\"keywords\":[\"D\u00e9ficit da balan\u00e7a comercial\",\"d\u00f3lar comercial\",\"d\u00f3lar turismo\",\"Entenda sobre a varia\u00e7\u00e3o do d\u00f3lar\"],\"articleSection\":[\"Atualidade\"],\"inLanguage\":\"hu\"},{\"@type\":\"WebPage\",\"@id\":\"https:\/\/economiaportal.com\/69\/entenda-sobre-a-variacao-do-dolar\/\",\"url\":\"https:\/\/economiaportal.com\/69\/entenda-sobre-a-variacao-do-dolar\/\",\"name\":\"Entenda sobre a varia\u00e7\u00e3o do d\u00f3lar - Economia Portal\",\"isPartOf\":{\"@id\":\"https:\/\/economiaportal.com\/#website\"},\"primaryImageOfPage\":{\"@id\":\"https:\/\/economiaportal.com\/69\/entenda-sobre-a-variacao-do-dolar\/#primaryimage\"},\"image\":{\"@id\":\"https:\/\/economiaportal.com\/69\/entenda-sobre-a-variacao-do-dolar\/#primaryimage\"},\"thumbnailUrl\":\"https:\/\/economiaportal.com\/wp-content\/uploads\/2022\/10\/Variacao-Dolar.png\",\"datePublished\":\"2022-10-17T10:37:15+00:00\",\"dateModified\":\"2023-01-25T13:45:46+00:00\",\"description\":\"Entenda sobre a varia\u00e7\u00e3o do d\u00f3lar , saiba como e o porque isso acontece de forma simples, e o que pode acarretar no bolso do consumidor.\",\"breadcrumb\":{\"@id\":\"https:\/\/economiaportal.com\/69\/entenda-sobre-a-variacao-do-dolar\/#breadcrumb\"},\"inLanguage\":\"hu\",\"potentialAction\":[{\"@type\":\"ReadAction\",\"target\":[\"https:\/\/economiaportal.com\/69\/entenda-sobre-a-variacao-do-dolar\/\"]}]},{\"@type\":\"ImageObject\",\"inLanguage\":\"hu\",\"@id\":\"https:\/\/economiaportal.com\/69\/entenda-sobre-a-variacao-do-dolar\/#primaryimage\",\"url\":\"https:\/\/economiaportal.com\/wp-content\/uploads\/2022\/10\/Variacao-Dolar.png\",\"contentUrl\":\"https:\/\/economiaportal.com\/wp-content\/uploads\/2022\/10\/Variacao-Dolar.png\",\"width\":800,\"height\":500,\"caption\":\"Entenda sobre a varia\u00e7\u00e3o do d\u00f3lar\"},{\"@type\":\"BreadcrumbList\",\"@id\":\"https:\/\/economiaportal.com\/69\/entenda-sobre-a-variacao-do-dolar\/#breadcrumb\",\"itemListElement\":[{\"@type\":\"ListItem\",\"position\":1,\"name\":\"In\u00edcio\",\"item\":\"https:\/\/economiaportal.com\/\"},{\"@type\":\"ListItem\",\"position\":2,\"name\":\"Entenda sobre a varia\u00e7\u00e3o do d\u00f3lar\"}]},{\"@type\":\"WebSite\",\"@id\":\"https:\/\/economiaportal.com\/#website\",\"url\":\"https:\/\/economiaportal.com\/\",\"name\":\"Economia Portal\",\"description\":\"\",\"publisher\":{\"@id\":\"https:\/\/economiaportal.com\/#organization\"},\"potentialAction\":[{\"@type\":\"SearchAction\",\"target\":{\"@type\":\"EntryPoint\",\"urlTemplate\":\"https:\/\/economiaportal.com\/?s={search_term_string}\"},\"query-input\":{\"@type\":\"PropertyValueSpecification\",\"valueRequired\":true,\"valueName\":\"search_term_string\"}}],\"inLanguage\":\"hu\"},{\"@type\":\"Organization\",\"@id\":\"https:\/\/economiaportal.com\/#organization\",\"name\":\"Economia Portal\",\"url\":\"https:\/\/economiaportal.com\/\",\"logo\":{\"@type\":\"ImageObject\",\"inLanguage\":\"hu\",\"@id\":\"https:\/\/economiaportal.com\/#\/schema\/logo\/image\/\",\"url\":\"https:\/\/economiaportal.com\/wp-content\/uploads\/2024\/07\/cropped-Design-sem-nome.jpg\",\"contentUrl\":\"https:\/\/economiaportal.com\/wp-content\/uploads\/2024\/07\/cropped-Design-sem-nome.jpg\",\"width\":161,\"height\":45,\"caption\":\"Economia Portal\"},\"image\":{\"@id\":\"https:\/\/economiaportal.com\/#\/schema\/logo\/image\/\"}},{\"@type\":\"Person\",\"@id\":\"https:\/\/economiaportal.com\/#\/schema\/person\/1633c7ca22d836a68c8907ef39e510f5\",\"name\":\"admin\",\"image\":{\"@type\":\"ImageObject\",\"inLanguage\":\"hu\",\"@id\":\"https:\/\/economiaportal.com\/#\/schema\/person\/image\/\",\"url\":\"https:\/\/economiaportal.com\/wp-content\/litespeed\/avatar\/d8bb0a0d516772e3dd31e2f3e00e93bf.jpg?ver=1777005689\",\"contentUrl\":\"https:\/\/economiaportal.com\/wp-content\/litespeed\/avatar\/d8bb0a0d516772e3dd31e2f3e00e93bf.jpg?ver=1777005689\",\"caption\":\"admin\"},\"url\":\"https:\/\/economiaportal.com\/hu\/author\/admin\/\"}]}<\/script>\n<!-- \/ Yoast SEO plugin. -->","yoast_head_json":{"title":"A doll\u00e1r \u00e1rfolyamv\u00e1ltoz\u00e1s\u00e1nak meg\u00e9rt\u00e9se - Economia Portal","description":"\u00c9rtse meg a doll\u00e1r \u00e1rfolyamv\u00e1ltoz\u00e1s\u00e1t, hogyan \u00e9s mi\u00e9rt t\u00f6rt\u00e9nik ez egyszer\u0171 m\u00f3don, \u00e9s mit jelenthet a fogyaszt\u00f3 zseb\u00e9ben.","robots":{"index":"index","follow":"follow","max-snippet":"max-snippet:-1","max-image-preview":"max-image-preview:large","max-video-preview":"max-video-preview:-1"},"canonical":"https:\/\/economiaportal.com\/hu\/69\/megerteni-a-valtozo-dollart\/","og_locale":"hu_HU","og_type":"article","og_title":"Entenda sobre a varia\u00e7\u00e3o do d\u00f3lar - Economia Portal","og_description":"Entenda sobre a varia\u00e7\u00e3o do d\u00f3lar , saiba como e o porque isso acontece de forma simples, e o que pode acarretar no bolso do consumidor.","og_url":"https:\/\/economiaportal.com\/hu\/69\/megerteni-a-valtozo-dollart\/","og_site_name":"Economia Portal","article_published_time":"2022-10-17T10:37:15+00:00","article_modified_time":"2023-01-25T13:45:46+00:00","og_image":[{"width":800,"height":500,"url":"https:\/\/economiaportal.com\/wp-content\/uploads\/2022\/10\/Variacao-Dolar.png","type":"image\/png"}],"author":"admin","twitter_card":"summary_large_image","twitter_misc":{"Szerz\u0151:":"admin","Becs\u00fclt olvas\u00e1si id\u0151":"5 perc"},"schema":{"@context":"https:\/\/schema.org","@graph":[{"@type":"Article","@id":"https:\/\/economiaportal.com\/69\/entenda-sobre-a-variacao-do-dolar\/#article","isPartOf":{"@id":"https:\/\/economiaportal.com\/69\/entenda-sobre-a-variacao-do-dolar\/"},"author":{"name":"admin","@id":"https:\/\/economiaportal.com\/#\/schema\/person\/1633c7ca22d836a68c8907ef39e510f5"},"headline":"Entenda sobre a varia\u00e7\u00e3o do d\u00f3lar","datePublished":"2022-10-17T10:37:15+00:00","dateModified":"2023-01-25T13:45:46+00:00","mainEntityOfPage":{"@id":"https:\/\/economiaportal.com\/69\/entenda-sobre-a-variacao-do-dolar\/"},"wordCount":899,"publisher":{"@id":"https:\/\/economiaportal.com\/#organization"},"image":{"@id":"https:\/\/economiaportal.com\/69\/entenda-sobre-a-variacao-do-dolar\/#primaryimage"},"thumbnailUrl":"https:\/\/economiaportal.com\/wp-content\/uploads\/2022\/10\/Variacao-Dolar.png","keywords":["D\u00e9ficit da balan\u00e7a comercial","d\u00f3lar comercial","d\u00f3lar turismo","Entenda sobre a varia\u00e7\u00e3o do d\u00f3lar"],"articleSection":["Atualidade"],"inLanguage":"hu"},{"@type":"WebPage","@id":"https:\/\/economiaportal.com\/69\/entenda-sobre-a-variacao-do-dolar\/","url":"https:\/\/economiaportal.com\/69\/entenda-sobre-a-variacao-do-dolar\/","name":"A doll\u00e1r \u00e1rfolyamv\u00e1ltoz\u00e1s\u00e1nak meg\u00e9rt\u00e9se - Economia Portal","isPartOf":{"@id":"https:\/\/economiaportal.com\/#website"},"primaryImageOfPage":{"@id":"https:\/\/economiaportal.com\/69\/entenda-sobre-a-variacao-do-dolar\/#primaryimage"},"image":{"@id":"https:\/\/economiaportal.com\/69\/entenda-sobre-a-variacao-do-dolar\/#primaryimage"},"thumbnailUrl":"https:\/\/economiaportal.com\/wp-content\/uploads\/2022\/10\/Variacao-Dolar.png","datePublished":"2022-10-17T10:37:15+00:00","dateModified":"2023-01-25T13:45:46+00:00","description":"\u00c9rtse meg a doll\u00e1r \u00e1rfolyamv\u00e1ltoz\u00e1s\u00e1t, hogyan \u00e9s mi\u00e9rt t\u00f6rt\u00e9nik ez egyszer\u0171 m\u00f3don, \u00e9s mit jelenthet a fogyaszt\u00f3 zseb\u00e9ben.","breadcrumb":{"@id":"https:\/\/economiaportal.com\/69\/entenda-sobre-a-variacao-do-dolar\/#breadcrumb"},"inLanguage":"hu","potentialAction":[{"@type":"ReadAction","target":["https:\/\/economiaportal.com\/69\/entenda-sobre-a-variacao-do-dolar\/"]}]},{"@type":"ImageObject","inLanguage":"hu","@id":"https:\/\/economiaportal.com\/69\/entenda-sobre-a-variacao-do-dolar\/#primaryimage","url":"https:\/\/economiaportal.com\/wp-content\/uploads\/2022\/10\/Variacao-Dolar.png","contentUrl":"https:\/\/economiaportal.com\/wp-content\/uploads\/2022\/10\/Variacao-Dolar.png","width":800,"height":500,"caption":"Entenda sobre a varia\u00e7\u00e3o do d\u00f3lar"},{"@type":"BreadcrumbList","@id":"https:\/\/economiaportal.com\/69\/entenda-sobre-a-variacao-do-dolar\/#breadcrumb","itemListElement":[{"@type":"ListItem","position":1,"name":"In\u00edcio","item":"https:\/\/economiaportal.com\/"},{"@type":"ListItem","position":2,"name":"Entenda sobre a varia\u00e7\u00e3o do d\u00f3lar"}]},{"@type":"WebSite","@id":"https:\/\/economiaportal.com\/#website","url":"https:\/\/economiaportal.com\/","name":"Gazdas\u00e1gi port\u00e1l","description":"","publisher":{"@id":"https:\/\/economiaportal.com\/#organization"},"potentialAction":[{"@type":"SearchAction","target":{"@type":"EntryPoint","urlTemplate":"https:\/\/economiaportal.com\/?s={search_term_string}"},"query-input":{"@type":"PropertyValueSpecification","valueRequired":true,"valueName":"search_term_string"}}],"inLanguage":"hu"},{"@type":"Organization","@id":"https:\/\/economiaportal.com\/#organization","name":"Gazdas\u00e1gi port\u00e1l","url":"https:\/\/economiaportal.com\/","logo":{"@type":"ImageObject","inLanguage":"hu","@id":"https:\/\/economiaportal.com\/#\/schema\/logo\/image\/","url":"https:\/\/economiaportal.com\/wp-content\/uploads\/2024\/07\/cropped-Design-sem-nome.jpg","contentUrl":"https:\/\/economiaportal.com\/wp-content\/uploads\/2024\/07\/cropped-Design-sem-nome.jpg","width":161,"height":45,"caption":"Economia Portal"},"image":{"@id":"https:\/\/economiaportal.com\/#\/schema\/logo\/image\/"}},{"@type":"Person","@id":"https:\/\/economiaportal.com\/#\/schema\/person\/1633c7ca22d836a68c8907ef39e510f5","name":"admin","image":{"@type":"ImageObject","inLanguage":"hu","@id":"https:\/\/economiaportal.com\/#\/schema\/person\/image\/","url":"https:\/\/economiaportal.com\/wp-content\/litespeed\/avatar\/d8bb0a0d516772e3dd31e2f3e00e93bf.jpg?ver=1777005689","contentUrl":"https:\/\/economiaportal.com\/wp-content\/litespeed\/avatar\/d8bb0a0d516772e3dd31e2f3e00e93bf.jpg?ver=1777005689","caption":"admin"},"url":"https:\/\/economiaportal.com\/hu\/author\/admin\/"}]}},"_links":{"self":[{"href":"https:\/\/economiaportal.com\/hu\/wp-json\/wp\/v2\/posts\/69","targetHints":{"allow":["GET"]}}],"collection":[{"href":"https:\/\/economiaportal.com\/hu\/wp-json\/wp\/v2\/posts"}],"about":[{"href":"https:\/\/economiaportal.com\/hu\/wp-json\/wp\/v2\/types\/post"}],"author":[{"embeddable":true,"href":"https:\/\/economiaportal.com\/hu\/wp-json\/wp\/v2\/users\/14"}],"replies":[{"embeddable":true,"href":"https:\/\/economiaportal.com\/hu\/wp-json\/wp\/v2\/comments?post=69"}],"version-history":[{"count":1,"href":"https:\/\/economiaportal.com\/hu\/wp-json\/wp\/v2\/posts\/69\/revisions"}],"predecessor-version":[{"id":72,"href":"https:\/\/economiaportal.com\/hu\/wp-json\/wp\/v2\/posts\/69\/revisions\/72"}],"wp:featuredmedia":[{"embeddable":true,"href":"https:\/\/economiaportal.com\/hu\/wp-json\/wp\/v2\/media\/159"}],"wp:attachment":[{"href":"https:\/\/economiaportal.com\/hu\/wp-json\/wp\/v2\/media?parent=69"}],"wp:term":[{"taxonomy":"category","embeddable":true,"href":"https:\/\/economiaportal.com\/hu\/wp-json\/wp\/v2\/categories?post=69"},{"taxonomy":"post_tag","embeddable":true,"href":"https:\/\/economiaportal.com\/hu\/wp-json\/wp\/v2\/tags?post=69"}],"curies":[{"name":"munkaf\u00fczet","href":"https:\/\/api.w.org\/{rel}","templated":true}]}}