{"id":1879,"date":"2025-03-04T17:07:38","date_gmt":"2025-03-04T14:07:38","guid":{"rendered":"https:\/\/economiaportal.com\/?p=1879"},"modified":"2025-03-11T18:26:34","modified_gmt":"2025-03-11T15:26:34","slug":"mudar-a-cor-do-facebook","status":"publish","type":"post","link":"https:\/\/economiaportal.com\/id\/1879\/mudar-a-cor-do-facebook\/","title":{"rendered":"Mudar a Cor do Facebook"},"content":{"rendered":"<p>N\u00e3o seria legal poder <strong>Mudar a Cor do Facebook<\/strong> e deixa-lo mais parecido com voc\u00ea? Descubra v\u00e1rias formas de fazer isso abaixo.<\/p>\n\n\n\n<style>\n.botao-container {\n    display: flex;\n    justify-content: center;\n    margin: 20px 0; \/* Espa\u00e7amento opcional *\/\n}\n\n.botao-estilizado {\n    display: inline-block;\n    padding: 12px 96px;\n    font-size: 18px;\n    font-weight: bold;\n    font-family: Arial, sans-serif; \/* Fonte alterada para Arial *\/\n    color: white;\n    background: linear-gradient(145deg, #007bff, #0056b3);\n    border-radius: 8px;\n    box-shadow: 4px 4px 10px rgba(0, 0, 0, 0.2), \n                -2px -2px 5px rgba(255, 255, 255, 0.2);\n    text-decoration: none;\n    transition: all 0.3s ease-in-out;\n    text-align: center;\n}\n\n.botao-estilizado:hover {\n    background: linear-gradient(145deg, #0056b3, #004095);\n    box-shadow: 2px 2px 8px rgba(0, 0, 0, 0.3), \n                -1px -1px 4px rgba(255, 255, 255, 0.1);\n    transform: translateY(-3px);\n}\n<\/style>\n\n<div class=\"botao-container\">\n    <a href=\"https:\/\/economiaportal.com\/id\/1931\/\" class=\"botao-estilizado\">Mude a cor do Facebook agora<\/a>\n<\/div>\n\n\n\n<p>Certamente, o Facebook \u00e9 uma das redes sociais mais utilizadas no mundo, mas sua interface azul caracter\u00edstica pode parecer cansativa para alguns usu\u00e1rios. <\/p>\n\n\n\n<p>Infelizmente, o Facebook oficial n\u00e3o permite mudan\u00e7as de cores dentro do pr\u00f3prio aplicativo, mas existem algumas alternativas que permitem <strong>mudar a cor do Facebook<\/strong> e personalizar a apar\u00eancia da plataforma de acordo com o seu gosto.<\/p>\n\n\n\n<p>Felizmente, h\u00e1 diversas formas de modificar as cores do Facebook, seja atrav\u00e9s de <strong>extens\u00f5es para navegadores, aplicativos externos ou launchers personalizados para Android<\/strong>. <\/p>\n\n\n\n<p>Com isso, voc\u00ea pode deixar a rede social com um visual mais moderno e diferenciado.<\/p>\n\n\n\n<p>Neste artigo, voc\u00ea aprender\u00e1:<\/p>\n\n\n\n<ul class=\"wp-block-list\">\n<li>Como modificar a cor do Facebook no <strong>PC e no celular<\/strong>;<\/li>\n\n\n\n<li>M\u00e9todos seguros para personaliza\u00e7\u00e3o;<\/li>\n\n\n\n<li>Aplicativos e extens\u00f5es para essa finalidade;<\/li>\n\n\n\n<li>Como usar <strong>launchers no Android<\/strong> para alterar a apar\u00eancia do Facebook;<\/li>\n\n\n\n<li>Passo a passo detalhado para cada m\u00e9todo.<\/li>\n<\/ul>\n\n\n\n<p>Agora, confira todas as maneiras de personalizar o Facebook e deix\u00e1-lo do jeito que voc\u00ea deseja! \ud83c\udfa8\ud83d\udcf1\ud83d\udcbb<\/p>\n\n\n\n<h2 class=\"wp-block-heading\"><strong>1. Como Mudar a Cor do Facebook Usando Extens\u00f5es no PC<\/strong><\/h2>\n\n\n\n<p>Primeiramente, a maneira mais f\u00e1cil de alterar as cores do Facebook no computador \u00e9 utilizando <strong>extens\u00f5es para Google Chrome e Mozilla Firefox<\/strong>. <\/p>\n\n\n\n<p>Portanto, essas extens\u00f5es permitem personalizar a interface do site de maneira r\u00e1pida e segura.<\/p>\n\n\n\n<h3 class=\"wp-block-heading\"><strong>Extens\u00f5es Recomendadas<\/strong><\/h3>\n\n\n\n<ul class=\"wp-block-list\">\n<li>\u2705 <strong><a href=\"https:\/\/chrome.google.com\/webstore\/detail\/stylish-custom-themes-for\/fjnbnpbmkenffdnngjfgmeleoegfcffe\">Stylish<\/a><\/strong> \u2013 Permite aplicar temas personalizados no Facebook e em outros sites.<\/li>\n\n\n\n<li>\u2705 <strong><a href=\"https:\/\/chrome.google.com\/webstore\/detail\/color-changer-for-faceboo\/\">Color Changer for Facebook<\/a><\/strong> \u2013 Modifica a cor da interface do Facebook facilmente.<\/li>\n\n\n\n<li>\u2705 <strong><a href=\"https:\/\/chrome.google.com\/webstore\/detail\/super-dark-mode\/jihlepdfhceegfhljjibgcnbebgkhkij\">Super Dark Mode<\/a><\/strong> \u2013 Possui op\u00e7\u00f5es de temas escuros para Facebook.<\/li>\n<\/ul>\n\n\n\n<h3 class=\"wp-block-heading\"><strong>Passo a Passo para Usar o Stylish<\/strong><\/h3>\n\n\n\n<ol class=\"wp-block-list\">\n<li>Acesse a <strong>Chrome Web Store<\/strong> ou a loja de extens\u00f5es do Firefox.<\/li>\n\n\n\n<li>Busque pela extens\u00e3o <strong>Stylish<\/strong> e clique em <strong>Adicionar ao Chrome<\/strong>.<\/li>\n\n\n\n<li>Ap\u00f3s a instala\u00e7\u00e3o, abra o Facebook e clique no \u00edcone do Stylish no navegador.<\/li>\n\n\n\n<li>Escolha um tema personalizado ou crie seu pr\u00f3prio estilo.<\/li>\n\n\n\n<li>Ative a nova apar\u00eancia e aproveite seu Facebook personalizado!<\/li>\n<\/ol>\n\n\n\n<p>Esse m\u00e9todo \u00e9 ideal para usu\u00e1rios que acessam o Facebook pelo navegador e desejam uma experi\u00eancia visual diferenciada.<\/p>\n\n\n\n<h2 class=\"wp-block-heading\"><strong>2. Como Mudar a Cor do Facebook no Celular com Aplicativos<\/strong><\/h2>\n\n\n\n<p>Em seguida, no celular, n\u00e3o h\u00e1 uma op\u00e7\u00e3o nativa para alterar a cor do Facebook, mas existem aplicativos que permitem personalizar a apar\u00eancia da rede social.<\/p>\n\n\n\n<h3 class=\"wp-block-heading\"><strong>Melhores Aplicativos para Alterar a Cor do Facebook<\/strong><\/h3>\n\n\n\n<ul class=\"wp-block-list\">\n<li>\u2705 <strong>Maki Plus<\/strong> \u2013 Um aplicativo alternativo ao Facebook com op\u00e7\u00f5es de temas coloridos.<\/li>\n\n\n\n<li>\u2705 <strong>Folio for Facebook &amp; Messenger<\/strong> \u2013 Oferece personaliza\u00e7\u00e3o visual e modo escuro avan\u00e7ado.<\/li>\n\n\n\n<li>\u2705 <strong>Swipe for Facebook<\/strong> \u2013 Vers\u00e3o leve e altamente personaliz\u00e1vel do Facebook.<\/li>\n<\/ul>\n\n\n\n<h3 class=\"wp-block-heading\"><strong>Passo a Passo para Usar o Maki Plus<\/strong><\/h3>\n\n\n\n<ol class=\"wp-block-list\">\n<li>Baixe o aplicativo <strong>Maki Plus<\/strong><\/li>\n\n\n\n<li>Instale e abra o aplicativo.<\/li>\n\n\n\n<li>Fa\u00e7a login na sua conta do Facebook dentro do app.<\/li>\n\n\n\n<li>Acesse as configura\u00e7\u00f5es do aplicativo e escolha um <strong>tema de cor diferente<\/strong>.<\/li>\n\n\n\n<li>Aproveite o Facebook com uma interface renovada!<\/li>\n<\/ol>\n\n\n\n<p>Enfim, o Maki Plus e o Folio s\u00e3o boas alternativas para quem deseja uma vers\u00e3o mais leve e customiz\u00e1vel do Facebook no celular.<\/p>\n\n\n\n<h2 class=\"wp-block-heading\"><strong>3. Como Usar Launchers no Android para Modificar as Cores do Facebook<\/strong><\/h2>\n\n\n\n<p>Finalmente, outra forma de modificar a apar\u00eancia do Facebook no celular Android \u00e9 usando <strong>launchers personalizados<\/strong>. <\/p>\n\n\n\n<p>Contudo, eles permitem alterar os \u00edcones dos aplicativos, modificar a interface geral do sistema e at\u00e9 personalizar a cor dos menus.<\/p>\n\n\n\n<h3 class=\"wp-block-heading\"><strong>Melhores Launchers para Personaliza\u00e7\u00e3o<\/strong><\/h3>\n\n\n\n<ul class=\"wp-block-list\">\n<li>\u2705 <strong><a href=\"https:\/\/play.google.com\/store\/apps\/details?id=com.teslacoilsw.launcher\">Nova Launcher<\/a><\/strong> \u2013 Permite alterar \u00edcones e cores do sistema.<\/li>\n\n\n\n<li>\u2705 <strong><a href=\"https:\/\/play.google.com\/store\/apps\/details?id=com.actionlauncher.playstore\">Action Launcher<\/a><\/strong> \u2013 \u00d3tima alternativa para modificar temas e personalizar o celular.<\/li>\n\n\n\n<li>\u2705 <strong>Apex Launcher<\/strong> \u2013 Oferece diversas op\u00e7\u00f5es de customiza\u00e7\u00e3o e \u00edcones diferentes.<\/li>\n<\/ul>\n\n\n\n<h3 class=\"wp-block-heading\"><strong>Passo a Passo para Mudar o \u00cdcone do Facebook com Nova Launcher<\/strong><\/h3>\n\n\n\n<ol class=\"wp-block-list\">\n<li>Baixe e instale o <strong>Nova Launcher<\/strong>.<\/li>\n\n\n\n<li>Pressione e segure o \u00edcone do Facebook na tela inicial.<\/li>\n\n\n\n<li>Toque em <strong>Editar<\/strong>.<\/li>\n\n\n\n<li>Escolha um novo \u00edcone ou baixe um <strong>pacote de \u00edcones personalizados<\/strong>.<\/li>\n\n\n\n<li>Confirme e veja a nova apar\u00eancia do \u00edcone do Facebook.<\/li>\n<\/ol>\n\n\n\n<p>Afinal, essa op\u00e7\u00e3o n\u00e3o altera as cores dentro do aplicativo, mas permite personalizar a experi\u00eancia geral do Facebook no celular.<\/p>\n\n\n\n<h2 class=\"wp-block-heading\"><strong>Conclus\u00e3o<\/strong><\/h2>\n\n\n\n<p>Enfim, embora o Facebook oficial n\u00e3o ofere\u00e7a muitas op\u00e7\u00f5es de personaliza\u00e7\u00e3o, existem diversas maneiras de <strong>mudar a cor do Facebook<\/strong> e tornar sua experi\u00eancia na plataforma mais agrad\u00e1vel e \u00fanica. <\/p>\n\n\n\n<p>Assim, se voc\u00ea deseja uma mudan\u00e7a mais simples, pode utilizar <strong>extens\u00f5es no navegador<\/strong>, como o <strong>Stylish<\/strong>. <\/p>\n\n\n\n<p>Pois, para quem usa o Facebook no celular, os aplicativos como <strong>Maki Plus<\/strong> e <strong>Folio<\/strong> oferecem \u00f3timas alternativas com personaliza\u00e7\u00e3o avan\u00e7ada.<\/p>\n\n\n\n<p>Al\u00e9m disso, os <strong>launchers personalizados<\/strong> s\u00e3o uma excelente forma de modificar os \u00edcones do Facebook e aprimorar a apar\u00eancia do sistema como um todo. <\/p>\n\n\n\n<p>Portanto, seja qual for sua escolha, agora voc\u00ea tem diversas op\u00e7\u00f5es para transformar o visual do Facebook conforme sua prefer\u00eancia.<\/p>\n\n\n\n<p>Ent\u00e3o, agora que voc\u00ea j\u00e1 sabe <strong>como mudar a cor do Facebook<\/strong>, escolha o m\u00e9todo que mais combina com voc\u00ea e personalize sua rede social do jeito que quiser! \ud83c\udfa8\ud83d\udcf1\ud83d\udcbb<\/p>","protected":false},"excerpt":{"rendered":"<p>N\u00e3o seria legal poder Mudar a Cor do Facebook e deixa-lo mais parecido com voc\u00ea? Descubra v\u00e1rias formas de fazer isso abaixo. Mude a cor do Facebook agora Certamente, o &hellip; <\/p>","protected":false},"author":14,"featured_media":0,"comment_status":"closed","ping_status":"closed","sticky":false,"template":"","format":"standard","meta":{"footnotes":""},"categories":[1],"tags":[1242,1251,1245,1248,1247,1243,1250,1244,1246,1249],"class_list":["post-1879","post","type-post","status-publish","format-standard","hentry","category-uncategorized","tag-action-laucher","tag-apex-launcher","tag-color-change","tag-folio","tag-maki-plus","tag-mudar-a-cor-do-facebook","tag-nova-louncher","tag-stylish","tag-super-dark-mode","tag-swipe-facebook","latest_post"],"yoast_head":"<!-- This site is optimized with the Yoast SEO plugin v26.8 - https:\/\/yoast.com\/product\/yoast-seo-wordpress\/ -->\n<title>Mudar a Cor do Facebook - Economia Portal<\/title>\n<meta name=\"description\" content=\"N\u00e3o seria legal poder Mudar a Cor do Facebook e deixa-lo mais parecido com voc\u00ea? Descubra v\u00e1rias formas de fazer isso abaixo.\" \/>\n<meta name=\"robots\" content=\"index, follow, max-snippet:-1, max-image-preview:large, max-video-preview:-1\" \/>\n<link rel=\"canonical\" href=\"https:\/\/economiaportal.com\/id\/1879\/mudar-a-cor-do-facebook\/\" \/>\n<meta property=\"og:locale\" content=\"id_ID\" \/>\n<meta property=\"og:type\" content=\"article\" \/>\n<meta property=\"og:title\" content=\"Mudar a Cor do Facebook - Economia Portal\" \/>\n<meta property=\"og:description\" content=\"N\u00e3o seria legal poder Mudar a Cor do Facebook e deixa-lo mais parecido com voc\u00ea? Descubra v\u00e1rias formas de fazer isso abaixo.\" \/>\n<meta property=\"og:url\" content=\"https:\/\/economiaportal.com\/id\/1879\/mudar-a-cor-do-facebook\/\" \/>\n<meta property=\"og:site_name\" content=\"Economia Portal\" \/>\n<meta property=\"article:published_time\" content=\"2025-03-04T14:07:38+00:00\" \/>\n<meta property=\"article:modified_time\" content=\"2025-03-11T15:26:34+00:00\" \/>\n<meta name=\"author\" content=\"admin\" \/>\n<meta name=\"twitter:card\" content=\"summary_large_image\" \/>\n<meta name=\"twitter:label1\" content=\"Ditulis oleh\" \/>\n\t<meta name=\"twitter:data1\" content=\"admin\" \/>\n\t<meta name=\"twitter:label2\" content=\"Estimasi waktu membaca\" \/>\n\t<meta name=\"twitter:data2\" content=\"5 menit\" \/>\n<script type=\"application\/ld+json\" class=\"yoast-schema-graph\">{\"@context\":\"https:\/\/schema.org\",\"@graph\":[{\"@type\":\"Article\",\"@id\":\"https:\/\/economiaportal.com\/1879\/mudar-a-cor-do-facebook\/#article\",\"isPartOf\":{\"@id\":\"https:\/\/economiaportal.com\/1879\/mudar-a-cor-do-facebook\/\"},\"author\":{\"name\":\"admin\",\"@id\":\"https:\/\/economiaportal.com\/#\/schema\/person\/1633c7ca22d836a68c8907ef39e510f5\"},\"headline\":\"Mudar a Cor do Facebook\",\"datePublished\":\"2025-03-04T14:07:38+00:00\",\"dateModified\":\"2025-03-11T15:26:34+00:00\",\"mainEntityOfPage\":{\"@id\":\"https:\/\/economiaportal.com\/1879\/mudar-a-cor-do-facebook\/\"},\"wordCount\":859,\"publisher\":{\"@id\":\"https:\/\/economiaportal.com\/#organization\"},\"keywords\":[\"Action Laucher\",\"Apex launcher\",\"Color Change\",\"Folio\",\"Maki plus\",\"Mudar a Cor do Facebook\",\"Nova louncher\",\"Stylish\",\"Super Dark Mode\",\"Swipe facebook\"],\"articleSection\":[\"Uncategorized\"],\"inLanguage\":\"id\"},{\"@type\":\"WebPage\",\"@id\":\"https:\/\/economiaportal.com\/1879\/mudar-a-cor-do-facebook\/\",\"url\":\"https:\/\/economiaportal.com\/1879\/mudar-a-cor-do-facebook\/\",\"name\":\"Mudar a Cor do Facebook - Economia Portal\",\"isPartOf\":{\"@id\":\"https:\/\/economiaportal.com\/#website\"},\"datePublished\":\"2025-03-04T14:07:38+00:00\",\"dateModified\":\"2025-03-11T15:26:34+00:00\",\"description\":\"N\u00e3o seria legal poder Mudar a Cor do Facebook e deixa-lo mais parecido com voc\u00ea? Descubra v\u00e1rias formas de fazer isso abaixo.\",\"breadcrumb\":{\"@id\":\"https:\/\/economiaportal.com\/1879\/mudar-a-cor-do-facebook\/#breadcrumb\"},\"inLanguage\":\"id\",\"potentialAction\":[{\"@type\":\"ReadAction\",\"target\":[\"https:\/\/economiaportal.com\/1879\/mudar-a-cor-do-facebook\/\"]}]},{\"@type\":\"BreadcrumbList\",\"@id\":\"https:\/\/economiaportal.com\/1879\/mudar-a-cor-do-facebook\/#breadcrumb\",\"itemListElement\":[{\"@type\":\"ListItem\",\"position\":1,\"name\":\"In\u00edcio\",\"item\":\"https:\/\/economiaportal.com\/\"},{\"@type\":\"ListItem\",\"position\":2,\"name\":\"Mudar a Cor do Facebook\"}]},{\"@type\":\"WebSite\",\"@id\":\"https:\/\/economiaportal.com\/#website\",\"url\":\"https:\/\/economiaportal.com\/\",\"name\":\"Economia Portal\",\"description\":\"\",\"publisher\":{\"@id\":\"https:\/\/economiaportal.com\/#organization\"},\"potentialAction\":[{\"@type\":\"SearchAction\",\"target\":{\"@type\":\"EntryPoint\",\"urlTemplate\":\"https:\/\/economiaportal.com\/?s={search_term_string}\"},\"query-input\":{\"@type\":\"PropertyValueSpecification\",\"valueRequired\":true,\"valueName\":\"search_term_string\"}}],\"inLanguage\":\"id\"},{\"@type\":\"Organization\",\"@id\":\"https:\/\/economiaportal.com\/#organization\",\"name\":\"Economia Portal\",\"url\":\"https:\/\/economiaportal.com\/\",\"logo\":{\"@type\":\"ImageObject\",\"inLanguage\":\"id\",\"@id\":\"https:\/\/economiaportal.com\/#\/schema\/logo\/image\/\",\"url\":\"https:\/\/economiaportal.com\/wp-content\/uploads\/2024\/07\/cropped-Design-sem-nome.jpg\",\"contentUrl\":\"https:\/\/economiaportal.com\/wp-content\/uploads\/2024\/07\/cropped-Design-sem-nome.jpg\",\"width\":161,\"height\":45,\"caption\":\"Economia Portal\"},\"image\":{\"@id\":\"https:\/\/economiaportal.com\/#\/schema\/logo\/image\/\"}},{\"@type\":\"Person\",\"@id\":\"https:\/\/economiaportal.com\/#\/schema\/person\/1633c7ca22d836a68c8907ef39e510f5\",\"name\":\"admin\",\"image\":{\"@type\":\"ImageObject\",\"inLanguage\":\"id\",\"@id\":\"https:\/\/economiaportal.com\/#\/schema\/person\/image\/\",\"url\":\"https:\/\/economiaportal.com\/wp-content\/litespeed\/avatar\/d8bb0a0d516772e3dd31e2f3e00e93bf.jpg?ver=1787755874\",\"contentUrl\":\"https:\/\/economiaportal.com\/wp-content\/litespeed\/avatar\/d8bb0a0d516772e3dd31e2f3e00e93bf.jpg?ver=1787755874\",\"caption\":\"admin\"},\"url\":\"https:\/\/economiaportal.com\/id\/author\/admin\/\"}]}<\/script>\n<!-- \/ Yoast SEO plugin. -->","yoast_head_json":{"title":"Mudar a Cor do Facebook - Economia Portal","description":"N\u00e3o seria legal poder Mudar a Cor do Facebook e deixa-lo mais parecido com voc\u00ea? Descubra v\u00e1rias formas de fazer isso abaixo.","robots":{"index":"index","follow":"follow","max-snippet":"max-snippet:-1","max-image-preview":"max-image-preview:large","max-video-preview":"max-video-preview:-1"},"canonical":"https:\/\/economiaportal.com\/id\/1879\/mudar-a-cor-do-facebook\/","og_locale":"id_ID","og_type":"article","og_title":"Mudar a Cor do Facebook - Economia Portal","og_description":"N\u00e3o seria legal poder Mudar a Cor do Facebook e deixa-lo mais parecido com voc\u00ea? Descubra v\u00e1rias formas de fazer isso abaixo.","og_url":"https:\/\/economiaportal.com\/id\/1879\/mudar-a-cor-do-facebook\/","og_site_name":"Economia Portal","article_published_time":"2025-03-04T14:07:38+00:00","article_modified_time":"2025-03-11T15:26:34+00:00","author":"admin","twitter_card":"summary_large_image","twitter_misc":{"Ditulis oleh":"admin","Estimasi waktu membaca":"5 menit"},"schema":{"@context":"https:\/\/schema.org","@graph":[{"@type":"Article","@id":"https:\/\/economiaportal.com\/1879\/mudar-a-cor-do-facebook\/#article","isPartOf":{"@id":"https:\/\/economiaportal.com\/1879\/mudar-a-cor-do-facebook\/"},"author":{"name":"admin","@id":"https:\/\/economiaportal.com\/#\/schema\/person\/1633c7ca22d836a68c8907ef39e510f5"},"headline":"Mudar a Cor do Facebook","datePublished":"2025-03-04T14:07:38+00:00","dateModified":"2025-03-11T15:26:34+00:00","mainEntityOfPage":{"@id":"https:\/\/economiaportal.com\/1879\/mudar-a-cor-do-facebook\/"},"wordCount":859,"publisher":{"@id":"https:\/\/economiaportal.com\/#organization"},"keywords":["Action Laucher","Apex launcher","Color Change","Folio","Maki plus","Mudar a Cor do Facebook","Nova louncher","Stylish","Super Dark Mode","Swipe facebook"],"articleSection":["Uncategorized"],"inLanguage":"id"},{"@type":"WebPage","@id":"https:\/\/economiaportal.com\/1879\/mudar-a-cor-do-facebook\/","url":"https:\/\/economiaportal.com\/1879\/mudar-a-cor-do-facebook\/","name":"Mudar a Cor do Facebook - Economia Portal","isPartOf":{"@id":"https:\/\/economiaportal.com\/#website"},"datePublished":"2025-03-04T14:07:38+00:00","dateModified":"2025-03-11T15:26:34+00:00","description":"N\u00e3o seria legal poder Mudar a Cor do Facebook e deixa-lo mais parecido com voc\u00ea? Descubra v\u00e1rias formas de fazer isso abaixo.","breadcrumb":{"@id":"https:\/\/economiaportal.com\/1879\/mudar-a-cor-do-facebook\/#breadcrumb"},"inLanguage":"id","potentialAction":[{"@type":"ReadAction","target":["https:\/\/economiaportal.com\/1879\/mudar-a-cor-do-facebook\/"]}]},{"@type":"BreadcrumbList","@id":"https:\/\/economiaportal.com\/1879\/mudar-a-cor-do-facebook\/#breadcrumb","itemListElement":[{"@type":"ListItem","position":1,"name":"In\u00edcio","item":"https:\/\/economiaportal.com\/"},{"@type":"ListItem","position":2,"name":"Mudar a Cor do Facebook"}]},{"@type":"WebSite","@id":"https:\/\/economiaportal.com\/#website","url":"https:\/\/economiaportal.com\/","name":"Economia Portal","description":"","publisher":{"@id":"https:\/\/economiaportal.com\/#organization"},"potentialAction":[{"@type":"SearchAction","target":{"@type":"EntryPoint","urlTemplate":"https:\/\/economiaportal.com\/?s={search_term_string}"},"query-input":{"@type":"PropertyValueSpecification","valueRequired":true,"valueName":"search_term_string"}}],"inLanguage":"id"},{"@type":"Organization","@id":"https:\/\/economiaportal.com\/#organization","name":"Economia Portal","url":"https:\/\/economiaportal.com\/","logo":{"@type":"ImageObject","inLanguage":"id","@id":"https:\/\/economiaportal.com\/#\/schema\/logo\/image\/","url":"https:\/\/economiaportal.com\/wp-content\/uploads\/2024\/07\/cropped-Design-sem-nome.jpg","contentUrl":"https:\/\/economiaportal.com\/wp-content\/uploads\/2024\/07\/cropped-Design-sem-nome.jpg","width":161,"height":45,"caption":"Economia Portal"},"image":{"@id":"https:\/\/economiaportal.com\/#\/schema\/logo\/image\/"}},{"@type":"Person","@id":"https:\/\/economiaportal.com\/#\/schema\/person\/1633c7ca22d836a68c8907ef39e510f5","name":"admin","image":{"@type":"ImageObject","inLanguage":"id","@id":"https:\/\/economiaportal.com\/#\/schema\/person\/image\/","url":"https:\/\/economiaportal.com\/wp-content\/litespeed\/avatar\/d8bb0a0d516772e3dd31e2f3e00e93bf.jpg?ver=1787755874","contentUrl":"https:\/\/economiaportal.com\/wp-content\/litespeed\/avatar\/d8bb0a0d516772e3dd31e2f3e00e93bf.jpg?ver=1787755874","caption":"admin"},"url":"https:\/\/economiaportal.com\/id\/author\/admin\/"}]}},"_links":{"self":[{"href":"https:\/\/economiaportal.com\/id\/wp-json\/wp\/v2\/posts\/1879","targetHints":{"allow":["GET"]}}],"collection":[{"href":"https:\/\/economiaportal.com\/id\/wp-json\/wp\/v2\/posts"}],"about":[{"href":"https:\/\/economiaportal.com\/id\/wp-json\/wp\/v2\/types\/post"}],"author":[{"embeddable":true,"href":"https:\/\/economiaportal.com\/id\/wp-json\/wp\/v2\/users\/14"}],"replies":[{"embeddable":true,"href":"https:\/\/economiaportal.com\/id\/wp-json\/wp\/v2\/comments?post=1879"}],"version-history":[{"count":0,"href":"https:\/\/economiaportal.com\/id\/wp-json\/wp\/v2\/posts\/1879\/revisions"}],"wp:attachment":[{"href":"https:\/\/economiaportal.com\/id\/wp-json\/wp\/v2\/media?parent=1879"}],"wp:term":[{"taxonomy":"category","embeddable":true,"href":"https:\/\/economiaportal.com\/id\/wp-json\/wp\/v2\/categories?post=1879"},{"taxonomy":"post_tag","embeddable":true,"href":"https:\/\/economiaportal.com\/id\/wp-json\/wp\/v2\/tags?post=1879"}],"curies":[{"name":"wp","href":"https:\/\/api.w.org\/{rel}","templated":true}]}}