{"id":1931,"date":"2025-03-11T18:20:58","date_gmt":"2025-03-11T15:20:58","guid":{"rendered":"https:\/\/economiaportal.com\/?p=1931"},"modified":"2025-04-23T18:59:06","modified_gmt":"2025-04-23T15:59:06","slug":"como-mudar-as-cores-do-facebook","status":"publish","type":"post","link":"https:\/\/economiaportal.com\/id\/1931\/como-mudar-as-cores-do-facebook\/","title":{"rendered":"Como Mudar as Cores do Facebook"},"content":{"rendered":"<p>Portanto, se Voc\u00ea Esta Procurando Personalizar Seu Facebook, <strong>Como Mudar as Cores do Facebook<\/strong>, Temos Aqui o Passo a Passo , Leia Agora.<\/p>\n\n\n\n<style>\n.botao-container {\n    display: flex;\n    justify-content: center;\n    margin: 20px 0; \/* Espa\u00e7amento opcional *\/\n}\n\n.botao-estilizado {\n    display: inline-block;\n    padding: 12px 24px;\n    font-size: 18px;\n    font-weight: bold;\n    font-family: Arial, sans-serif; \/* Fonte alterada para Arial *\/\n    color: white;\n    background: linear-gradient(145deg, #007bff, #0056b3);\n    border-radius: 8px;\n    box-shadow: 4px 4px 10px rgba(0, 0, 0, 0.2), \n                -2px -2px 5px rgba(255, 255, 255, 0.2);\n    text-decoration: none;\n    transition: all 0.3s ease-in-out;\n    text-align: center;\n}\n\n.botao-estilizado:hover {\n    background: linear-gradient(145deg, #0056b3, #004095);\n    box-shadow: 2px 2px 8px rgba(0, 0, 0, 0.3), \n                -1px -1px 4px rgba(255, 255, 255, 0.1);\n    transform: translateY(-3px);\n}\n<\/style>\n\n<div class=\"botao-container\">\n    <a href=\"https:\/\/play.google.com\/store\/apps\/details?id=com.facebook.katana\" class=\"botao-estilizado\">Mude a cor do Facebook agora<\/a>\n<\/div>\n\n\n\n<p>Portanto, o Facebook \u00e9 uma das redes sociais mais usadas no mundo, mas sua interface azul caracter\u00edstica pode se tornar repetitiva para muitos usu\u00e1rios. <\/p>\n\n\n\n<p>Infelizmente, a plataforma n\u00e3o oferece op\u00e7\u00f5es nativas para personalizar cores, mas existem maneiras de <strong>mudar as cores do Facebook<\/strong> e deix\u00e1-lo com um visual \u00fanico e mais atraente.<\/p>\n\n\n\n<p>Portanto, se voc\u00ea deseja alterar as cores do Facebook no <strong>celular ou computador<\/strong>, h\u00e1 diversas alternativas que v\u00e3o desde <strong>extens\u00f5es para navegadores, launchers para Android e aplicativos personalizados<\/strong>. <\/p>\n\n\n\n<p>Entretanto, algumas dessas op\u00e7\u00f5es permitem at\u00e9 a mudan\u00e7a do <strong>\u00edcone do Facebook<\/strong>, tornando a personaliza\u00e7\u00e3o ainda mais completa.<\/p>\n\n\n\n<p>Portanto, Neste guia, voc\u00ea aprender\u00e1 as <strong>melhores formas de mudar a cor do Facebook<\/strong>, incluindo m\u00e9todos seguros e passo a passo detalhado para cada solu\u00e7\u00e3o. <\/p>\n\n\n\n<p>Por Fim, continue lendo e descubra como personalizar a apar\u00eancia da sua rede social favorita!<\/p>\n\n\n\n<h2 class=\"wp-block-heading\"><strong>1. Ativar o Modo Escuro do Facebook<\/strong><\/h2>\n\n\n\n<p>Portanto, a forma mais simples e segura de alterar a apar\u00eancia do Facebook \u00e9 ativando o <strong>modo escuro<\/strong>, que substitui o fundo branco por tons mais escuros, melhorando a visualiza\u00e7\u00e3o e reduzindo o consumo de bateria em dispositivos m\u00f3veis.<\/p>\n\n\n\n<h3 class=\"wp-block-heading\"><strong>Passo a Passo para Ativar o Modo Escuro no Facebook<\/strong><\/h3>\n\n\n\n<ol class=\"wp-block-list\">\n<li>Abra o <strong>Facebook<\/strong> no celular ou no computador.<\/li>\n\n\n\n<li>Toque no <strong>menu de tr\u00eas linhas<\/strong> (\u2630) no canto superior direito.<\/li>\n\n\n\n<li>Acesse <strong>Configura\u00e7\u00f5es e privacidade<\/strong>.<\/li>\n\n\n\n<li>Selecione <strong>Modo Escuro<\/strong>.<\/li>\n\n\n\n<li>Escolha entre as op\u00e7\u00f5es <strong>Ativado<\/strong>, <strong>Desativado<\/strong> ou <strong>Autom\u00e1tico<\/strong> (de acordo com o sistema do seu celular).<\/li>\n\n\n\n<li>O Facebook ser\u00e1 atualizado com a nova apar\u00eancia.<\/li>\n<\/ol>\n\n\n\n<p>Entretanto, essa op\u00e7\u00e3o est\u00e1 dispon\u00edvel para <strong>Android, iOS e na vers\u00e3o web<\/strong>, sendo a maneira mais segura e r\u00e1pida de personalizar a cor do Facebook.<\/p>\n\n\n\n<h2 class=\"wp-block-heading\"><strong>2. Como Mudar a Cor do Facebook Usando Extens\u00f5es no Navegador<\/strong><\/h2>\n\n\n\n<p>Portanto, para quem usa o Facebook no computador, <strong>extens\u00f5es de navegador<\/strong> permitem modificar a cor e o tema da rede social.<\/p>\n\n\n\n<h3 class=\"wp-block-heading\"><strong>Melhores Extens\u00f5es para Mudar as Cores do Facebook<\/strong><\/h3>\n\n\n\n<p><strong>Stylish<\/strong> \u2013 Permite aplicar temas coloridos no Facebook e outros sites.<br><strong>Color Changer for Facebook<\/strong> \u2013 Altera a cor da interface do Facebook no navegador.<br><strong>Dark Mode<\/strong> \u2013 Habilita diferentes tons escuros e modos personalizados.<\/p>\n\n\n\n<h3 class=\"wp-block-heading\"><strong>Passo a Passo para Usar a Extens\u00e3o Stylish<\/strong><\/h3>\n\n\n\n<ol class=\"wp-block-list\">\n<li>Acesse a <strong>Chrome Web Store<\/strong> ou a loja de extens\u00f5es do Firefox.<\/li>\n\n\n\n<li>Pesquise pela extens\u00e3o <strong>Stylish<\/strong>.<\/li>\n\n\n\n<li>Instale a extens\u00e3o e ative-a no navegador.<\/li>\n\n\n\n<li>Acesse o <strong>Facebook<\/strong> e clique no \u00edcone do Stylish.<\/li>\n\n\n\n<li>Escolha um tema pr\u00e9-configurado ou personalize as cores conforme desejar.<\/li>\n\n\n\n<li>O Facebook ser\u00e1 atualizado automaticamente com a nova cor.<\/li>\n<\/ol>\n\n\n\n<p>No Entanto, essa \u00e9 uma das maneiras mais f\u00e1ceis de personalizar a rede social sem precisar de aplicativos externos.<\/p>\n\n\n\n<h2 class=\"wp-block-heading\"><strong>3. Como Usar Launchers no Android para Personalizar o Facebook<\/strong><\/h2>\n\n\n\n<p>Portanto, se voc\u00ea quer <strong>mudar a cor do \u00edcone do Facebook<\/strong> e alterar a interface do aplicativo no celular, uma alternativa eficaz \u00e9 usar <strong>launchers personalizados<\/strong> para Android.<\/p>\n\n\n\n<h3 class=\"wp-block-heading\"><strong>Melhores Launchers para Customizar \u00cdcones<\/strong><\/h3>\n\n\n\n<p><strong>Nova Launcher<\/strong> \u2013 Personaliza\u00e7\u00e3o completa do sistema.<br><strong>Apex Launcher<\/strong> \u2013 Permite alterar \u00edcones e temas do celular.<br><strong>Smart Launcher<\/strong> \u2013 Interface fluida e customiz\u00e1vel.<\/p>\n\n\n\n<h3 class=\"wp-block-heading\"><strong>Passo a Passo para Alterar o \u00cdcone do Facebook<\/strong><\/h3>\n\n\n\n<ol class=\"wp-block-list\">\n<li>Baixe e instale um <strong>launcher personalizado<\/strong>.<\/li>\n\n\n\n<li>Pressione e segure o <strong>\u00edcone do Facebook<\/strong> na tela inicial.<\/li>\n\n\n\n<li>Toque em <strong>Editar<\/strong>.<\/li>\n\n\n\n<li>Escolha um novo \u00edcone ou baixe um <strong>pacote de \u00edcones personalizados<\/strong>.<\/li>\n\n\n\n<li>Confirme a altera\u00e7\u00e3o e veja o novo visual do \u00edcone do Facebook.<\/li>\n<\/ol>\n\n\n\n<p>Por Fim, essa op\u00e7\u00e3o permite personalizar <strong>n\u00e3o apenas o Facebook, mas tamb\u00e9m toda a interface do celular<\/strong>.<\/p>\n\n\n\n<h2 class=\"wp-block-heading\"><strong>4. Aplicativos para Personalizar as Cores do Facebook<\/strong><\/h2>\n\n\n\n<p>Portanto, al\u00e9m de extens\u00f5es e launchers, alguns aplicativos possibilitam modificar o visual do Facebook, incluindo cores e temas personalizados.<\/p>\n\n\n\n<h3 class=\"wp-block-heading\"><strong>Melhores Aplicativos para Customiza\u00e7\u00e3o do Facebook<\/strong><\/h3>\n\n\n\n<p><strong>Maki Plus<\/strong> \u2013 Vers\u00e3o leve do Facebook com temas coloridos.<br><strong>Folio for Facebook &amp; Messenger<\/strong> \u2013 Aplicativo alternativo com personaliza\u00e7\u00e3o avan\u00e7ada.<br><strong>Friendly for Facebook<\/strong> \u2013 Interface customiz\u00e1vel e com mais privacidade.<\/p>\n\n\n\n<h3 class=\"wp-block-heading\"><strong>Passo a Passo para Usar o Maki Plus<\/strong><\/h3>\n\n\n\n<ol class=\"wp-block-list\">\n<li>Baixe o aplicativo <strong>Maki Plus<\/strong> na Google Play Store.<\/li>\n\n\n\n<li>Instale e abra o app.<\/li>\n\n\n\n<li>Fa\u00e7a login na sua conta do Facebook.<\/li>\n\n\n\n<li>Acesse as configura\u00e7\u00f5es do aplicativo e escolha um <strong>tema colorido<\/strong>.<\/li>\n\n\n\n<li>Aproveite o Facebook com uma interface renovada!<\/li>\n<\/ol>\n\n\n\n<h2 class=\"wp-block-heading\"><strong>Conclus\u00e3o<\/strong><\/h2>\n\n\n\n<p>No Entanto, embora o Facebook n\u00e3o ofere\u00e7a muitas op\u00e7\u00f5es nativas de personaliza\u00e7\u00e3o, existem diversas maneiras de <strong>mudar as cores do Facebook<\/strong> e deixar a rede social com um visual mais moderno e diferenciado. <\/p>\n\n\n\n<p>Portanto, se voc\u00ea deseja apenas um ajuste b\u00e1sico, pode ativar o <strong>modo escuro<\/strong>. Para mudan\u00e7as mais avan\u00e7adas, extens\u00f5es como <strong>Stylish<\/strong> ou aplicativos como <strong>Maki Plus<\/strong> s\u00e3o excelentes alternativas.<\/p>\n\n\n\n<p>Entretanto, seja qual for sua escolha, agora voc\u00ea tem diversas op\u00e7\u00f5es para <strong>personalizar o Facebook<\/strong> conforme seu estilo. <\/p>\n\n\n\n<p>Enfim, escolha o m\u00e9todo mais adequado e aproveite uma experi\u00eancia visual renovada na maior rede social do mundo! \ud83c\udfa8\ud83d\udcf1<\/p>\n\n\n\n<p><\/p>","protected":false},"excerpt":{"rendered":"<p>Portanto, se Voc\u00ea Esta Procurando Personalizar Seu Facebook, Como Mudar as Cores do Facebook, Temos Aqui o Passo a Passo , Leia Agora. Mude a cor do Facebook agora Portanto, &hellip; <\/p>","protected":false},"author":14,"featured_media":0,"comment_status":"closed","ping_status":"closed","sticky":false,"template":"","format":"standard","meta":{"footnotes":""},"categories":[6],"tags":[607,1279,1278],"class_list":["post-1931","post","type-post","status-publish","format-standard","hentry","category-apps","tag-aplicativos","tag-cores","tag-facebook","latest_post"],"yoast_head":"<!-- This site is optimized with the Yoast SEO plugin v26.8 - https:\/\/yoast.com\/product\/yoast-seo-wordpress\/ -->\n<title>Como Mudar as Cores do Facebook - Economia Portal<\/title>\n<meta name=\"description\" content=\"Se Voc\u00ea Esta Procurando Personalizar Seu Facebook, Como Mudar as Cores do Facebook, Temos Aqui o Passo a Passo , Leia Agora\" \/>\n<meta name=\"robots\" content=\"index, follow, max-snippet:-1, max-image-preview:large, max-video-preview:-1\" \/>\n<link rel=\"canonical\" href=\"https:\/\/economiaportal.com\/id\/1931\/como-mudar-as-cores-do-facebook\/\" \/>\n<meta property=\"og:locale\" content=\"id_ID\" \/>\n<meta property=\"og:type\" content=\"article\" \/>\n<meta property=\"og:title\" content=\"Como Mudar as Cores do Facebook - Economia Portal\" \/>\n<meta property=\"og:description\" content=\"Se Voc\u00ea Esta Procurando Personalizar Seu Facebook, Como Mudar as Cores do Facebook, Temos Aqui o Passo a Passo , Leia Agora\" \/>\n<meta property=\"og:url\" content=\"https:\/\/economiaportal.com\/id\/1931\/como-mudar-as-cores-do-facebook\/\" \/>\n<meta property=\"og:site_name\" content=\"Economia Portal\" \/>\n<meta property=\"article:published_time\" content=\"2025-03-11T15:20:58+00:00\" \/>\n<meta property=\"article:modified_time\" content=\"2025-04-23T15:59:06+00:00\" \/>\n<meta name=\"author\" content=\"admin\" \/>\n<meta name=\"twitter:card\" content=\"summary_large_image\" \/>\n<meta name=\"twitter:label1\" content=\"Ditulis oleh\" \/>\n\t<meta name=\"twitter:data1\" content=\"admin\" \/>\n\t<meta name=\"twitter:label2\" content=\"Estimasi waktu membaca\" \/>\n\t<meta name=\"twitter:data2\" content=\"5 menit\" \/>\n<script type=\"application\/ld+json\" class=\"yoast-schema-graph\">{\"@context\":\"https:\/\/schema.org\",\"@graph\":[{\"@type\":\"Article\",\"@id\":\"https:\/\/economiaportal.com\/1931\/como-mudar-as-cores-do-facebook\/#article\",\"isPartOf\":{\"@id\":\"https:\/\/economiaportal.com\/1931\/como-mudar-as-cores-do-facebook\/\"},\"author\":{\"name\":\"admin\",\"@id\":\"https:\/\/economiaportal.com\/#\/schema\/person\/1633c7ca22d836a68c8907ef39e510f5\"},\"headline\":\"Como Mudar as Cores do Facebook\",\"datePublished\":\"2025-03-11T15:20:58+00:00\",\"dateModified\":\"2025-04-23T15:59:06+00:00\",\"mainEntityOfPage\":{\"@id\":\"https:\/\/economiaportal.com\/1931\/como-mudar-as-cores-do-facebook\/\"},\"wordCount\":843,\"publisher\":{\"@id\":\"https:\/\/economiaportal.com\/#organization\"},\"keywords\":[\"aplicativos\",\"cores\",\"facebook\"],\"articleSection\":[\"Apps\"],\"inLanguage\":\"id\"},{\"@type\":\"WebPage\",\"@id\":\"https:\/\/economiaportal.com\/1931\/como-mudar-as-cores-do-facebook\/\",\"url\":\"https:\/\/economiaportal.com\/1931\/como-mudar-as-cores-do-facebook\/\",\"name\":\"Como Mudar as Cores do Facebook - Economia Portal\",\"isPartOf\":{\"@id\":\"https:\/\/economiaportal.com\/#website\"},\"datePublished\":\"2025-03-11T15:20:58+00:00\",\"dateModified\":\"2025-04-23T15:59:06+00:00\",\"description\":\"Se Voc\u00ea Esta Procurando Personalizar Seu Facebook, Como Mudar as Cores do Facebook, Temos Aqui o Passo a Passo , Leia Agora\",\"breadcrumb\":{\"@id\":\"https:\/\/economiaportal.com\/1931\/como-mudar-as-cores-do-facebook\/#breadcrumb\"},\"inLanguage\":\"id\",\"potentialAction\":[{\"@type\":\"ReadAction\",\"target\":[\"https:\/\/economiaportal.com\/1931\/como-mudar-as-cores-do-facebook\/\"]}]},{\"@type\":\"BreadcrumbList\",\"@id\":\"https:\/\/economiaportal.com\/1931\/como-mudar-as-cores-do-facebook\/#breadcrumb\",\"itemListElement\":[{\"@type\":\"ListItem\",\"position\":1,\"name\":\"In\u00edcio\",\"item\":\"https:\/\/economiaportal.com\/\"},{\"@type\":\"ListItem\",\"position\":2,\"name\":\"Como Mudar as Cores do Facebook\"}]},{\"@type\":\"WebSite\",\"@id\":\"https:\/\/economiaportal.com\/#website\",\"url\":\"https:\/\/economiaportal.com\/\",\"name\":\"Economia Portal\",\"description\":\"\",\"publisher\":{\"@id\":\"https:\/\/economiaportal.com\/#organization\"},\"potentialAction\":[{\"@type\":\"SearchAction\",\"target\":{\"@type\":\"EntryPoint\",\"urlTemplate\":\"https:\/\/economiaportal.com\/?s={search_term_string}\"},\"query-input\":{\"@type\":\"PropertyValueSpecification\",\"valueRequired\":true,\"valueName\":\"search_term_string\"}}],\"inLanguage\":\"id\"},{\"@type\":\"Organization\",\"@id\":\"https:\/\/economiaportal.com\/#organization\",\"name\":\"Economia Portal\",\"url\":\"https:\/\/economiaportal.com\/\",\"logo\":{\"@type\":\"ImageObject\",\"inLanguage\":\"id\",\"@id\":\"https:\/\/economiaportal.com\/#\/schema\/logo\/image\/\",\"url\":\"https:\/\/economiaportal.com\/wp-content\/uploads\/2024\/07\/cropped-Design-sem-nome.jpg\",\"contentUrl\":\"https:\/\/economiaportal.com\/wp-content\/uploads\/2024\/07\/cropped-Design-sem-nome.jpg\",\"width\":161,\"height\":45,\"caption\":\"Economia Portal\"},\"image\":{\"@id\":\"https:\/\/economiaportal.com\/#\/schema\/logo\/image\/\"}},{\"@type\":\"Person\",\"@id\":\"https:\/\/economiaportal.com\/#\/schema\/person\/1633c7ca22d836a68c8907ef39e510f5\",\"name\":\"admin\",\"image\":{\"@type\":\"ImageObject\",\"inLanguage\":\"id\",\"@id\":\"https:\/\/economiaportal.com\/#\/schema\/person\/image\/\",\"url\":\"https:\/\/economiaportal.com\/wp-content\/litespeed\/avatar\/d8bb0a0d516772e3dd31e2f3e00e93bf.jpg?ver=1787755874\",\"contentUrl\":\"https:\/\/economiaportal.com\/wp-content\/litespeed\/avatar\/d8bb0a0d516772e3dd31e2f3e00e93bf.jpg?ver=1787755874\",\"caption\":\"admin\"},\"url\":\"https:\/\/economiaportal.com\/id\/author\/admin\/\"}]}<\/script>\n<!-- \/ Yoast SEO plugin. -->","yoast_head_json":{"title":"Como Mudar as Cores do Facebook - Economia Portal","description":"Se Voc\u00ea Esta Procurando Personalizar Seu Facebook, Como Mudar as Cores do Facebook, Temos Aqui o Passo a Passo , Leia Agora","robots":{"index":"index","follow":"follow","max-snippet":"max-snippet:-1","max-image-preview":"max-image-preview:large","max-video-preview":"max-video-preview:-1"},"canonical":"https:\/\/economiaportal.com\/id\/1931\/como-mudar-as-cores-do-facebook\/","og_locale":"id_ID","og_type":"article","og_title":"Como Mudar as Cores do Facebook - Economia Portal","og_description":"Se Voc\u00ea Esta Procurando Personalizar Seu Facebook, Como Mudar as Cores do Facebook, Temos Aqui o Passo a Passo , Leia Agora","og_url":"https:\/\/economiaportal.com\/id\/1931\/como-mudar-as-cores-do-facebook\/","og_site_name":"Economia Portal","article_published_time":"2025-03-11T15:20:58+00:00","article_modified_time":"2025-04-23T15:59:06+00:00","author":"admin","twitter_card":"summary_large_image","twitter_misc":{"Ditulis oleh":"admin","Estimasi waktu membaca":"5 menit"},"schema":{"@context":"https:\/\/schema.org","@graph":[{"@type":"Article","@id":"https:\/\/economiaportal.com\/1931\/como-mudar-as-cores-do-facebook\/#article","isPartOf":{"@id":"https:\/\/economiaportal.com\/1931\/como-mudar-as-cores-do-facebook\/"},"author":{"name":"admin","@id":"https:\/\/economiaportal.com\/#\/schema\/person\/1633c7ca22d836a68c8907ef39e510f5"},"headline":"Como Mudar as Cores do Facebook","datePublished":"2025-03-11T15:20:58+00:00","dateModified":"2025-04-23T15:59:06+00:00","mainEntityOfPage":{"@id":"https:\/\/economiaportal.com\/1931\/como-mudar-as-cores-do-facebook\/"},"wordCount":843,"publisher":{"@id":"https:\/\/economiaportal.com\/#organization"},"keywords":["aplicativos","cores","facebook"],"articleSection":["Apps"],"inLanguage":"id"},{"@type":"WebPage","@id":"https:\/\/economiaportal.com\/1931\/como-mudar-as-cores-do-facebook\/","url":"https:\/\/economiaportal.com\/1931\/como-mudar-as-cores-do-facebook\/","name":"Como Mudar as Cores do Facebook - Economia Portal","isPartOf":{"@id":"https:\/\/economiaportal.com\/#website"},"datePublished":"2025-03-11T15:20:58+00:00","dateModified":"2025-04-23T15:59:06+00:00","description":"Se Voc\u00ea Esta Procurando Personalizar Seu Facebook, Como Mudar as Cores do Facebook, Temos Aqui o Passo a Passo , Leia Agora","breadcrumb":{"@id":"https:\/\/economiaportal.com\/1931\/como-mudar-as-cores-do-facebook\/#breadcrumb"},"inLanguage":"id","potentialAction":[{"@type":"ReadAction","target":["https:\/\/economiaportal.com\/1931\/como-mudar-as-cores-do-facebook\/"]}]},{"@type":"BreadcrumbList","@id":"https:\/\/economiaportal.com\/1931\/como-mudar-as-cores-do-facebook\/#breadcrumb","itemListElement":[{"@type":"ListItem","position":1,"name":"In\u00edcio","item":"https:\/\/economiaportal.com\/"},{"@type":"ListItem","position":2,"name":"Como Mudar as Cores do Facebook"}]},{"@type":"WebSite","@id":"https:\/\/economiaportal.com\/#website","url":"https:\/\/economiaportal.com\/","name":"Economia Portal","description":"","publisher":{"@id":"https:\/\/economiaportal.com\/#organization"},"potentialAction":[{"@type":"SearchAction","target":{"@type":"EntryPoint","urlTemplate":"https:\/\/economiaportal.com\/?s={search_term_string}"},"query-input":{"@type":"PropertyValueSpecification","valueRequired":true,"valueName":"search_term_string"}}],"inLanguage":"id"},{"@type":"Organization","@id":"https:\/\/economiaportal.com\/#organization","name":"Economia Portal","url":"https:\/\/economiaportal.com\/","logo":{"@type":"ImageObject","inLanguage":"id","@id":"https:\/\/economiaportal.com\/#\/schema\/logo\/image\/","url":"https:\/\/economiaportal.com\/wp-content\/uploads\/2024\/07\/cropped-Design-sem-nome.jpg","contentUrl":"https:\/\/economiaportal.com\/wp-content\/uploads\/2024\/07\/cropped-Design-sem-nome.jpg","width":161,"height":45,"caption":"Economia Portal"},"image":{"@id":"https:\/\/economiaportal.com\/#\/schema\/logo\/image\/"}},{"@type":"Person","@id":"https:\/\/economiaportal.com\/#\/schema\/person\/1633c7ca22d836a68c8907ef39e510f5","name":"admin","image":{"@type":"ImageObject","inLanguage":"id","@id":"https:\/\/economiaportal.com\/#\/schema\/person\/image\/","url":"https:\/\/economiaportal.com\/wp-content\/litespeed\/avatar\/d8bb0a0d516772e3dd31e2f3e00e93bf.jpg?ver=1787755874","contentUrl":"https:\/\/economiaportal.com\/wp-content\/litespeed\/avatar\/d8bb0a0d516772e3dd31e2f3e00e93bf.jpg?ver=1787755874","caption":"admin"},"url":"https:\/\/economiaportal.com\/id\/author\/admin\/"}]}},"_links":{"self":[{"href":"https:\/\/economiaportal.com\/id\/wp-json\/wp\/v2\/posts\/1931","targetHints":{"allow":["GET"]}}],"collection":[{"href":"https:\/\/economiaportal.com\/id\/wp-json\/wp\/v2\/posts"}],"about":[{"href":"https:\/\/economiaportal.com\/id\/wp-json\/wp\/v2\/types\/post"}],"author":[{"embeddable":true,"href":"https:\/\/economiaportal.com\/id\/wp-json\/wp\/v2\/users\/14"}],"replies":[{"embeddable":true,"href":"https:\/\/economiaportal.com\/id\/wp-json\/wp\/v2\/comments?post=1931"}],"version-history":[{"count":0,"href":"https:\/\/economiaportal.com\/id\/wp-json\/wp\/v2\/posts\/1931\/revisions"}],"wp:attachment":[{"href":"https:\/\/economiaportal.com\/id\/wp-json\/wp\/v2\/media?parent=1931"}],"wp:term":[{"taxonomy":"category","embeddable":true,"href":"https:\/\/economiaportal.com\/id\/wp-json\/wp\/v2\/categories?post=1931"},{"taxonomy":"post_tag","embeddable":true,"href":"https:\/\/economiaportal.com\/id\/wp-json\/wp\/v2\/tags?post=1931"}],"curies":[{"name":"wp","href":"https:\/\/api.w.org\/{rel}","templated":true}]}}