{"id":1882,"date":"2025-03-04T17:22:45","date_gmt":"2025-03-04T14:22:45","guid":{"rendered":"https:\/\/economiaportal.com\/?p=1882"},"modified":"2025-03-04T17:22:46","modified_gmt":"2025-03-04T14:22:46","slug":"instagram-kleur-veranderen","status":"publish","type":"post","link":"https:\/\/economiaportal.com\/nl\/1882\/mudar-a-cor-do-instagram\/","title":{"rendered":"Verander Instagram-kleur"},"content":{"rendered":"<p>Zou het niet geweldig zijn als dat kon? <strong>Verander Instagram-kleur<\/strong> En het persoonlijker en meer op jezelf laten lijken? Ontdek alles hieronder. <\/p>\n\n\n\n<p>Instagram is ongetwijfeld een van de populairste sociale netwerken ter wereld, maar de standaardinterface, met overwegend witte en blauwe tinten, zal niet iedereen bevallen. <\/p>\n\n\n\n<p>Daarom zoeken veel mensen naar manieren om <strong>verander de kleur van Instagram<\/strong> om de ervaring te personaliseren en de app visueel aantrekkelijker te maken.<\/p>\n\n\n\n<p>Dus hoewel de offici\u00eble Instagram een aantal beperkte opties biedt zoals <strong>donkere modus<\/strong>Er zijn methoden om de interfacekleuren te wijzigen met behulp van <strong>extensies, externe applicaties en aangepaste launchers<\/strong>. <\/p>\n\n\n\n<p>In dit artikel zullen we alle mogelijke manieren onderzoeken om <strong>Instagram aanpassen<\/strong> op de computer en op de mobiele telefoon.<\/p>\n\n\n\n<p>Hier leert u:<\/p>\n\n\n\n<ul class=\"wp-block-list\">\n<li>Hoe activeer je de <strong>donkere modus<\/strong> Instagram-officieel;<\/li>\n\n\n\n<li>Hoe je de kleur van Instagram verandert op <strong>PC en mobiel<\/strong>;<\/li>\n\n\n\n<li>Toepassingen en uitbreidingen voor maatwerk;<\/li>\n\n\n\n<li>Hoe te gebruiken <strong>launchers op Android<\/strong> om pictogrammen en kleuren te veranderen;<\/li>\n\n\n\n<li>Gedetailleerde stapsgewijze uitleg voor elke methode.<\/li>\n<\/ul>\n\n\n\n<p>Ontdek nu alle manieren waarop je Instagram kunt personaliseren en het er precies zo uit kunt laten zien als jij wilt! \ud83c\udfa8\ud83d\udcf1<\/p>\n\n\n\n<h2 class=\"wp-block-heading\"><strong>1. Hoe je de kleur van Instagram verandert met de donkere modus<\/strong><\/h2>\n\n\n\n<p>In de eerste plaats de <strong>donkere modus<\/strong> is de offici\u00eble optie die Instagram aanbiedt om het uiterlijk van de applicatie te veranderen. <\/p>\n\n\n\n<p>Met deze optie verandert u de witte achtergrond in een donkere toon, waardoor uw ogen minder snel vermoeid raken en u de batterij van uw OLED-schermen kunt besparen.<\/p>\n\n\n\n<h3 class=\"wp-block-heading\"><strong>Stapsgewijze handleiding voor het activeren van de donkere modus op Android en iOS<\/strong><\/h3>\n\n\n\n<ol class=\"wp-block-list\">\n<li>Open de <strong>Instagram<\/strong>.<\/li>\n\n\n\n<li>Tik op je <strong>profielfoto<\/strong> in de rechter benedenhoek.<\/li>\n\n\n\n<li>Raak ons aan <strong>drie streepjes<\/strong> in de rechterbovenhoek en toegang <strong>Instellingen en privacy<\/strong>.<\/li>\n\n\n\n<li>Ga naar <strong>Verschijning<\/strong> en selecteer <strong>Donkere modus<\/strong>.<\/li>\n\n\n\n<li>De app wordt automatisch bijgewerkt met de nieuwe look.<\/li>\n<\/ol>\n\n\n\n<p>Dit is dus de eenvoudigste en veiligste manier om <strong>verander het uiterlijk van Instagram<\/strong>, maar als u de kleuren nog verder wilt aanpassen, bekijk dan de onderstaande opties.<\/p>\n\n\n\n<h2 class=\"wp-block-heading\"><strong>2. Hoe je de kleur van Instagram verandert met behulp van extensies op de pc<\/strong><\/h2>\n\n\n\n<p>Als u Instagram op uw computer gebruikt en de kleur van de site wilt wijzigen, kunt u dit doen <strong>browserextensies<\/strong> zoals Google Chrome en Mozilla Firefox.<\/p>\n\n\n\n<h3 class=\"wp-block-heading\"><strong>Aanbevolen extensies<\/strong><\/h3>\n\n\n\n<ul class=\"wp-block-list\">\n<li>\u2705 <strong><a href=\"https:\/\/chrome.google.com\/webstore\/detail\/stylish-custom-themes-for\/fjnbnpbmkenffdnngjfgmeleoegfcffe\">Stijlvol<\/a><\/strong> \u2013 Hiermee kunt u aangepaste thema&#039;s toepassen op Instagram en andere websites.<\/li>\n\n\n\n<li>\u2705 <strong><a href=\"https:\/\/chrome.google.com\/webstore\/detail\/color-changer-for-instag\/\">Kleurwisselaar voor Instagram<\/a><\/strong> \u2013 Verandert de kleur van de Instagram-interface in de browser.<\/li>\n\n\n\n<li>\u2705 <strong><a href=\"https:\/\/chrome.google.com\/webstore\/detail\/dark-mode-for-instagram\/\">Donkere modus<\/a><\/strong> \u2013 Maakt verschillende donkere tinten en aangepaste modi mogelijk.<\/li>\n<\/ul>\n\n\n\n<h3 class=\"wp-block-heading\"><strong>Stapsgewijze handleiding voor het gebruik van de stijlvolle extensie<\/strong><\/h3>\n\n\n\n<ol class=\"wp-block-list\">\n<li>Toegang tot de <strong>Chrome Webwinkel<\/strong> en zoeken naar <strong>Stijlvol<\/strong>.<\/li>\n\n\n\n<li>Installeer de extensie door te klikken op <strong>Toevoegen aan Chrome<\/strong>.<\/li>\n\n\n\n<li>Open na de installatie de <strong>Instagram Web<\/strong> en klik op het Stijlvol-icoontje in de browser.<\/li>\n\n\n\n<li>Kies een aangepast thema of cre\u00eber uw eigen stijl.<\/li>\n\n\n\n<li>Pas de verandering toe en geniet van je Instagram met nieuwe kleuren!<\/li>\n<\/ol>\n\n\n\n<p>Deze optie is echter ideaal voor mensen die Instagram via hun browser openen en eens een andere look willen zonder apps op hun mobiele telefoon te hoeven installeren.<\/p>\n\n\n\n<h2 class=\"wp-block-heading\"><strong>3. Hoe je de kleur van Instagram verandert met mobiele apps<\/strong><\/h2>\n\n\n\n<p>Voor degenen die de kleur van Instagram op hun mobiele telefoon willen veranderen, bestaan er alternatieve applicaties waarmee u het uiterlijk van het sociale netwerk kunt aanpassen.<\/p>\n\n\n\n<h3 class=\"wp-block-heading\"><strong>Beste apps om Instagram-kleur te veranderen<\/strong><\/h3>\n\n\n\n<ul class=\"wp-block-list\">\n<li>\u2705 <strong>Instander<\/strong> \u2013 Aangepaste versie van Instagram met thema-aanpassing.<\/li>\n\n\n\n<li>\u2705 <strong>Maki Plus<\/strong> \u2013 Hiermee kunt u Instagram personaliseren met verschillende kleuren.<\/li>\n\n\n\n<li>\u2705 <strong><a href=\"https:\/\/play.google.com\/store\/apps\/details?id=io.friendly\">Instagram-vriendelijk<\/a><\/strong> \u2013 Biedt geavanceerde aanpassingsmogelijkheden en extra functies.<\/li>\n<\/ul>\n\n\n\n<h3 class=\"wp-block-heading\"><strong>Stapsgewijze handleiding voor het gebruik van Stander<\/strong><\/h3>\n\n\n\n<ol class=\"wp-block-list\">\n<li>Download de <strong>Instander<\/strong> via de offici\u00eble website.<\/li>\n\n\n\n<li>Installeer de app en log in op je Instagram-account.<\/li>\n\n\n\n<li>Ga naar <strong>Instander-instellingen<\/strong> en kies <strong>Personalisatie<\/strong>.<\/li>\n\n\n\n<li>Wijzig de interfacekleuren en sla de wijzigingen op.<\/li>\n\n\n\n<li>Geniet van Instagram met een nieuwe en unieke look!<\/li>\n<\/ol>\n\n\n\n<p>\u26a0\ufe0f <strong>Aandacht<\/strong>: Instander is een aangepaste versie van Instagram en is niet officieel. Wees voorzichtig en download altijd van betrouwbare bronnen.<\/p>\n\n\n\n<h2 class=\"wp-block-heading\"><strong>4. Hoe je launchers op Android gebruikt om Instagram aan te passen<\/strong><\/h2>\n\n\n\n<p>Als u ten slotte alleen de <strong>Instagram-pictogram<\/strong> of het algehele uiterlijk van het systeem veranderen, kunt u gebruiken <strong>aangepaste launchers<\/strong>.<\/p>\n\n\n\n<h3 class=\"wp-block-heading\"><strong>Beste launchers voor het aanpassen van pictogrammen<\/strong><\/h3>\n\n\n\n<ul class=\"wp-block-list\">\n<li>\u2705 <strong><a href=\"https:\/\/play.google.com\/store\/apps\/details?id=com.teslacoilsw.launcher\">Nova-lanceerinrichting<\/a><\/strong> \u2013 Hiermee kunt u systeempictogrammen en kleuren wijzigen.<\/li>\n\n\n\n<li>\u2705 <strong><a href=\"https:\/\/play.google.com\/store\/apps\/details?id=com.actionlauncher.playstore\">Actie Launcher<\/a><\/strong> \u2013 Geweldig alternatief om thema\u2019s te wijzigen en uw mobiele telefoon te personaliseren.<\/li>\n\n\n\n<li>\u2705 <strong>Apex-lanceerinrichting<\/strong> \u2013 Biedt diverse aanpassingsopties en verschillende pictogrammen.<\/li>\n<\/ul>\n\n\n\n<h3 class=\"wp-block-heading\"><strong>Stapsgewijze handleiding voor het wijzigen van uw Instagram-pictogram met Nova Launcher<\/strong><\/h3>\n\n\n\n<ol class=\"wp-block-list\">\n<li>Downloaden en installeren <strong>Nova-lanceerinrichting<\/strong>.<\/li>\n\n\n\n<li>Houd de <strong>Instagram-pictogram<\/strong> op het startscherm.<\/li>\n\n\n\n<li>Kraan <strong>Bewerking<\/strong>.<\/li>\n\n\n\n<li>Kies een nieuw pictogram of download er een <strong>aangepast pictogrampakket<\/strong>.<\/li>\n\n\n\n<li>Bevestig en bekijk het nieuwe uiterlijk van het Instagram-pictogram.<\/li>\n<\/ol>\n\n\n\n<p>Met deze optie verander je dus niet de kleuren binnen de applicatie, maar je kunt Instagram hiermee wel op een andere manier personaliseren op je mobiele telefoon.<\/p>\n\n\n\n<h2 class=\"wp-block-heading\"><strong>Conclusie<\/strong><\/h2>\n\n\n\n<p>Hoe dan ook, ook al biedt de offici\u00eble Instagram weinig aanpassingsmogelijkheden, het is mogelijk <strong>verander de kleur van Instagram<\/strong> gebruik makend van <strong>extensies, alternatieve applicaties en aangepaste launchers<\/strong>. <\/p>\n\n\n\n<p>Als u echter een eenvoudige verandering wilt, <strong>donkere modus<\/strong> kan eenvoudig worden geactiveerd. <\/p>\n\n\n\n<p>Voor diepere veranderingen zijn apps zoals <strong>Instander<\/strong> En <strong>Maki Plus<\/strong> bieden een grotere mate van maatwerk.<\/p>\n\n\n\n<p>Wat je ook kiest, je hebt nu verschillende mogelijkheden om het uiterlijk van je Instagram te transformeren en helemaal naar jouw wens in te richten! <\/p>\n\n\n\n<p>Probeer dus de gepresenteerde alternatieven uit en geniet van de nieuwe look van je Instagram! \ud83c\udfa8\ud83d\udcf1\u2728<\/p>","protected":false},"excerpt":{"rendered":"<p>Zou het niet geweldig zijn als je de kleur van Instagram kon veranderen en het persoonlijker en meer op jou zou laten lijken? Ontdek het hieronder. Instagram is zeker een van de sociale netwerken \u2026 <\/p>","protected":false},"author":14,"featured_media":0,"comment_status":"closed","ping_status":"closed","sticky":false,"template":"","format":"standard","meta":{"footnotes":""},"categories":[1],"tags":[1256,1251,1245,1253,1255,1254,1247,1252,1241,1244],"class_list":["post-1882","post","type-post","status-publish","format-standard","hentry","category-uncategorized","tag-action-launcher","tag-apex-launcher","tag-color-change","tag-dark-mode","tag-friendly","tag-instander","tag-maki-plus","tag-mudar-a-cor-do-instagram","tag-nova-laucher","tag-stylish","latest_post"],"yoast_head":"<!-- This site is optimized with the Yoast SEO plugin v26.8 - https:\/\/yoast.com\/product\/yoast-seo-wordpress\/ -->\n<title>Mudar a Cor do Instagram - Economia Portal<\/title>\n<meta name=\"description\" content=\"N\u00e3o seria muito legal se pudesse Mudar a Cor do Instagram e deix\u00e1-lo personalizado e mais parecido com voc\u00ea? Saiba tudo abaixo.\" \/>\n<meta name=\"robots\" content=\"index, follow, max-snippet:-1, max-image-preview:large, max-video-preview:-1\" \/>\n<link rel=\"canonical\" href=\"https:\/\/economiaportal.com\/nl\/1882\/instagram-kleur-veranderen\/\" \/>\n<meta property=\"og:locale\" content=\"nl_NL\" \/>\n<meta property=\"og:type\" content=\"article\" \/>\n<meta property=\"og:title\" content=\"Mudar a Cor do Instagram - Economia Portal\" \/>\n<meta property=\"og:description\" content=\"N\u00e3o seria muito legal se pudesse Mudar a Cor do Instagram e deix\u00e1-lo personalizado e mais parecido com voc\u00ea? Saiba tudo abaixo.\" \/>\n<meta property=\"og:url\" content=\"https:\/\/economiaportal.com\/nl\/1882\/instagram-kleur-veranderen\/\" \/>\n<meta property=\"og:site_name\" content=\"Economia Portal\" \/>\n<meta property=\"article:published_time\" content=\"2025-03-04T14:22:45+00:00\" \/>\n<meta property=\"article:modified_time\" content=\"2025-03-04T14:22:46+00:00\" \/>\n<meta name=\"author\" content=\"admin\" \/>\n<meta name=\"twitter:card\" content=\"summary_large_image\" \/>\n<meta name=\"twitter:label1\" content=\"Geschreven door\" \/>\n\t<meta name=\"twitter:data1\" content=\"admin\" \/>\n\t<meta name=\"twitter:label2\" content=\"Geschatte leestijd\" \/>\n\t<meta name=\"twitter:data2\" content=\"5 minuten\" \/>\n<script type=\"application\/ld+json\" class=\"yoast-schema-graph\">{\"@context\":\"https:\/\/schema.org\",\"@graph\":[{\"@type\":\"Article\",\"@id\":\"https:\/\/economiaportal.com\/1882\/mudar-a-cor-do-instagram\/#article\",\"isPartOf\":{\"@id\":\"https:\/\/economiaportal.com\/1882\/mudar-a-cor-do-instagram\/\"},\"author\":{\"name\":\"admin\",\"@id\":\"https:\/\/economiaportal.com\/#\/schema\/person\/1633c7ca22d836a68c8907ef39e510f5\"},\"headline\":\"Mudar a Cor do Instagram\",\"datePublished\":\"2025-03-04T14:22:45+00:00\",\"dateModified\":\"2025-03-04T14:22:46+00:00\",\"mainEntityOfPage\":{\"@id\":\"https:\/\/economiaportal.com\/1882\/mudar-a-cor-do-instagram\/\"},\"wordCount\":908,\"publisher\":{\"@id\":\"https:\/\/economiaportal.com\/#organization\"},\"keywords\":[\"Action Launcher\",\"Apex launcher\",\"Color Change\",\"Dark mode\",\"Friendly\",\"Instander\",\"Maki plus\",\"Mudar a Cor do Instagram\",\"Nova laucher\",\"Stylish\"],\"articleSection\":[\"Uncategorized\"],\"inLanguage\":\"nl-NL\"},{\"@type\":\"WebPage\",\"@id\":\"https:\/\/economiaportal.com\/1882\/mudar-a-cor-do-instagram\/\",\"url\":\"https:\/\/economiaportal.com\/1882\/mudar-a-cor-do-instagram\/\",\"name\":\"Mudar a Cor do Instagram - Economia Portal\",\"isPartOf\":{\"@id\":\"https:\/\/economiaportal.com\/#website\"},\"datePublished\":\"2025-03-04T14:22:45+00:00\",\"dateModified\":\"2025-03-04T14:22:46+00:00\",\"description\":\"N\u00e3o seria muito legal se pudesse Mudar a Cor do Instagram e deix\u00e1-lo personalizado e mais parecido com voc\u00ea? Saiba tudo abaixo.\",\"breadcrumb\":{\"@id\":\"https:\/\/economiaportal.com\/1882\/mudar-a-cor-do-instagram\/#breadcrumb\"},\"inLanguage\":\"nl-NL\",\"potentialAction\":[{\"@type\":\"ReadAction\",\"target\":[\"https:\/\/economiaportal.com\/1882\/mudar-a-cor-do-instagram\/\"]}]},{\"@type\":\"BreadcrumbList\",\"@id\":\"https:\/\/economiaportal.com\/1882\/mudar-a-cor-do-instagram\/#breadcrumb\",\"itemListElement\":[{\"@type\":\"ListItem\",\"position\":1,\"name\":\"In\u00edcio\",\"item\":\"https:\/\/economiaportal.com\/\"},{\"@type\":\"ListItem\",\"position\":2,\"name\":\"Mudar a Cor do Instagram\"}]},{\"@type\":\"WebSite\",\"@id\":\"https:\/\/economiaportal.com\/#website\",\"url\":\"https:\/\/economiaportal.com\/\",\"name\":\"Economia Portal\",\"description\":\"\",\"publisher\":{\"@id\":\"https:\/\/economiaportal.com\/#organization\"},\"potentialAction\":[{\"@type\":\"SearchAction\",\"target\":{\"@type\":\"EntryPoint\",\"urlTemplate\":\"https:\/\/economiaportal.com\/?s={search_term_string}\"},\"query-input\":{\"@type\":\"PropertyValueSpecification\",\"valueRequired\":true,\"valueName\":\"search_term_string\"}}],\"inLanguage\":\"nl-NL\"},{\"@type\":\"Organization\",\"@id\":\"https:\/\/economiaportal.com\/#organization\",\"name\":\"Economia Portal\",\"url\":\"https:\/\/economiaportal.com\/\",\"logo\":{\"@type\":\"ImageObject\",\"inLanguage\":\"nl-NL\",\"@id\":\"https:\/\/economiaportal.com\/#\/schema\/logo\/image\/\",\"url\":\"https:\/\/economiaportal.com\/wp-content\/uploads\/2024\/07\/cropped-Design-sem-nome.jpg\",\"contentUrl\":\"https:\/\/economiaportal.com\/wp-content\/uploads\/2024\/07\/cropped-Design-sem-nome.jpg\",\"width\":161,\"height\":45,\"caption\":\"Economia Portal\"},\"image\":{\"@id\":\"https:\/\/economiaportal.com\/#\/schema\/logo\/image\/\"}},{\"@type\":\"Person\",\"@id\":\"https:\/\/economiaportal.com\/#\/schema\/person\/1633c7ca22d836a68c8907ef39e510f5\",\"name\":\"admin\",\"image\":{\"@type\":\"ImageObject\",\"inLanguage\":\"nl-NL\",\"@id\":\"https:\/\/economiaportal.com\/#\/schema\/person\/image\/\",\"url\":\"https:\/\/economiaportal.com\/wp-content\/litespeed\/avatar\/d8bb0a0d516772e3dd31e2f3e00e93bf.jpg?ver=1777005689\",\"contentUrl\":\"https:\/\/economiaportal.com\/wp-content\/litespeed\/avatar\/d8bb0a0d516772e3dd31e2f3e00e93bf.jpg?ver=1777005689\",\"caption\":\"admin\"},\"url\":\"https:\/\/economiaportal.com\/nl\/author\/admin\/\"}]}<\/script>\n<!-- \/ Yoast SEO plugin. -->","yoast_head_json":{"title":"Verander de kleur van Instagram - Economia Portal","description":"Zou het niet geweldig zijn als je de kleur van Instagram kon veranderen en het persoonlijker en meer zoals jij kon maken? Ontdek er hieronder alles over.","robots":{"index":"index","follow":"follow","max-snippet":"max-snippet:-1","max-image-preview":"max-image-preview:large","max-video-preview":"max-video-preview:-1"},"canonical":"https:\/\/economiaportal.com\/nl\/1882\/instagram-kleur-veranderen\/","og_locale":"nl_NL","og_type":"article","og_title":"Mudar a Cor do Instagram - Economia Portal","og_description":"N\u00e3o seria muito legal se pudesse Mudar a Cor do Instagram e deix\u00e1-lo personalizado e mais parecido com voc\u00ea? Saiba tudo abaixo.","og_url":"https:\/\/economiaportal.com\/nl\/1882\/instagram-kleur-veranderen\/","og_site_name":"Economia Portal","article_published_time":"2025-03-04T14:22:45+00:00","article_modified_time":"2025-03-04T14:22:46+00:00","author":"admin","twitter_card":"summary_large_image","twitter_misc":{"Geschreven door":"admin","Geschatte leestijd":"5 minuten"},"schema":{"@context":"https:\/\/schema.org","@graph":[{"@type":"Article","@id":"https:\/\/economiaportal.com\/1882\/mudar-a-cor-do-instagram\/#article","isPartOf":{"@id":"https:\/\/economiaportal.com\/1882\/mudar-a-cor-do-instagram\/"},"author":{"name":"admin","@id":"https:\/\/economiaportal.com\/#\/schema\/person\/1633c7ca22d836a68c8907ef39e510f5"},"headline":"Mudar a Cor do Instagram","datePublished":"2025-03-04T14:22:45+00:00","dateModified":"2025-03-04T14:22:46+00:00","mainEntityOfPage":{"@id":"https:\/\/economiaportal.com\/1882\/mudar-a-cor-do-instagram\/"},"wordCount":908,"publisher":{"@id":"https:\/\/economiaportal.com\/#organization"},"keywords":["Action Launcher","Apex launcher","Color Change","Dark mode","Friendly","Instander","Maki plus","Mudar a Cor do Instagram","Nova laucher","Stylish"],"articleSection":["Uncategorized"],"inLanguage":"nl-NL"},{"@type":"WebPage","@id":"https:\/\/economiaportal.com\/1882\/mudar-a-cor-do-instagram\/","url":"https:\/\/economiaportal.com\/1882\/mudar-a-cor-do-instagram\/","name":"Verander de kleur van Instagram - Economia Portal","isPartOf":{"@id":"https:\/\/economiaportal.com\/#website"},"datePublished":"2025-03-04T14:22:45+00:00","dateModified":"2025-03-04T14:22:46+00:00","description":"Zou het niet geweldig zijn als je de kleur van Instagram kon veranderen en het persoonlijker en meer zoals jij kon maken? Ontdek er hieronder alles over.","breadcrumb":{"@id":"https:\/\/economiaportal.com\/1882\/mudar-a-cor-do-instagram\/#breadcrumb"},"inLanguage":"nl-NL","potentialAction":[{"@type":"ReadAction","target":["https:\/\/economiaportal.com\/1882\/mudar-a-cor-do-instagram\/"]}]},{"@type":"BreadcrumbList","@id":"https:\/\/economiaportal.com\/1882\/mudar-a-cor-do-instagram\/#breadcrumb","itemListElement":[{"@type":"ListItem","position":1,"name":"In\u00edcio","item":"https:\/\/economiaportal.com\/"},{"@type":"ListItem","position":2,"name":"Mudar a Cor do Instagram"}]},{"@type":"WebSite","@id":"https:\/\/economiaportal.com\/#website","url":"https:\/\/economiaportal.com\/","name":"Economieportaal","description":"","publisher":{"@id":"https:\/\/economiaportal.com\/#organization"},"potentialAction":[{"@type":"SearchAction","target":{"@type":"EntryPoint","urlTemplate":"https:\/\/economiaportal.com\/?s={search_term_string}"},"query-input":{"@type":"PropertyValueSpecification","valueRequired":true,"valueName":"search_term_string"}}],"inLanguage":"nl-NL"},{"@type":"Organization","@id":"https:\/\/economiaportal.com\/#organization","name":"Economieportaal","url":"https:\/\/economiaportal.com\/","logo":{"@type":"ImageObject","inLanguage":"nl-NL","@id":"https:\/\/economiaportal.com\/#\/schema\/logo\/image\/","url":"https:\/\/economiaportal.com\/wp-content\/uploads\/2024\/07\/cropped-Design-sem-nome.jpg","contentUrl":"https:\/\/economiaportal.com\/wp-content\/uploads\/2024\/07\/cropped-Design-sem-nome.jpg","width":161,"height":45,"caption":"Economia Portal"},"image":{"@id":"https:\/\/economiaportal.com\/#\/schema\/logo\/image\/"}},{"@type":"Person","@id":"https:\/\/economiaportal.com\/#\/schema\/person\/1633c7ca22d836a68c8907ef39e510f5","name":"beheerder","image":{"@type":"ImageObject","inLanguage":"nl-NL","@id":"https:\/\/economiaportal.com\/#\/schema\/person\/image\/","url":"https:\/\/economiaportal.com\/wp-content\/litespeed\/avatar\/d8bb0a0d516772e3dd31e2f3e00e93bf.jpg?ver=1777005689","contentUrl":"https:\/\/economiaportal.com\/wp-content\/litespeed\/avatar\/d8bb0a0d516772e3dd31e2f3e00e93bf.jpg?ver=1777005689","caption":"admin"},"url":"https:\/\/economiaportal.com\/nl\/author\/admin\/"}]}},"_links":{"self":[{"href":"https:\/\/economiaportal.com\/nl\/wp-json\/wp\/v2\/posts\/1882","targetHints":{"allow":["GET"]}}],"collection":[{"href":"https:\/\/economiaportal.com\/nl\/wp-json\/wp\/v2\/posts"}],"about":[{"href":"https:\/\/economiaportal.com\/nl\/wp-json\/wp\/v2\/types\/post"}],"author":[{"embeddable":true,"href":"https:\/\/economiaportal.com\/nl\/wp-json\/wp\/v2\/users\/14"}],"replies":[{"embeddable":true,"href":"https:\/\/economiaportal.com\/nl\/wp-json\/wp\/v2\/comments?post=1882"}],"version-history":[{"count":2,"href":"https:\/\/economiaportal.com\/nl\/wp-json\/wp\/v2\/posts\/1882\/revisions"}],"predecessor-version":[{"id":1884,"href":"https:\/\/economiaportal.com\/nl\/wp-json\/wp\/v2\/posts\/1882\/revisions\/1884"}],"wp:attachment":[{"href":"https:\/\/economiaportal.com\/nl\/wp-json\/wp\/v2\/media?parent=1882"}],"wp:term":[{"taxonomy":"category","embeddable":true,"href":"https:\/\/economiaportal.com\/nl\/wp-json\/wp\/v2\/categories?post=1882"},{"taxonomy":"post_tag","embeddable":true,"href":"https:\/\/economiaportal.com\/nl\/wp-json\/wp\/v2\/tags?post=1882"}],"curies":[{"name":"wp","href":"https:\/\/api.w.org\/{rel}","templated":true}]}}