{"id":2234,"date":"2025-04-30T16:14:52","date_gmt":"2025-04-30T13:14:52","guid":{"rendered":"https:\/\/economiaportal.com\/?p=2234"},"modified":"2025-04-30T16:14:53","modified_gmt":"2025-04-30T13:14:53","slug":"wie-wordt-de-nieuwe-paus-2","status":"publish","type":"post","link":"https:\/\/economiaportal.com\/nl\/2234\/quem-sera-o-novo-papa\/","title":{"rendered":"Wie wordt de nieuwe paus?"},"content":{"rendered":"<p><strong>Wie wordt de nieuwe paus? <\/strong>Achter de schermen van het conclaaf en de politieke invloed achter de keuze van de opvolger van Franciscus<\/p>\n\n\n\n<style>\n.botao-container {\n    display: flex;\n    justify-content: center;\n    margin: 20px 0; \/* Espa\u00e7amento opcional *\/\n}\n\n.botao-estilizado {\n    display: inline-block;\n    padding: 12px 24px;\n    font-size: 18px;\n    font-weight: bold;\n    font-family: Arial, sans-serif; \/* Fonte Arial *\/\n    color: white;\n    background: linear-gradient(145deg, #FFC107, #FF8F00); \/* Tons amarelos e \u00e2mbar do Google *\/\n    border-radius: 8px;\n    box-shadow: 4px 4px 10px rgba(0, 0, 0, 0.2), \n                -2px -2px 5px rgba(255, 255, 255, 0.2);\n    text-decoration: none;\n    transition: all 0.3s ease-in-out;\n    text-align: center;\n}\n\n.botao-estilizado:hover {\n    background: linear-gradient(145deg, #FF8F00, #FF6F00); \/* Tom \u00e2mbar mais escuro no hover *\/\n    box-shadow: 2px 2px 8px rgba(0, 0, 0, 0.3), \n                -1px -1px 4px rgba(255, 255, 255, 0.1);\n    transform: translateY(-3px);\n}\n<\/style>\n\n<div class=\"botao-container\">\n    <a href=\"https:\/\/economiaportal.com\/nl\/\" class=\"botao-estilizado\">Lees meer<\/a>\n<\/div>\n\n\n\n<h2 class=\"wp-block-heading\">Een historisch moment dat beslist over de toekomst van de kerk<\/h2>\n\n\n\n<p>De dood van <strong>Paus Franciscus<\/strong> markeert niet alleen het einde van een pontificaat, maar ook het begin van een van de meest plechtige en mysterieuze gebeurtenissen in het katholicisme: de keuze van de nieuwe leider van de kerk.<br><br>Dus de wereld richt zijn ogen op <strong>Vaticaanstad<\/strong>, Terwijl kardinalen van over de hele wereld zich voorbereiden om deel te nemen aan de <strong>Conclaaf<\/strong>, Dit proces zal bepalen wie de Troon van Petrus zal bezetten.<\/p>\n\n\n\n<p>Dus, om te begrijpen <strong>wie wordt de nieuwe paus<\/strong>, Het is essentieel om te weten hoe het Conclaaf werkt, de vereiste criteria, de politieke achtergrond en de namen die de meeste kans maken om het roer van meer dan een miljoen mensen over te nemen. <strong>1,3 miljard gelovigen<\/strong> over de hele wereld.<\/p>\n\n\n\n<h2 class=\"wp-block-heading\">Hoe werkt het proces om een nieuwe paus te kiezen?<\/h2>\n\n\n\n<h3 class=\"wp-block-heading\">Het Conclaaf: waar geschiedenis gebeurt<\/h3>\n\n\n\n<p>In eerste instantie de <strong>Conclaaf<\/strong> is een besloten vergadering die plaatsvindt op <strong>Sixtijnse Kapel<\/strong>, in het Vaticaan.<br>Maar alleen de kardinalen met <strong>onder 80<\/strong> deelnemen aan de stemming, zoals vastgelegd in de huidige pauselijke normen.<\/p>\n\n\n\n<p>De kardinalen hebben dan absolute geheimhouding gezworen en zijn letterlijk van de buitenwereld afgesneden.<br>Daarom zijn mobiele telefoons, internet, radio's en andere communicatiemiddelen verboden.<\/p>\n\n\n\n<p>Dan begint het stemmen.<br>Dus in elke ronde schrijven de kardinalen de naam van hun gekozen kandidaat op een stembiljet, dat in een speciale doos wordt gedeponeerd.<\/p>\n\n\n\n<p>Maar alleen als een kandidaat <strong>tweederde van de geldige stemmen<\/strong> wordt hij tot paus uitgeroepen.<br>Als dit niet gebeurt in de eerste drie dagen, nemen de kardinalen een pauze voor gebed en bezinning en keren dan terug naar hun sessies.<\/p>\n\n\n\n<h2 class=\"wp-block-heading\">Minimumvereisten om tot paus gekozen te worden<\/h2>\n\n\n\n<p>Elke gedoopte kan immers gekozen worden.<br>In de praktijk wordt echter meestal een kardinaal gekozen die al bekend en gerespecteerd is en veel invloed heeft in de kerk.<\/p>\n\n\n\n<p>Dus de toekomstige paus moet dat zijn:<\/p>\n\n\n\n<ul class=\"wp-block-list\">\n<li>Een man van geloof en solide doctrine<\/li>\n\n\n\n<li>Ervaren in leidinggevende posities<\/li>\n\n\n\n<li>Vloeiend in verschillende talen<\/li>\n\n\n\n<li>Erkend voor zijn <strong>spiritualiteit, ethiek en pastorale wijsheid<\/strong><\/li>\n<\/ul>\n\n\n\n<p>Als de gekozen persoon geen bisschop is, moet hij zelfs <strong>onmiddellijk besteld<\/strong>, voordat hij het pausdom aannam.<\/p>\n\n\n\n<h2 class=\"wp-block-heading\">Achter de schermen van het Conclaaf: wat niemand ziet<\/h2>\n\n\n\n<h3 class=\"wp-block-heading\">Invloed, articulaties en discrete allianties<\/h3>\n\n\n\n<p>Hoewel het Conclaaf gehuld is in heilige rituelen, heeft het zeker ook zijn dosis <strong>interne politieke articulatie<\/strong>.<br>Zo vormen invloedrijke kardinalen groepen met vergelijkbare visies op de toekomst van de Kerk.<\/p>\n\n\n\n<p>Daarom proberen deze \u201cstromingen\u201d andere kardinalen te overtuigen om voor namen te stemmen die hun prioriteiten vertegenwoordigen: <strong>interne hervormingen, behoud van doctrine, openheid voor moderniteit<\/strong>, naast andere agenda's.<\/p>\n\n\n\n<p>Achter de schermen zijn er immers indirecte boodschappen, symbolische nominaties en zelfs strategische stemmingen om favorieten te elimineren en \u201cconsensuskandidaten\u201d te bevoordelen.<\/p>\n\n\n\n<h2 class=\"wp-block-heading\">Politieke invloed op de keuze van de paus<\/h2>\n\n\n\n<h3 class=\"wp-block-heading\">Het Vaticaan, geopower en mondiale belangen<\/h3>\n\n\n\n<p>Maar politiek speelt zich niet alleen af binnen de muren van het Vaticaan.<\/p>\n\n\n\n<p>Landen met een grote katholieke bevolking, zoals <strong>Brazili\u00eb, Itali\u00eb, de Filippijnen en Polen<\/strong>, Daarnaast ondersteunen ze lokale vertegenwoordigers en wordt er rekening gehouden met het geopolitieke evenwicht.<\/p>\n\n\n\n<p>De nieuwe paus moet echter <strong>globaal eenheidssymbool<\/strong>, Dit heeft een directe invloed op het gezochte profiel.<\/p>\n\n\n\n<p>Daarom zijn vragen als:<\/p>\n\n\n\n<ul class=\"wp-block-list\">\n<li><strong>Dialoog met andere religies<\/strong><\/li>\n\n\n\n<li><strong>Verdediging van de mensenrechten<\/strong><\/li>\n\n\n\n<li><strong>Standpunt over oorlog en armoede<\/strong><\/li>\n\n\n\n<li><strong>Standpunt over controversi\u00eble sociale kwesties<\/strong><\/li>\n<\/ul>\n\n\n\n<p>veel invloed hebben op de acceptatie van een kandidaat onder de kardinalen.<\/p>\n\n\n\n<h2 class=\"wp-block-heading\">Wie beslist? Hoeveel en hoe stemmen ze?<\/h2>\n\n\n\n<p>Momenteel is ongeveer <strong>120 kardinaal kiezers<\/strong> mogen stemmen.<br>Deze mannen werden benoemd door vorige pausen en vertegenwoordigen <strong>alle continenten<\/strong>.<\/p>\n\n\n\n<p>Er is echter een overwicht aan kardinalen uit Europa, wat nog steeds doorweegt in de beslissing.<\/p>\n\n\n\n<p>Daarom zal de paus die uit dit conclaaf komt het resultaat zijn van een consensus tussen <strong>verschillende culturen, theologische stromingen en sociale contexten<\/strong>.<\/p>\n\n\n\n<h2 class=\"wp-block-heading\">Meest waarschijnlijke namen voor nieuwe paus<\/h2>\n\n\n\n<p>Hieronder staan de belangrijkste <strong>\u201cpapabel\u201d<\/strong>:<\/p>\n\n\n\n<h3 class=\"wp-block-heading\">1. <strong>Kardinaal Matteo Zuppi (Itali\u00eb)<\/strong><\/h3>\n\n\n\n<p>Voorvechter van dialoog, vrede en sociale integratie. Grote invloed op het Europese episcopaat.<\/p>\n\n\n\n<h3 class=\"wp-block-heading\">2. <strong>Kardinaal Luis Antonio Tagle (Filippijnen)<\/strong><\/h3>\n\n\n\n<p>Geliefd bij jonge mensen en heel dicht bij de Latijns-Amerikaanse realiteit.<\/p>\n\n\n\n<h3 class=\"wp-block-heading\">3. <strong>Kardinaal Peter Turkson (Ghana)<\/strong><\/h3>\n\n\n\n<p>Bekend om zijn werk voor het milieu en zijn inzet voor de armen.<\/p>\n\n\n\n<h3 class=\"wp-block-heading\">4. <strong>Kardinaal Odilo Pedro Scherer (Brazili\u00eb)<\/strong><\/h3>\n\n\n\n<p>Aartsbisschop van S\u00e3o Paulo, gerespecteerd in het Vaticaan, een sterke naam op het zuidelijk halfrond.<\/p>\n\n\n\n<h3 class=\"wp-block-heading\">5. <strong>Kardinaal Christoph Sch\u00f6nborn (Oostenrijk)<\/strong><\/h3>\n\n\n\n<p>Intellectueel en gematigd conservatief. Bekend en gerespecteerd theoloog in Rome.<\/p>\n\n\n\n<p>Maar, zoals gebeurde met paus Franciscus, <strong>de uitverkorenen kunnen de wereld verrassen<\/strong>.<\/p>\n\n\n\n<h2 class=\"wp-block-heading\">Is er een deadline voor het Conclaaf?<\/h2>\n\n\n\n<p>Ja.<br>De Apostolische Constitutie bepaalt dat het conclaaf plaatsvindt tussen <strong>15 en 20 dagen na de dood van de paus<\/strong>.<br>Dit geeft tijd voor rouw, de aankomst van de kardinalen en de organisatie van de ceremonie.<\/p>\n\n\n\n<p>Gemiddeld vinden de verkiezingen dus plaats <strong>tussen 3 en 5 stemdagen<\/strong>.<\/p>\n\n\n\n<h2 class=\"wp-block-heading\">De rol van de nieuwe paus: tussen hemel en aarde<\/h2>\n\n\n\n<p>De nieuwe paus zal zeker <strong>geestelijk hoofd van de katholieke kerk<\/strong> en ook de <strong>Vaticaans staatshoofd<\/strong>.<br>Het zal ook een sterke invloed hebben op:<\/p>\n\n\n\n<ul class=\"wp-block-list\">\n<li><strong>Wereldwijd beleid<\/strong><\/li>\n\n\n\n<li><strong>Ethische en sociale kwesties<\/strong><\/li>\n\n\n\n<li><strong>Interreligieuze dialogen<\/strong><\/li>\n\n\n\n<li><strong>Standpunt over oorlogen, honger en onrechtvaardigheid<\/strong><\/li>\n<\/ul>\n\n\n\n<p>De keuze is dus niet alleen kerkelijk.<br>Ze heeft <strong>wereldwijde impact<\/strong>.<\/p>\n\n\n\n<h2 class=\"wp-block-heading\">Conclusie: Een nieuw hoofdstuk voor de kerk en de wereld<\/h2>\n\n\n\n<p>Kortom, het proces van het kiezen van een nieuwe paus is heilig, maar ook zeer strategisch.<br>Zeker, de backstage van het Conclaaf onthult dat <strong>geloof en politiek gaan hand in hand<\/strong> als het gaat om het bepalen van de toekomst van de katholieke kerk.<\/p>\n\n\n\n<p>Daarom is het volgen van elke stap van dit moment het begrijpen van de spirituele, culturele en geopolitieke impact van de pauselijke keuze.<\/p>\n\n\n\n<p>We houden je op de hoogte met nieuwe artikelen, lijsten met kandidaten en blikken achter de schermen bij de opvolging.<\/p>\n\n\n\n<p>Als je meer wilt weten of een onderwerp wilt suggereren, laat het dan achter in de comments.<br>We zijn hier om <strong>Het Vaticaan vertalen naar jouw wereld<\/strong>.<br><br><a href=\"https:\/\/economiaportal.com\/nl\/categorie\/actualiteit\/\">Zie ook\u2026<\/a><\/p>\n\n\n\n<p><\/p>","protected":false},"excerpt":{"rendered":"<p>Wie wordt de nieuwe paus? Ontdek achter de schermen van het conclaaf en de politieke invloed achter de keuze van de opvolger van Franciscus. Ontdek een ander historisch moment dat bepalend is voor de\u2026 <\/p>","protected":false},"author":19,"featured_media":0,"comment_status":"closed","ping_status":"closed","sticky":false,"template":"","format":"standard","meta":{"footnotes":""},"categories":[6],"tags":[439,1488,1484,1482,1487],"class_list":["post-2234","post","type-post","status-publish","format-standard","hentry","category-apps","tag-aplicativo","tag-cardial","tag-papa","tag-roma","tag-sucessao","latest_post"],"yoast_head":"<!-- This site is optimized with the Yoast SEO plugin v26.8 - https:\/\/yoast.com\/product\/yoast-seo-wordpress\/ -->\n<title>Quem Ser\u00e1 o Novo Papa? - Economia Portal<\/title>\n<meta name=\"description\" content=\"Quem Ser\u00e1 o Novo Papa? Entenda os Bastidores do Conclave e a Influ\u00eancia Pol\u00edtica por Tr\u00e1s da Escolha do Sucessor de Francisco\" \/>\n<meta name=\"robots\" content=\"index, follow, max-snippet:-1, max-image-preview:large, max-video-preview:-1\" \/>\n<link rel=\"canonical\" href=\"https:\/\/economiaportal.com\/nl\/2234\/wie-wordt-de-nieuwe-paus-2\/\" \/>\n<meta property=\"og:locale\" content=\"nl_NL\" \/>\n<meta property=\"og:type\" content=\"article\" \/>\n<meta property=\"og:title\" content=\"Quem Ser\u00e1 o Novo Papa? - Economia Portal\" \/>\n<meta property=\"og:description\" content=\"Quem Ser\u00e1 o Novo Papa? Entenda os Bastidores do Conclave e a Influ\u00eancia Pol\u00edtica por Tr\u00e1s da Escolha do Sucessor de Francisco\" \/>\n<meta property=\"og:url\" content=\"https:\/\/economiaportal.com\/nl\/2234\/wie-wordt-de-nieuwe-paus-2\/\" \/>\n<meta property=\"og:site_name\" content=\"Economia Portal\" \/>\n<meta property=\"article:published_time\" content=\"2025-04-30T13:14:52+00:00\" \/>\n<meta property=\"article:modified_time\" content=\"2025-04-30T13:14:53+00:00\" \/>\n<meta name=\"author\" content=\"Isaac\" \/>\n<meta name=\"twitter:card\" content=\"summary_large_image\" \/>\n<meta name=\"twitter:label1\" content=\"Geschreven door\" \/>\n\t<meta name=\"twitter:data1\" content=\"Isaac\" \/>\n\t<meta name=\"twitter:label2\" content=\"Geschatte leestijd\" \/>\n\t<meta name=\"twitter:data2\" content=\"6 minuten\" \/>\n<script type=\"application\/ld+json\" class=\"yoast-schema-graph\">{\"@context\":\"https:\/\/schema.org\",\"@graph\":[{\"@type\":\"Article\",\"@id\":\"https:\/\/economiaportal.com\/2234\/quem-sera-o-novo-papa\/#article\",\"isPartOf\":{\"@id\":\"https:\/\/economiaportal.com\/2234\/quem-sera-o-novo-papa\/\"},\"author\":{\"name\":\"Isaac\",\"@id\":\"https:\/\/economiaportal.com\/#\/schema\/person\/9330abe31ca5cda123112e1767c9a0bc\"},\"headline\":\"Quem Ser\u00e1 o Novo Papa?\",\"datePublished\":\"2025-04-30T13:14:52+00:00\",\"dateModified\":\"2025-04-30T13:14:53+00:00\",\"mainEntityOfPage\":{\"@id\":\"https:\/\/economiaportal.com\/2234\/quem-sera-o-novo-papa\/\"},\"wordCount\":1026,\"publisher\":{\"@id\":\"https:\/\/economiaportal.com\/#organization\"},\"keywords\":[\"aplicativo\",\"cardial\",\"papa\",\"roma\",\"sucess\u00e3o\"],\"articleSection\":[\"Apps\"],\"inLanguage\":\"nl-NL\"},{\"@type\":\"WebPage\",\"@id\":\"https:\/\/economiaportal.com\/2234\/quem-sera-o-novo-papa\/\",\"url\":\"https:\/\/economiaportal.com\/2234\/quem-sera-o-novo-papa\/\",\"name\":\"Quem Ser\u00e1 o Novo Papa? - Economia Portal\",\"isPartOf\":{\"@id\":\"https:\/\/economiaportal.com\/#website\"},\"datePublished\":\"2025-04-30T13:14:52+00:00\",\"dateModified\":\"2025-04-30T13:14:53+00:00\",\"description\":\"Quem Ser\u00e1 o Novo Papa? Entenda os Bastidores do Conclave e a Influ\u00eancia Pol\u00edtica por Tr\u00e1s da Escolha do Sucessor de Francisco\",\"breadcrumb\":{\"@id\":\"https:\/\/economiaportal.com\/2234\/quem-sera-o-novo-papa\/#breadcrumb\"},\"inLanguage\":\"nl-NL\",\"potentialAction\":[{\"@type\":\"ReadAction\",\"target\":[\"https:\/\/economiaportal.com\/2234\/quem-sera-o-novo-papa\/\"]}]},{\"@type\":\"BreadcrumbList\",\"@id\":\"https:\/\/economiaportal.com\/2234\/quem-sera-o-novo-papa\/#breadcrumb\",\"itemListElement\":[{\"@type\":\"ListItem\",\"position\":1,\"name\":\"In\u00edcio\",\"item\":\"https:\/\/economiaportal.com\/\"},{\"@type\":\"ListItem\",\"position\":2,\"name\":\"Quem Ser\u00e1 o Novo Papa?\"}]},{\"@type\":\"WebSite\",\"@id\":\"https:\/\/economiaportal.com\/#website\",\"url\":\"https:\/\/economiaportal.com\/\",\"name\":\"Economia Portal\",\"description\":\"\",\"publisher\":{\"@id\":\"https:\/\/economiaportal.com\/#organization\"},\"potentialAction\":[{\"@type\":\"SearchAction\",\"target\":{\"@type\":\"EntryPoint\",\"urlTemplate\":\"https:\/\/economiaportal.com\/?s={search_term_string}\"},\"query-input\":{\"@type\":\"PropertyValueSpecification\",\"valueRequired\":true,\"valueName\":\"search_term_string\"}}],\"inLanguage\":\"nl-NL\"},{\"@type\":\"Organization\",\"@id\":\"https:\/\/economiaportal.com\/#organization\",\"name\":\"Economia Portal\",\"url\":\"https:\/\/economiaportal.com\/\",\"logo\":{\"@type\":\"ImageObject\",\"inLanguage\":\"nl-NL\",\"@id\":\"https:\/\/economiaportal.com\/#\/schema\/logo\/image\/\",\"url\":\"https:\/\/economiaportal.com\/wp-content\/uploads\/2024\/07\/cropped-Design-sem-nome.jpg\",\"contentUrl\":\"https:\/\/economiaportal.com\/wp-content\/uploads\/2024\/07\/cropped-Design-sem-nome.jpg\",\"width\":161,\"height\":45,\"caption\":\"Economia Portal\"},\"image\":{\"@id\":\"https:\/\/economiaportal.com\/#\/schema\/logo\/image\/\"}},{\"@type\":\"Person\",\"@id\":\"https:\/\/economiaportal.com\/#\/schema\/person\/9330abe31ca5cda123112e1767c9a0bc\",\"name\":\"Isaac\",\"image\":{\"@type\":\"ImageObject\",\"inLanguage\":\"nl-NL\",\"@id\":\"https:\/\/economiaportal.com\/#\/schema\/person\/image\/\",\"url\":\"https:\/\/economiaportal.com\/wp-content\/litespeed\/avatar\/af70d796a465de0de2b395cc700a1b9e.jpg?ver=1777636156\",\"contentUrl\":\"https:\/\/economiaportal.com\/wp-content\/litespeed\/avatar\/af70d796a465de0de2b395cc700a1b9e.jpg?ver=1777636156\",\"caption\":\"Isaac\"},\"url\":\"https:\/\/economiaportal.com\/nl\/author\/isaac\/\"}]}<\/script>\n<!-- \/ Yoast SEO plugin. -->","yoast_head_json":{"title":"Wie wordt de nieuwe paus? - Economie Portaal","description":"Wie wordt de nieuwe paus? Achter de schermen van het conclaaf en de politieke invloed achter de keuze van de opvolger van Franciscus","robots":{"index":"index","follow":"follow","max-snippet":"max-snippet:-1","max-image-preview":"max-image-preview:large","max-video-preview":"max-video-preview:-1"},"canonical":"https:\/\/economiaportal.com\/nl\/2234\/wie-wordt-de-nieuwe-paus-2\/","og_locale":"nl_NL","og_type":"article","og_title":"Quem Ser\u00e1 o Novo Papa? - Economia Portal","og_description":"Quem Ser\u00e1 o Novo Papa? Entenda os Bastidores do Conclave e a Influ\u00eancia Pol\u00edtica por Tr\u00e1s da Escolha do Sucessor de Francisco","og_url":"https:\/\/economiaportal.com\/nl\/2234\/wie-wordt-de-nieuwe-paus-2\/","og_site_name":"Economia Portal","article_published_time":"2025-04-30T13:14:52+00:00","article_modified_time":"2025-04-30T13:14:53+00:00","author":"Isaac","twitter_card":"summary_large_image","twitter_misc":{"Geschreven door":"Isaac","Geschatte leestijd":"6 minuten"},"schema":{"@context":"https:\/\/schema.org","@graph":[{"@type":"Article","@id":"https:\/\/economiaportal.com\/2234\/quem-sera-o-novo-papa\/#article","isPartOf":{"@id":"https:\/\/economiaportal.com\/2234\/quem-sera-o-novo-papa\/"},"author":{"name":"Isaac","@id":"https:\/\/economiaportal.com\/#\/schema\/person\/9330abe31ca5cda123112e1767c9a0bc"},"headline":"Quem Ser\u00e1 o Novo Papa?","datePublished":"2025-04-30T13:14:52+00:00","dateModified":"2025-04-30T13:14:53+00:00","mainEntityOfPage":{"@id":"https:\/\/economiaportal.com\/2234\/quem-sera-o-novo-papa\/"},"wordCount":1026,"publisher":{"@id":"https:\/\/economiaportal.com\/#organization"},"keywords":["aplicativo","cardial","papa","roma","sucess\u00e3o"],"articleSection":["Apps"],"inLanguage":"nl-NL"},{"@type":"WebPage","@id":"https:\/\/economiaportal.com\/2234\/quem-sera-o-novo-papa\/","url":"https:\/\/economiaportal.com\/2234\/quem-sera-o-novo-papa\/","name":"Wie wordt de nieuwe paus? - Economie Portaal","isPartOf":{"@id":"https:\/\/economiaportal.com\/#website"},"datePublished":"2025-04-30T13:14:52+00:00","dateModified":"2025-04-30T13:14:53+00:00","description":"Wie wordt de nieuwe paus? Achter de schermen van het conclaaf en de politieke invloed achter de keuze van de opvolger van Franciscus","breadcrumb":{"@id":"https:\/\/economiaportal.com\/2234\/quem-sera-o-novo-papa\/#breadcrumb"},"inLanguage":"nl-NL","potentialAction":[{"@type":"ReadAction","target":["https:\/\/economiaportal.com\/2234\/quem-sera-o-novo-papa\/"]}]},{"@type":"BreadcrumbList","@id":"https:\/\/economiaportal.com\/2234\/quem-sera-o-novo-papa\/#breadcrumb","itemListElement":[{"@type":"ListItem","position":1,"name":"In\u00edcio","item":"https:\/\/economiaportal.com\/"},{"@type":"ListItem","position":2,"name":"Quem Ser\u00e1 o Novo Papa?"}]},{"@type":"WebSite","@id":"https:\/\/economiaportal.com\/#website","url":"https:\/\/economiaportal.com\/","name":"Economieportaal","description":"","publisher":{"@id":"https:\/\/economiaportal.com\/#organization"},"potentialAction":[{"@type":"SearchAction","target":{"@type":"EntryPoint","urlTemplate":"https:\/\/economiaportal.com\/?s={search_term_string}"},"query-input":{"@type":"PropertyValueSpecification","valueRequired":true,"valueName":"search_term_string"}}],"inLanguage":"nl-NL"},{"@type":"Organization","@id":"https:\/\/economiaportal.com\/#organization","name":"Economieportaal","url":"https:\/\/economiaportal.com\/","logo":{"@type":"ImageObject","inLanguage":"nl-NL","@id":"https:\/\/economiaportal.com\/#\/schema\/logo\/image\/","url":"https:\/\/economiaportal.com\/wp-content\/uploads\/2024\/07\/cropped-Design-sem-nome.jpg","contentUrl":"https:\/\/economiaportal.com\/wp-content\/uploads\/2024\/07\/cropped-Design-sem-nome.jpg","width":161,"height":45,"caption":"Economia Portal"},"image":{"@id":"https:\/\/economiaportal.com\/#\/schema\/logo\/image\/"}},{"@type":"Person","@id":"https:\/\/economiaportal.com\/#\/schema\/person\/9330abe31ca5cda123112e1767c9a0bc","name":"Isaak","image":{"@type":"ImageObject","inLanguage":"nl-NL","@id":"https:\/\/economiaportal.com\/#\/schema\/person\/image\/","url":"https:\/\/economiaportal.com\/wp-content\/litespeed\/avatar\/af70d796a465de0de2b395cc700a1b9e.jpg?ver=1777636156","contentUrl":"https:\/\/economiaportal.com\/wp-content\/litespeed\/avatar\/af70d796a465de0de2b395cc700a1b9e.jpg?ver=1777636156","caption":"Isaac"},"url":"https:\/\/economiaportal.com\/nl\/author\/isaac\/"}]}},"_links":{"self":[{"href":"https:\/\/economiaportal.com\/nl\/wp-json\/wp\/v2\/posts\/2234","targetHints":{"allow":["GET"]}}],"collection":[{"href":"https:\/\/economiaportal.com\/nl\/wp-json\/wp\/v2\/posts"}],"about":[{"href":"https:\/\/economiaportal.com\/nl\/wp-json\/wp\/v2\/types\/post"}],"author":[{"embeddable":true,"href":"https:\/\/economiaportal.com\/nl\/wp-json\/wp\/v2\/users\/19"}],"replies":[{"embeddable":true,"href":"https:\/\/economiaportal.com\/nl\/wp-json\/wp\/v2\/comments?post=2234"}],"version-history":[{"count":2,"href":"https:\/\/economiaportal.com\/nl\/wp-json\/wp\/v2\/posts\/2234\/revisions"}],"predecessor-version":[{"id":2239,"href":"https:\/\/economiaportal.com\/nl\/wp-json\/wp\/v2\/posts\/2234\/revisions\/2239"}],"wp:attachment":[{"href":"https:\/\/economiaportal.com\/nl\/wp-json\/wp\/v2\/media?parent=2234"}],"wp:term":[{"taxonomy":"category","embeddable":true,"href":"https:\/\/economiaportal.com\/nl\/wp-json\/wp\/v2\/categories?post=2234"},{"taxonomy":"post_tag","embeddable":true,"href":"https:\/\/economiaportal.com\/nl\/wp-json\/wp\/v2\/tags?post=2234"}],"curies":[{"name":"wp","href":"https:\/\/api.w.org\/{rel}","templated":true}]}}