{"id":1882,"date":"2025-03-04T17:22:45","date_gmt":"2025-03-04T14:22:45","guid":{"rendered":"https:\/\/economiaportal.com\/?p=1882"},"modified":"2025-03-04T17:22:46","modified_gmt":"2025-03-04T14:22:46","slug":"zmiana-koloru-instagrama","status":"publish","type":"post","link":"https:\/\/economiaportal.com\/pl\/1882\/mudar-a-cor-do-instagram\/","title":{"rendered":"Zmie\u0144 kolor Instagrama"},"content":{"rendered":"<p>Czy\u017c nie by\u0142oby fajnie, gdyby\u015b m\u00f3g\u0142? <strong>Zmie\u0144 kolor Instagrama<\/strong> i uczyni\u0107 go bardziej spersonalizowanym i bardziej podobnym do Ciebie? Dowiedz si\u0119 wszystkiego poni\u017cej. <\/p>\n\n\n\n<p>Instagram jest bez w\u0105tpienia jednym z najpopularniejszych serwis\u00f3w spo\u0142eczno\u015bciowych na \u015bwiecie, jednak jego standardowy interfejs, w kt\u00f3rym dominuj\u0105 odcienie bieli i b\u0142\u0119kitu, mo\u017ce nie przypa\u015b\u0107 do gustu ka\u017cdemu. <\/p>\n\n\n\n<p>Dlatego wiele os\u00f3b szuka sposob\u00f3w, aby <strong>zmie\u0144 kolor Instagrama<\/strong> aby spersonalizowa\u0107 do\u015bwiadczenie i uczyni\u0107 aplikacj\u0119 bardziej atrakcyjn\u0105 wizualnie.<\/p>\n\n\n\n<p>Tak wi\u0119c, mimo \u017ce oficjalny Instagram oferuje pewne ograniczone opcje, takie jak <strong>tryb ciemny<\/strong>, istniej\u0105 metody modyfikacji kolor\u00f3w interfejsu za pomoc\u0105 <strong>rozszerzenia, aplikacje zewn\u0119trzne i niestandardowe programy uruchamiaj\u0105ce<\/strong>. <\/p>\n\n\n\n<p>W tym artykule przyjrzymy si\u0119 wszystkim mo\u017cliwym sposobom <strong>Dostosuj Instagram<\/strong> na komputerze i telefonie kom\u00f3rkowym.<\/p>\n\n\n\n<p>Tutaj dowiesz si\u0119:<\/p>\n\n\n\n<ul class=\"wp-block-list\">\n<li>Jak aktywowa\u0107 <strong>tryb ciemny<\/strong> Oficjalny Instagram;<\/li>\n\n\n\n<li>Jak zmieni\u0107 kolor Instagrama na <strong>Komputer i telefon kom\u00f3rkowy<\/strong>;<\/li>\n\n\n\n<li>Aplikacje i rozszerzenia do personalizacji;<\/li>\n\n\n\n<li>Jak u\u017cywa\u0107 <strong>launchery na Androida<\/strong> aby zmieni\u0107 ikony i kolory;<\/li>\n\n\n\n<li>Szczeg\u00f3\u0142owy opis krok po kroku dla ka\u017cdej metody.<\/li>\n<\/ul>\n\n\n\n<p>Teraz sprawd\u017a wszystkie sposoby, w jakie mo\u017cesz dostosowa\u0107 Instagram i sprawi\u0107, by wygl\u0105da\u0142 dok\u0142adnie tak, jak chcesz! \ud83c\udfa8\ud83d\udcf1<\/p>\n\n\n\n<h2 class=\"wp-block-heading\"><strong>1. Jak zmieni\u0107 kolor Instagrama za pomoc\u0105 trybu ciemnego<\/strong><\/h2>\n\n\n\n<p>Po pierwsze, <strong>tryb ciemny<\/strong> jest oficjaln\u0105 opcj\u0105 oferowan\u0105 przez Instagram, umo\u017cliwiaj\u0105c\u0105 zmian\u0119 wygl\u0105du aplikacji. <\/p>\n\n\n\n<p>Opcja ta zmienia bia\u0142e t\u0142o na ciemny odcie\u0144, zmniejszaj\u0105c zm\u0119czenie oczu i pomagaj\u0105c oszcz\u0119dza\u0107 bateri\u0119 w ekranach OLED.<\/p>\n\n\n\n<h3 class=\"wp-block-heading\"><strong>Instrukcja krok po kroku dotycz\u0105ca aktywacji trybu ciemnego na urz\u0105dzeniach z systemem Android i iOS<\/strong><\/h3>\n\n\n\n<ol class=\"wp-block-list\">\n<li>Otw\u00f3rz <strong>Instagram<\/strong>.<\/li>\n\n\n\n<li>Kliknij na sw\u00f3j <strong>zdj\u0119cie profilowe<\/strong> w prawym dolnym rogu.<\/li>\n\n\n\n<li>Dotknij nas <strong>trzy kreski<\/strong> w prawym g\u00f3rnym rogu i dost\u0119p <strong>Ustawienia i prywatno\u015b\u0107<\/strong>.<\/li>\n\n\n\n<li>Id\u017a do <strong>Wygl\u0105d<\/strong> i wybierz <strong>Tryb ciemny<\/strong>.<\/li>\n\n\n\n<li>Aplikacja automatycznie zaktualizuje si\u0119 do nowego wygl\u0105du.<\/li>\n<\/ol>\n\n\n\n<p>To jest najprostszy i najbezpieczniejszy spos\u00f3b <strong>zmie\u0144 wygl\u0105d Instagrama<\/strong>ale je\u015bli chcesz dostosowa\u0107 kolory bardziej szczeg\u00f3\u0142owo, sprawd\u017a opcje poni\u017cej.<\/p>\n\n\n\n<h2 class=\"wp-block-heading\"><strong>2. Jak zmieni\u0107 kolor Instagrama za pomoc\u0105 rozszerze\u0144 na komputerze<\/strong><\/h2>\n\n\n\n<p>Nast\u0119pnie, je\u015bli u\u017cywasz Instagrama na swoim komputerze i chcesz zmieni\u0107 kolor witryny, mo\u017cesz u\u017cy\u0107 <strong>rozszerzenia przegl\u0105darki<\/strong> takie jak Google Chrome i Mozilla Firefox.<\/p>\n\n\n\n<h3 class=\"wp-block-heading\"><strong>Zalecane rozszerzenia<\/strong><\/h3>\n\n\n\n<ul class=\"wp-block-list\">\n<li>\u2705 <strong><a href=\"https:\/\/chrome.google.com\/webstore\/detail\/stylish-custom-themes-for\/fjnbnpbmkenffdnngjfgmeleoegfcffe\">Elegancki<\/a><\/strong> \u2013 Umo\u017cliwia stosowanie niestandardowych motyw\u00f3w na Instagramie i innych stronach internetowych.<\/li>\n\n\n\n<li>\u2705 <strong><a href=\"https:\/\/chrome.google.com\/webstore\/detail\/color-changer-for-instag\/\">Zmieniacz kolor\u00f3w na Instagramie<\/a><\/strong> \u2013 Zmienia kolor interfejsu Instagrama w przegl\u0105darce.<\/li>\n\n\n\n<li>\u2705 <strong><a href=\"https:\/\/chrome.google.com\/webstore\/detail\/dark-mode-for-instagram\/\">Tryb ciemny<\/a><\/strong> \u2013 Umo\u017cliwia r\u00f3\u017cne ciemne tony i tryby niestandardowe.<\/li>\n<\/ul>\n\n\n\n<h3 class=\"wp-block-heading\"><strong>Instrukcja krok po kroku dotycz\u0105ca korzystania ze stylowego rozszerzenia<\/strong><\/h3>\n\n\n\n<ol class=\"wp-block-list\">\n<li>Uzyskaj dost\u0119p do <strong>Sklep internetowy Chrome<\/strong> i poszukaj <strong>Elegancki<\/strong>.<\/li>\n\n\n\n<li>Zainstaluj rozszerzenie klikaj\u0105c na <strong>Dodaj do Chrome<\/strong>.<\/li>\n\n\n\n<li>Po instalacji otw\u00f3rz <strong>Instagram Sie\u0107<\/strong> i kliknij ikon\u0119 Stylish w przegl\u0105darce.<\/li>\n\n\n\n<li>Wybierz niestandardowy motyw lub stw\u00f3rz w\u0142asny styl.<\/li>\n\n\n\n<li>Wprowad\u017a zmiany i ciesz si\u0119 swoim Instagramem w nowych kolorach!<\/li>\n<\/ol>\n\n\n\n<p>Jednak ta opcja jest idealna dla tych, kt\u00f3rzy korzystaj\u0105 z Instagrama za po\u015brednictwem przegl\u0105darki i chc\u0105 uzyska\u0107 inny wygl\u0105d bez konieczno\u015bci instalowania aplikacji na telefonie kom\u00f3rkowym.<\/p>\n\n\n\n<h2 class=\"wp-block-heading\"><strong>3. Jak zmieni\u0107 kolor Instagrama za pomoc\u0105 aplikacji mobilnych<\/strong><\/h2>\n\n\n\n<p>Dla tych, kt\u00f3rzy chc\u0105 zmieni\u0107 kolor Instagrama na swoim telefonie kom\u00f3rkowym, istniej\u0105 alternatywne aplikacje, kt\u00f3re pozwalaj\u0105 dostosowa\u0107 wygl\u0105d portalu spo\u0142eczno\u015bciowego.<\/p>\n\n\n\n<h3 class=\"wp-block-heading\"><strong>Najlepsze aplikacje do zmiany koloru na Instagramie<\/strong><\/h3>\n\n\n\n<ul class=\"wp-block-list\">\n<li>\u2705 <strong>Instander<\/strong> \u2013 Zmodyfikowana wersja Instagrama z mo\u017cliwo\u015bci\u0105 personalizacji motywu.<\/li>\n\n\n\n<li>\u2705 <strong>Maki Plus<\/strong> \u2013 Umo\u017cliwia dostosowanie Instagrama za pomoc\u0105 r\u00f3\u017cnych kolor\u00f3w.<\/li>\n\n\n\n<li>\u2705 <strong><a href=\"https:\/\/play.google.com\/store\/apps\/details?id=io.friendly\">Przyjazny dla Instagrama<\/a><\/strong> \u2013 Oferuje zaawansowan\u0105 personalizacj\u0119 i dodatkowe funkcje.<\/li>\n<\/ul>\n\n\n\n<h3 class=\"wp-block-heading\"><strong>Instrukcja krok po kroku dotycz\u0105ca korzystania z Instander<\/strong><\/h3>\n\n\n\n<ol class=\"wp-block-list\">\n<li>Pobierz <strong>Instander<\/strong> poprzez oficjaln\u0105 stron\u0119 internetow\u0105.<\/li>\n\n\n\n<li>Zainstaluj aplikacj\u0119 i zaloguj si\u0119 na swoim koncie na Instagramie.<\/li>\n\n\n\n<li>Id\u017a do <strong>Ustawienia Instandera<\/strong> i wybierz <strong>Personalizacja<\/strong>.<\/li>\n\n\n\n<li>Zmie\u0144 kolory interfejsu i zapisz zmiany.<\/li>\n\n\n\n<li>Ciesz si\u0119 Instagramem w nowej, wyj\u0105tkowej ods\u0142onie!<\/li>\n<\/ol>\n\n\n\n<p>\u26a0\ufe0f <strong>Uwaga<\/strong>:Instander to zmodyfikowana wersja Instagrama i nie jest oficjalna. U\u017cywaj ostro\u017cnie i zawsze pobieraj ze sprawdzonych \u017ar\u00f3de\u0142.<\/p>\n\n\n\n<h2 class=\"wp-block-heading\"><strong>4. Jak u\u017cywa\u0107 Launcher\u00f3w na Androidzie do dostosowywania Instagrama<\/strong><\/h2>\n\n\n\n<p>Na koniec, je\u015bli chcesz zmieni\u0107 tylko <strong>Ikona Instagrama<\/strong> lub zmieni\u0107 og\u00f3lny wygl\u0105d systemu, mo\u017cesz u\u017cy\u0107 <strong>niestandardowe wyrzutnie<\/strong>.<\/p>\n\n\n\n<h3 class=\"wp-block-heading\"><strong>Najlepsze programy uruchamiaj\u0105ce do dostosowywania ikon<\/strong><\/h3>\n\n\n\n<ul class=\"wp-block-list\">\n<li>\u2705 <strong><a href=\"https:\/\/play.google.com\/store\/apps\/details?id=com.teslacoilsw.launcher\">Nowa wyrzutnia<\/a><\/strong> \u2013 Umo\u017cliwia zmian\u0119 ikon i kolor\u00f3w systemowych.<\/li>\n\n\n\n<li>\u2705 <strong><a href=\"https:\/\/play.google.com\/store\/apps\/details?id=com.actionlauncher.playstore\">Uruchomienie akcji<\/a><\/strong> \u2013 Doskona\u0142a alternatywa dla modyfikacji motyw\u00f3w i personalizacji telefonu kom\u00f3rkowego.<\/li>\n\n\n\n<li>\u2705 <strong>Wyrzutnia Apex<\/strong> \u2013 Oferuje kilka opcji personalizacji i r\u00f3\u017cne ikony.<\/li>\n<\/ul>\n\n\n\n<h3 class=\"wp-block-heading\"><strong>Przewodnik krok po kroku, jak zmieni\u0107 ikon\u0119 Instagrama za pomoc\u0105 Nova Launcher<\/strong><\/h3>\n\n\n\n<ol class=\"wp-block-list\">\n<li>Pobierz i zainstaluj <strong>Nowa wyrzutnia<\/strong>.<\/li>\n\n\n\n<li>Naci\u015bnij i przytrzymaj <strong>Ikona Instagrama<\/strong> na ekranie g\u0142\u00f3wnym.<\/li>\n\n\n\n<li>Uzyskiwa\u0107 <strong>Redagowa\u0107<\/strong>.<\/li>\n\n\n\n<li>Wybierz now\u0105 ikon\u0119 lub pobierz now\u0105 <strong>pakiet niestandardowych ikon<\/strong>.<\/li>\n\n\n\n<li>Potwierd\u017a i zobacz nowy wygl\u0105d ikony Instagrama.<\/li>\n<\/ol>\n\n\n\n<p>Opcja ta nie zmienia kolor\u00f3w w aplikacji, ale pozwala na dostosowanie Instagrama na telefonie kom\u00f3rkowym na inny spos\u00f3b.<\/p>\n\n\n\n<h2 class=\"wp-block-heading\"><strong>Wniosek<\/strong><\/h2>\n\n\n\n<p>Tak czy inaczej, mimo \u017ce oficjalny Instagram oferuje niewiele opcji personalizacji, jest to mo\u017cliwe <strong>zmie\u0144 kolor Instagrama<\/strong> u\u017cywaj\u0105c <strong>rozszerzenia, alternatywne aplikacje i niestandardowe programy uruchamiaj\u0105ce<\/strong>. <\/p>\n\n\n\n<p>Je\u015bli jednak chcesz dokona\u0107 prostej zmiany, <strong>tryb ciemny<\/strong> mo\u017cna \u0142atwo aktywowa\u0107. <\/p>\n\n\n\n<p>Je\u015bli chodzi o g\u0142\u0119bsze zmiany, aplikacje takie jak <strong>Instander<\/strong> To jest <strong>Maki Plus<\/strong> oferuj\u0105 wi\u0119kszy poziom personalizacji.<\/p>\n\n\n\n<p>Niezale\u017cnie od tego, co wybierzesz, masz teraz kilka opcji, aby zmieni\u0107 wygl\u0105d swojego Instagrama i dopasowa\u0107 go dok\u0142adnie do swoich potrzeb! <\/p>\n\n\n\n<p>Przetestuj wi\u0119c przedstawione alternatywy i ciesz si\u0119 nowym wygl\u0105dem swojego Instagrama! \ud83c\udfa8\ud83d\udcf1\u2728<\/p>","protected":false},"excerpt":{"rendered":"<p>Czy\u017c nie by\u0142oby wspaniale, gdyby\u015b m\u00f3g\u0142 zmieni\u0107 kolor Instagrama i uczyni\u0107 go bardziej spersonalizowanym i bardziej podobnym do Ciebie? Dowiedz si\u0119 wi\u0119cej poni\u017cej. Instagram jest z pewno\u015bci\u0105 jedn\u0105 z najpopularniejszych sieci spo\u0142eczno\u015bciowych \u2026 <\/p>","protected":false},"author":14,"featured_media":0,"comment_status":"closed","ping_status":"closed","sticky":false,"template":"","format":"standard","meta":{"footnotes":""},"categories":[1],"tags":[1256,1251,1245,1253,1255,1254,1247,1252,1241,1244],"class_list":["post-1882","post","type-post","status-publish","format-standard","hentry","category-uncategorized","tag-action-launcher","tag-apex-launcher","tag-color-change","tag-dark-mode","tag-friendly","tag-instander","tag-maki-plus","tag-mudar-a-cor-do-instagram","tag-nova-laucher","tag-stylish","latest_post"],"yoast_head":"<!-- This site is optimized with the Yoast SEO plugin v26.8 - https:\/\/yoast.com\/product\/yoast-seo-wordpress\/ -->\n<title>Mudar a Cor do Instagram - Economia Portal<\/title>\n<meta name=\"description\" content=\"N\u00e3o seria muito legal se pudesse Mudar a Cor do Instagram e deix\u00e1-lo personalizado e mais parecido com voc\u00ea? Saiba tudo abaixo.\" \/>\n<meta name=\"robots\" content=\"index, follow, max-snippet:-1, max-image-preview:large, max-video-preview:-1\" \/>\n<link rel=\"canonical\" href=\"https:\/\/economiaportal.com\/pl\/1882\/zmiana-koloru-instagrama\/\" \/>\n<meta property=\"og:locale\" content=\"pl_PL\" \/>\n<meta property=\"og:type\" content=\"article\" \/>\n<meta property=\"og:title\" content=\"Mudar a Cor do Instagram - Economia Portal\" \/>\n<meta property=\"og:description\" content=\"N\u00e3o seria muito legal se pudesse Mudar a Cor do Instagram e deix\u00e1-lo personalizado e mais parecido com voc\u00ea? Saiba tudo abaixo.\" \/>\n<meta property=\"og:url\" content=\"https:\/\/economiaportal.com\/pl\/1882\/zmiana-koloru-instagrama\/\" \/>\n<meta property=\"og:site_name\" content=\"Economia Portal\" \/>\n<meta property=\"article:published_time\" content=\"2025-03-04T14:22:45+00:00\" \/>\n<meta property=\"article:modified_time\" content=\"2025-03-04T14:22:46+00:00\" \/>\n<meta name=\"author\" content=\"admin\" \/>\n<meta name=\"twitter:card\" content=\"summary_large_image\" \/>\n<meta name=\"twitter:label1\" content=\"Napisane przez\" \/>\n\t<meta name=\"twitter:data1\" content=\"admin\" \/>\n\t<meta name=\"twitter:label2\" content=\"Szacowany czas czytania\" \/>\n\t<meta name=\"twitter:data2\" content=\"5 minut\" \/>\n<script type=\"application\/ld+json\" class=\"yoast-schema-graph\">{\"@context\":\"https:\/\/schema.org\",\"@graph\":[{\"@type\":\"Article\",\"@id\":\"https:\/\/economiaportal.com\/1882\/mudar-a-cor-do-instagram\/#article\",\"isPartOf\":{\"@id\":\"https:\/\/economiaportal.com\/1882\/mudar-a-cor-do-instagram\/\"},\"author\":{\"name\":\"admin\",\"@id\":\"https:\/\/economiaportal.com\/#\/schema\/person\/1633c7ca22d836a68c8907ef39e510f5\"},\"headline\":\"Mudar a Cor do Instagram\",\"datePublished\":\"2025-03-04T14:22:45+00:00\",\"dateModified\":\"2025-03-04T14:22:46+00:00\",\"mainEntityOfPage\":{\"@id\":\"https:\/\/economiaportal.com\/1882\/mudar-a-cor-do-instagram\/\"},\"wordCount\":908,\"publisher\":{\"@id\":\"https:\/\/economiaportal.com\/#organization\"},\"keywords\":[\"Action Launcher\",\"Apex launcher\",\"Color Change\",\"Dark mode\",\"Friendly\",\"Instander\",\"Maki plus\",\"Mudar a Cor do Instagram\",\"Nova laucher\",\"Stylish\"],\"articleSection\":[\"Uncategorized\"],\"inLanguage\":\"pl-PL\"},{\"@type\":\"WebPage\",\"@id\":\"https:\/\/economiaportal.com\/1882\/mudar-a-cor-do-instagram\/\",\"url\":\"https:\/\/economiaportal.com\/1882\/mudar-a-cor-do-instagram\/\",\"name\":\"Mudar a Cor do Instagram - Economia Portal\",\"isPartOf\":{\"@id\":\"https:\/\/economiaportal.com\/#website\"},\"datePublished\":\"2025-03-04T14:22:45+00:00\",\"dateModified\":\"2025-03-04T14:22:46+00:00\",\"description\":\"N\u00e3o seria muito legal se pudesse Mudar a Cor do Instagram e deix\u00e1-lo personalizado e mais parecido com voc\u00ea? Saiba tudo abaixo.\",\"breadcrumb\":{\"@id\":\"https:\/\/economiaportal.com\/1882\/mudar-a-cor-do-instagram\/#breadcrumb\"},\"inLanguage\":\"pl-PL\",\"potentialAction\":[{\"@type\":\"ReadAction\",\"target\":[\"https:\/\/economiaportal.com\/1882\/mudar-a-cor-do-instagram\/\"]}]},{\"@type\":\"BreadcrumbList\",\"@id\":\"https:\/\/economiaportal.com\/1882\/mudar-a-cor-do-instagram\/#breadcrumb\",\"itemListElement\":[{\"@type\":\"ListItem\",\"position\":1,\"name\":\"In\u00edcio\",\"item\":\"https:\/\/economiaportal.com\/\"},{\"@type\":\"ListItem\",\"position\":2,\"name\":\"Mudar a Cor do Instagram\"}]},{\"@type\":\"WebSite\",\"@id\":\"https:\/\/economiaportal.com\/#website\",\"url\":\"https:\/\/economiaportal.com\/\",\"name\":\"Economia Portal\",\"description\":\"\",\"publisher\":{\"@id\":\"https:\/\/economiaportal.com\/#organization\"},\"potentialAction\":[{\"@type\":\"SearchAction\",\"target\":{\"@type\":\"EntryPoint\",\"urlTemplate\":\"https:\/\/economiaportal.com\/?s={search_term_string}\"},\"query-input\":{\"@type\":\"PropertyValueSpecification\",\"valueRequired\":true,\"valueName\":\"search_term_string\"}}],\"inLanguage\":\"pl-PL\"},{\"@type\":\"Organization\",\"@id\":\"https:\/\/economiaportal.com\/#organization\",\"name\":\"Economia Portal\",\"url\":\"https:\/\/economiaportal.com\/\",\"logo\":{\"@type\":\"ImageObject\",\"inLanguage\":\"pl-PL\",\"@id\":\"https:\/\/economiaportal.com\/#\/schema\/logo\/image\/\",\"url\":\"https:\/\/economiaportal.com\/wp-content\/uploads\/2024\/07\/cropped-Design-sem-nome.jpg\",\"contentUrl\":\"https:\/\/economiaportal.com\/wp-content\/uploads\/2024\/07\/cropped-Design-sem-nome.jpg\",\"width\":161,\"height\":45,\"caption\":\"Economia Portal\"},\"image\":{\"@id\":\"https:\/\/economiaportal.com\/#\/schema\/logo\/image\/\"}},{\"@type\":\"Person\",\"@id\":\"https:\/\/economiaportal.com\/#\/schema\/person\/1633c7ca22d836a68c8907ef39e510f5\",\"name\":\"admin\",\"image\":{\"@type\":\"ImageObject\",\"inLanguage\":\"pl-PL\",\"@id\":\"https:\/\/economiaportal.com\/#\/schema\/person\/image\/\",\"url\":\"https:\/\/economiaportal.com\/wp-content\/litespeed\/avatar\/d8bb0a0d516772e3dd31e2f3e00e93bf.jpg?ver=1777005689\",\"contentUrl\":\"https:\/\/economiaportal.com\/wp-content\/litespeed\/avatar\/d8bb0a0d516772e3dd31e2f3e00e93bf.jpg?ver=1777005689\",\"caption\":\"admin\"},\"url\":\"https:\/\/economiaportal.com\/pl\/author\/admin\/\"}]}<\/script>\n<!-- \/ Yoast SEO plugin. -->","yoast_head_json":{"title":"Zmie\u0144 kolor Instagrama - Portal Economia","description":"Czy nie by\u0142oby wspaniale, gdyby\u015b m\u00f3g\u0142 zmieni\u0107 kolor Instagrama i uczyni\u0107 go bardziej spersonalizowanym i podobnym do Ciebie? Dowiedz si\u0119 wszystkiego poni\u017cej.","robots":{"index":"index","follow":"follow","max-snippet":"max-snippet:-1","max-image-preview":"max-image-preview:large","max-video-preview":"max-video-preview:-1"},"canonical":"https:\/\/economiaportal.com\/pl\/1882\/zmiana-koloru-instagrama\/","og_locale":"pl_PL","og_type":"article","og_title":"Mudar a Cor do Instagram - Economia Portal","og_description":"N\u00e3o seria muito legal se pudesse Mudar a Cor do Instagram e deix\u00e1-lo personalizado e mais parecido com voc\u00ea? Saiba tudo abaixo.","og_url":"https:\/\/economiaportal.com\/pl\/1882\/zmiana-koloru-instagrama\/","og_site_name":"Economia Portal","article_published_time":"2025-03-04T14:22:45+00:00","article_modified_time":"2025-03-04T14:22:46+00:00","author":"admin","twitter_card":"summary_large_image","twitter_misc":{"Napisane przez":"admin","Szacowany czas czytania":"5 minut"},"schema":{"@context":"https:\/\/schema.org","@graph":[{"@type":"Article","@id":"https:\/\/economiaportal.com\/1882\/mudar-a-cor-do-instagram\/#article","isPartOf":{"@id":"https:\/\/economiaportal.com\/1882\/mudar-a-cor-do-instagram\/"},"author":{"name":"admin","@id":"https:\/\/economiaportal.com\/#\/schema\/person\/1633c7ca22d836a68c8907ef39e510f5"},"headline":"Mudar a Cor do Instagram","datePublished":"2025-03-04T14:22:45+00:00","dateModified":"2025-03-04T14:22:46+00:00","mainEntityOfPage":{"@id":"https:\/\/economiaportal.com\/1882\/mudar-a-cor-do-instagram\/"},"wordCount":908,"publisher":{"@id":"https:\/\/economiaportal.com\/#organization"},"keywords":["Action Launcher","Apex launcher","Color Change","Dark mode","Friendly","Instander","Maki plus","Mudar a Cor do Instagram","Nova laucher","Stylish"],"articleSection":["Uncategorized"],"inLanguage":"pl-PL"},{"@type":"WebPage","@id":"https:\/\/economiaportal.com\/1882\/mudar-a-cor-do-instagram\/","url":"https:\/\/economiaportal.com\/1882\/mudar-a-cor-do-instagram\/","name":"Zmie\u0144 kolor Instagrama - Portal Economia","isPartOf":{"@id":"https:\/\/economiaportal.com\/#website"},"datePublished":"2025-03-04T14:22:45+00:00","dateModified":"2025-03-04T14:22:46+00:00","description":"Czy nie by\u0142oby wspaniale, gdyby\u015b m\u00f3g\u0142 zmieni\u0107 kolor Instagrama i uczyni\u0107 go bardziej spersonalizowanym i podobnym do Ciebie? Dowiedz si\u0119 wszystkiego poni\u017cej.","breadcrumb":{"@id":"https:\/\/economiaportal.com\/1882\/mudar-a-cor-do-instagram\/#breadcrumb"},"inLanguage":"pl-PL","potentialAction":[{"@type":"ReadAction","target":["https:\/\/economiaportal.com\/1882\/mudar-a-cor-do-instagram\/"]}]},{"@type":"BreadcrumbList","@id":"https:\/\/economiaportal.com\/1882\/mudar-a-cor-do-instagram\/#breadcrumb","itemListElement":[{"@type":"ListItem","position":1,"name":"In\u00edcio","item":"https:\/\/economiaportal.com\/"},{"@type":"ListItem","position":2,"name":"Mudar a Cor do Instagram"}]},{"@type":"WebSite","@id":"https:\/\/economiaportal.com\/#website","url":"https:\/\/economiaportal.com\/","name":"Portal ekonomiczny","description":"","publisher":{"@id":"https:\/\/economiaportal.com\/#organization"},"potentialAction":[{"@type":"SearchAction","target":{"@type":"EntryPoint","urlTemplate":"https:\/\/economiaportal.com\/?s={search_term_string}"},"query-input":{"@type":"PropertyValueSpecification","valueRequired":true,"valueName":"search_term_string"}}],"inLanguage":"pl-PL"},{"@type":"Organization","@id":"https:\/\/economiaportal.com\/#organization","name":"Portal ekonomiczny","url":"https:\/\/economiaportal.com\/","logo":{"@type":"ImageObject","inLanguage":"pl-PL","@id":"https:\/\/economiaportal.com\/#\/schema\/logo\/image\/","url":"https:\/\/economiaportal.com\/wp-content\/uploads\/2024\/07\/cropped-Design-sem-nome.jpg","contentUrl":"https:\/\/economiaportal.com\/wp-content\/uploads\/2024\/07\/cropped-Design-sem-nome.jpg","width":161,"height":45,"caption":"Economia Portal"},"image":{"@id":"https:\/\/economiaportal.com\/#\/schema\/logo\/image\/"}},{"@type":"Person","@id":"https:\/\/economiaportal.com\/#\/schema\/person\/1633c7ca22d836a68c8907ef39e510f5","name":"administracja","image":{"@type":"ImageObject","inLanguage":"pl-PL","@id":"https:\/\/economiaportal.com\/#\/schema\/person\/image\/","url":"https:\/\/economiaportal.com\/wp-content\/litespeed\/avatar\/d8bb0a0d516772e3dd31e2f3e00e93bf.jpg?ver=1777005689","contentUrl":"https:\/\/economiaportal.com\/wp-content\/litespeed\/avatar\/d8bb0a0d516772e3dd31e2f3e00e93bf.jpg?ver=1777005689","caption":"admin"},"url":"https:\/\/economiaportal.com\/pl\/author\/admin\/"}]}},"_links":{"self":[{"href":"https:\/\/economiaportal.com\/pl\/wp-json\/wp\/v2\/posts\/1882","targetHints":{"allow":["GET"]}}],"collection":[{"href":"https:\/\/economiaportal.com\/pl\/wp-json\/wp\/v2\/posts"}],"about":[{"href":"https:\/\/economiaportal.com\/pl\/wp-json\/wp\/v2\/types\/post"}],"author":[{"embeddable":true,"href":"https:\/\/economiaportal.com\/pl\/wp-json\/wp\/v2\/users\/14"}],"replies":[{"embeddable":true,"href":"https:\/\/economiaportal.com\/pl\/wp-json\/wp\/v2\/comments?post=1882"}],"version-history":[{"count":2,"href":"https:\/\/economiaportal.com\/pl\/wp-json\/wp\/v2\/posts\/1882\/revisions"}],"predecessor-version":[{"id":1884,"href":"https:\/\/economiaportal.com\/pl\/wp-json\/wp\/v2\/posts\/1882\/revisions\/1884"}],"wp:attachment":[{"href":"https:\/\/economiaportal.com\/pl\/wp-json\/wp\/v2\/media?parent=1882"}],"wp:term":[{"taxonomy":"category","embeddable":true,"href":"https:\/\/economiaportal.com\/pl\/wp-json\/wp\/v2\/categories?post=1882"},{"taxonomy":"post_tag","embeddable":true,"href":"https:\/\/economiaportal.com\/pl\/wp-json\/wp\/v2\/tags?post=1882"}],"curies":[{"name":"wp","href":"https:\/\/api.w.org\/{rel}","templated":true}]}}