{"id":2234,"date":"2025-04-30T16:14:52","date_gmt":"2025-04-30T13:14:52","guid":{"rendered":"https:\/\/economiaportal.com\/?p=2234"},"modified":"2025-04-30T16:14:53","modified_gmt":"2025-04-30T13:14:53","slug":"kto-bedzie-nowym-papiezem","status":"publish","type":"post","link":"https:\/\/economiaportal.com\/pl\/2234\/quem-sera-o-novo-papa\/","title":{"rendered":"Kto zostanie nowym papie\u017cem?"},"content":{"rendered":"<p><strong>Kto zostanie nowym papie\u017cem? <\/strong>Poznaj kulisy konklawe i wp\u0142ywy polityczne stoj\u0105ce za wyborem nast\u0119pcy Franciszka.<\/p>\n\n\n\n<style>\n.botao-container {\n    display: flex;\n    justify-content: center;\n    margin: 20px 0; \/* Espa\u00e7amento opcional *\/\n}\n\n.botao-estilizado {\n    display: inline-block;\n    padding: 12px 24px;\n    font-size: 18px;\n    font-weight: bold;\n    font-family: Arial, sans-serif; \/* Fonte Arial *\/\n    color: white;\n    background: linear-gradient(145deg, #FFC107, #FF8F00); \/* Tons amarelos e \u00e2mbar do Google *\/\n    border-radius: 8px;\n    box-shadow: 4px 4px 10px rgba(0, 0, 0, 0.2), \n                -2px -2px 5px rgba(255, 255, 255, 0.2);\n    text-decoration: none;\n    transition: all 0.3s ease-in-out;\n    text-align: center;\n}\n\n.botao-estilizado:hover {\n    background: linear-gradient(145deg, #FF8F00, #FF6F00); \/* Tom \u00e2mbar mais escuro no hover *\/\n    box-shadow: 2px 2px 8px rgba(0, 0, 0, 0.3), \n                -1px -1px 4px rgba(255, 255, 255, 0.1);\n    transform: translateY(-3px);\n}\n<\/style>\n\n<div class=\"botao-container\">\n    <a href=\"https:\/\/economiaportal.com\/pl\/\" class=\"botao-estilizado\">Dowiedz si\u0119 wi\u0119cej<\/a>\n<\/div>\n\n\n\n<h2 class=\"wp-block-heading\">Historyczny moment, kt\u00f3ry decyduje o przysz\u0142o\u015bci Ko\u015bcio\u0142a<\/h2>\n\n\n\n<p>Z pewno\u015bci\u0105 \u015bmier\u0107 <strong>Papie\u017c Franciszek<\/strong> Oznacza to nie tylko koniec pontyfikatu, ale tak\u017ce pocz\u0105tek jednego z najbardziej uroczystych i tajemniczych wydarze\u0144 w katolicyzmie: wyboru nowego przyw\u00f3dcy Ko\u015bcio\u0142a.<br><br>W ten spos\u00f3b \u015bwiat zwraca swoje oczy ku <strong>Watykan<\/strong>, podczas gdy kardyna\u0142owie z ca\u0142ego \u015bwiata przygotowuj\u0105 si\u0119 do udzia\u0142u w <strong>Konklawe<\/strong>, proces, kt\u00f3ry zadecyduje, kto obejmie Tron Piotrowy.<\/p>\n\n\n\n<p>Dlatego, aby zrozumie\u0107 <strong>Kto zostanie nowym papie\u017cem?<\/strong>, Wa\u017cne jest, aby zrozumie\u0107, jak dzia\u0142a Konklawe, jakie s\u0105 wymagane kryteria, polityczne machinacje za kulisami oraz jakie nazwiska najprawdopodobniej obejm\u0105 przyw\u00f3dztwo nad czym\u015b wi\u0119cej ni\u017c... <strong>1,3 miliarda wiernych<\/strong> rozproszone po ca\u0142ym \u015bwiecie.<\/p>\n\n\n\n<h2 class=\"wp-block-heading\">Jak wygl\u0105da proces wyboru nowego papie\u017ca?<\/h2>\n\n\n\n<h3 class=\"wp-block-heading\">Konklawe: gdzie dzieje si\u0119 historia<\/h3>\n\n\n\n<p>Na pocz\u0105tku <strong>Konklawe<\/strong> To zamkni\u0119te spotkanie, kt\u00f3re odbywa si\u0119 w <strong>Kaplica Syksty\u0144ska<\/strong>, w Watykanie.<br>Jednak\u017ce tylko kardyna\u0142owie z <strong>poni\u017cej 80 lat<\/strong> Uczestnicz\u0105 w g\u0142osowaniu, zgodnie z obowi\u0105zuj\u0105cymi normami papieskimi.<\/p>\n\n\n\n<p>Nast\u0119pnie kardyna\u0142owie z\u0142o\u017cyli przysi\u0119g\u0119 zachowania absolutnej tajemnicy i zostali dos\u0142ownie odizolowani od \u015bwiata zewn\u0119trznego.<br>W zwi\u0105zku z tym zabronione jest korzystanie z telefon\u00f3w kom\u00f3rkowych, Internetu, radia i innych \u015brodk\u00f3w komunikacji.<\/p>\n\n\n\n<p>Wkr\u00f3tce potem rozpoczyna si\u0119 g\u0142osowanie.<br>Dlatego w ka\u017cdej turze kardyna\u0142owie wypisuj\u0105 imi\u0119 wybranego przez siebie kandydata na karcie do g\u0142osowania, kt\u00f3ra nast\u0119pnie jest wrzucana do specjalnej urny.<\/p>\n\n\n\n<p>Jednak\u017ce dopiero wtedy, gdy kandydat osi\u0105gnie <strong>dwie trzecie wa\u017cnych g\u0142os\u00f3w<\/strong> Zostaje og\u0142oszony papie\u017cem.<br>Je\u017celi w ci\u0105gu pierwszych trzech dni nie uda si\u0119 tego zrobi\u0107, kardyna\u0142owie robi\u0105 sobie przerw\u0119 na modlitw\u0119 i refleksj\u0119, po czym wracaj\u0105 do sesji.<\/p>\n\n\n\n<h2 class=\"wp-block-heading\">Minimalne wymagania, aby zosta\u0107 wybranym na papie\u017ca<\/h2>\n\n\n\n<p>Przecie\u017c wybrany mo\u017ce zosta\u0107 ka\u017cdy ochrzczony m\u0119\u017cczyzna.<br>W praktyce jednak wybierany jest zazwyczaj kardyna\u0142, kt\u00f3ry jest ju\u017c znany, szanowany i ma du\u017cy wp\u0142yw w Ko\u015bciele.<\/p>\n\n\n\n<p>Dlatego przysz\u0142y papie\u017c powinien by\u0107:<\/p>\n\n\n\n<ul class=\"wp-block-list\">\n<li>Cz\u0142owiek wiary i zdrowej nauki.<\/li>\n\n\n\n<li>Do\u015bwiadczenie na stanowiskach kierowniczych<\/li>\n\n\n\n<li>Biegle w\u0142ada kilkoma j\u0119zykami<\/li>\n\n\n\n<li>Uznany za sw\u00f3j <strong>duchowo\u015b\u0107, etyka i m\u0105dro\u015b\u0107 duszpasterska<\/strong><\/li>\n<\/ul>\n\n\n\n<p>Co wi\u0119cej, je\u015bli wybrany nie jest biskupem, musi by\u0107... <strong>zam\u00f3wione natychmiast<\/strong>, przed obj\u0119ciem urz\u0119du papieskiego.<\/p>\n\n\n\n<h2 class=\"wp-block-heading\">Za kulisami konklawe: czego nikt nie widzi<\/h2>\n\n\n\n<h3 class=\"wp-block-heading\">Wp\u0142ywy, powi\u0105zania i dyskretne sojusze.<\/h3>\n\n\n\n<p>Oczywi\u015bcie, cho\u0107 Konklawe jest przesi\u0105kni\u0119te \u015bwi\u0119tymi rytua\u0142ami, ma te\u017c sw\u00f3j udzia\u0142... <strong>wewn\u0119trzna koordynacja polityczna<\/strong>.<br>W ten spos\u00f3b wp\u0142ywowi kardyna\u0142owie tworz\u0105 grupy o podobnych pogl\u0105dach na przysz\u0142o\u015b\u0107 Ko\u015bcio\u0142a.<\/p>\n\n\n\n<p>Dlatego te\u017c \u201cpr\u0105dy\u201d te staraj\u0105 si\u0119 przekona\u0107 innych kardyna\u0142\u00f3w, aby g\u0142osowali na nazwiska, kt\u00f3re reprezentuj\u0105 ich priorytety: <strong>reformy wewn\u0119trzne, zachowanie doktryny, otwarto\u015b\u0107 na nowoczesno\u015b\u0107<\/strong>, oraz inne tematy.<\/p>\n\n\n\n<p>Ostatecznie, za kulisami kr\u0105\u017c\u0105 po\u015brednie komunikaty, symboliczne wskaz\u00f3wki, a nawet g\u0142osowania strategiczne, maj\u0105ce na celu wyeliminowanie faworyt\u00f3w i faworyzowanie \u201ckandydat\u00f3w jednomy\u015blnych\u201d.<\/p>\n\n\n\n<h2 class=\"wp-block-heading\">Wp\u0142yw polityczny na wyb\u00f3r papie\u017ca<\/h2>\n\n\n\n<h3 class=\"wp-block-heading\">Watykan, pot\u0119ga geopolityczna i interesy \u015bwiatowe<\/h3>\n\n\n\n<p>Polityka nie zamyka si\u0119 jednak w murach Watykanu.<\/p>\n\n\n\n<p>Dlatego kraje o du\u017cej populacji katolickiej, takie jak <strong>Brazylia, W\u0142ochy, Filipiny i Polska<\/strong>, Kibicuj\u0105 lokalnym przedstawicielom, a r\u00f3wnowaga geopolityczna jest brana pod uwag\u0119.<\/p>\n\n\n\n<p>Jednak nowy Papie\u017c musi by\u0107 papie\u017cem. <strong>symbol globalnej jedno\u015bci<\/strong>, ...i ma to bezpo\u015bredni wp\u0142yw na po\u017c\u0105dany profil.<\/p>\n\n\n\n<p>Dlatego te\u017c pojawiaj\u0105 si\u0119 pytania takie jak:<\/p>\n\n\n\n<ul class=\"wp-block-list\">\n<li><strong>Dialog z innymi religiami<\/strong><\/li>\n\n\n\n<li><strong>Obrona praw cz\u0142owieka<\/strong><\/li>\n\n\n\n<li><strong>Postawa wobec wojny i ub\u00f3stwa<\/strong><\/li>\n\n\n\n<li><strong>Zajmowanie stanowiska w kontrowersyjnych kwestiach spo\u0142ecznych.<\/strong><\/li>\n<\/ul>\n\n\n\n<p>Maj\u0105 one du\u017cy wp\u0142yw na akceptacj\u0119 kandydata przez kardyna\u0142\u00f3w.<\/p>\n\n\n\n<h2 class=\"wp-block-heading\">Kto decyduje? Ilu ich jest i jak g\u0142osuj\u0105?<\/h2>\n\n\n\n<p>Obecnie oko\u0142o <strong>120 kardyna\u0142\u00f3w elektor\u00f3w<\/strong> Maj\u0105 prawo g\u0142osowa\u0107.<br>Ci m\u0119\u017cczy\u017ani zostali mianowani przez poprzednich papie\u017cy i reprezentuj\u0105 <strong>wszystkie kontynenty<\/strong>.<\/p>\n\n\n\n<p>Jednak w g\u0142osowaniu przewa\u017caj\u0105 kardyna\u0142owie z Europy, co nadal ma wp\u0142yw na decyzj\u0119.<\/p>\n\n\n\n<p>Dlatego Papie\u017c, kt\u00f3ry wy\u0142oni si\u0119 z tego konklawe, b\u0119dzie owocem konsensusu w\u015br\u00f3d... <strong>r\u00f3\u017cne kultury, pr\u0105dy teologiczne i r\u00f3\u017cne konteksty spo\u0142eczne<\/strong>.<\/p>\n\n\n\n<h2 class=\"wp-block-heading\">Najpopularniejsze nazwiska kandydat\u00f3w na nowego papie\u017ca<\/h2>\n\n\n\n<p>Nast\u0119pnie te g\u0142\u00f3wne <strong>\u201c&quot;papierowalny&quot;\u201d<\/strong>:<\/p>\n\n\n\n<h3 class=\"wp-block-heading\">1. <strong>Kardyna\u0142 Matteo Zuppi (W\u0142ochy)<\/strong><\/h3>\n\n\n\n<p>Or\u0119downik dialogu, pokoju i integracji spo\u0142ecznej. Mia\u0142 znacz\u0105cy wp\u0142yw w episkopacie europejskim.<\/p>\n\n\n\n<h3 class=\"wp-block-heading\">2. <strong>Kardyna\u0142 Luis Antonio Tagle (Filipiny)<\/strong><\/h3>\n\n\n\n<p>Uwielbiany przez m\u0142odzie\u017c i bardzo bliski realiom Ameryki \u0141aci\u0144skiej.<\/p>\n\n\n\n<h3 class=\"wp-block-heading\">3. <strong>Kardyna\u0142 Peter Turkson (Ghana)<\/strong><\/h3>\n\n\n\n<p>Znany ze swojego aktywizmu na rzecz ochrony \u015brodowiska i zaanga\u017cowania na rzecz ubogich.<\/p>\n\n\n\n<h3 class=\"wp-block-heading\">4. <strong>Kardyna\u0142 Odilo Pedro Scherer (Brazylia)<\/strong><\/h3>\n\n\n\n<p>Arcybiskup S\u00e3o Paulo, szanowany w Watykanie, wa\u017cna posta\u0107 na p\u00f3\u0142kuli po\u0142udniowej.<\/p>\n\n\n\n<h3 class=\"wp-block-heading\">5. <strong>Kardyna\u0142 Christoph Sch\u00f6nborn (Austria)<\/strong><\/h3>\n\n\n\n<p>Intelektualista i umiarkowany konserwatysta. Znany i szanowany teolog w Rzymie.<\/p>\n\n\n\n<p>Jednak, tak jak sta\u0142o si\u0119 w przypadku papie\u017ca Franciszka, <strong>Wybraniec m\u00f3g\u0142 zaskoczy\u0107 \u015bwiat.<\/strong>.<\/p>\n\n\n\n<h2 class=\"wp-block-heading\">Czy istnieje termin ostateczny dla Konklawe?<\/h2>\n\n\n\n<p>Tak.<br>Konstytucja Apostolska stanowi, \u017ce konklawe musi si\u0119 odby\u0107 pomi\u0119dzy <strong>15 i 20 dni po \u015bmierci Papie\u017ca<\/strong>.<br>Daje to czas na \u017ca\u0142ob\u0119, przybycie kardyna\u0142\u00f3w i zorganizowanie ceremonii.<\/p>\n\n\n\n<p>Dlatego \u015brednio wybory odbywaj\u0105 si\u0119 <strong>od 3 do 5 dni od g\u0142osowania<\/strong>.<\/p>\n\n\n\n<h2 class=\"wp-block-heading\">Rola nowego papie\u017ca: mi\u0119dzy niebem a ziemi\u0105<\/h2>\n\n\n\n<p>Z pewno\u015bci\u0105 nowy papie\u017c b\u0119dzie <strong>duchowy przyw\u00f3dca Ko\u015bcio\u0142a katolickiego<\/strong> i tak\u017ce <strong>G\u0142owa pa\u0144stwa Watykanu<\/strong>.<br>Ponadto b\u0119dzie mie\u0107 silny wp\u0142yw na:<\/p>\n\n\n\n<ul class=\"wp-block-list\">\n<li><strong>Polityka globalna<\/strong><\/li>\n\n\n\n<li><strong>Kwestie etyczne i spo\u0142eczne<\/strong><\/li>\n\n\n\n<li><strong>Dialogi mi\u0119dzyreligijne<\/strong><\/li>\n\n\n\n<li><strong>Stanowisko wobec wojen, g\u0142odu i niesprawiedliwo\u015bci.<\/strong><\/li>\n<\/ul>\n\n\n\n<p>Dlatego wyb\u00f3r nie jest wy\u0142\u0105cznie ko\u015bcielny.<br>Ona ma <strong>globalny wp\u0142yw<\/strong>.<\/p>\n\n\n\n<h2 class=\"wp-block-heading\">Wnioski: Nowy rozdzia\u0142 dla Ko\u015bcio\u0142a i \u015bwiata<\/h2>\n\n\n\n<p>Ostatecznie proces wyboru nowego Papie\u017ca jest \u015bwi\u0119ty, ale ma te\u017c g\u0142\u0119boko strategiczne znaczenie.<br>Z pewno\u015bci\u0105 wydarzenia za kulisami Konklawe ujawniaj\u0105, \u017ce <strong>Wiara i polityka id\u0105 r\u0119ka w r\u0119k\u0119.<\/strong> je\u015bli chodzi o podejmowanie decyzji o przysz\u0142o\u015bci Ko\u015bcio\u0142a katolickiego.<\/p>\n\n\n\n<p>Dlatego \u015bledzenie ka\u017cdego etapu tego momentu oznacza zrozumienie duchowego, kulturowego i geopolitycznego wp\u0142ywu wyboru papie\u017ca.<\/p>\n\n\n\n<p>W zwi\u0105zku z tym b\u0119dziemy na bie\u017c\u0105co aktualizowa\u0107 nasz\u0105 stron\u0119, zamieszczaj\u0105c nowe artyku\u0142y, listy kandydat\u00f3w i niepublikowane dot\u0105d szczeg\u00f3\u0142y dotycz\u0105ce kulis sukcesji.<\/p>\n\n\n\n<p>Je\u015bli chcesz dowiedzie\u0107 si\u0119 wi\u0119cej lub zaproponowa\u0107 temat, zostaw komentarz poni\u017cej.<br>Jeste\u015bmy tutaj dla <strong>T\u0142umaczenie Watykanu dla Twojego \u015bwiata<\/strong>.<br><br><a href=\"https:\/\/economiaportal.com\/pl\/kategoria\/sprawy-biezace\/\">Zobacz tak\u017ce\u2026<\/a><\/p>\n\n\n\n<p><\/p>","protected":false},"excerpt":{"rendered":"<p>Kto zostanie nowym papie\u017cem? Kulisy konklawe i wp\u0142ywy polityczne stoj\u0105ce za wyborem nast\u0119pcy Franciszka Odkryj kolejny historyczny moment, kt\u00f3ry zadecyduje o ... <\/p>","protected":false},"author":19,"featured_media":0,"comment_status":"closed","ping_status":"closed","sticky":false,"template":"","format":"standard","meta":{"footnotes":""},"categories":[6],"tags":[439,1488,1484,1482,1487],"class_list":["post-2234","post","type-post","status-publish","format-standard","hentry","category-apps","tag-aplicativo","tag-cardial","tag-papa","tag-roma","tag-sucessao","latest_post"],"yoast_head":"<!-- This site is optimized with the Yoast SEO plugin v26.8 - https:\/\/yoast.com\/product\/yoast-seo-wordpress\/ -->\n<title>Quem Ser\u00e1 o Novo Papa? - Economia Portal<\/title>\n<meta name=\"description\" content=\"Quem Ser\u00e1 o Novo Papa? Entenda os Bastidores do Conclave e a Influ\u00eancia Pol\u00edtica por Tr\u00e1s da Escolha do Sucessor de Francisco\" \/>\n<meta name=\"robots\" content=\"index, follow, max-snippet:-1, max-image-preview:large, max-video-preview:-1\" \/>\n<link rel=\"canonical\" href=\"https:\/\/economiaportal.com\/pl\/2234\/kto-bedzie-nowym-papiezem\/\" \/>\n<meta property=\"og:locale\" content=\"pl_PL\" \/>\n<meta property=\"og:type\" content=\"article\" \/>\n<meta property=\"og:title\" content=\"Quem Ser\u00e1 o Novo Papa? - Economia Portal\" \/>\n<meta property=\"og:description\" content=\"Quem Ser\u00e1 o Novo Papa? Entenda os Bastidores do Conclave e a Influ\u00eancia Pol\u00edtica por Tr\u00e1s da Escolha do Sucessor de Francisco\" \/>\n<meta property=\"og:url\" content=\"https:\/\/economiaportal.com\/pl\/2234\/kto-bedzie-nowym-papiezem\/\" \/>\n<meta property=\"og:site_name\" content=\"Economia Portal\" \/>\n<meta property=\"article:published_time\" content=\"2025-04-30T13:14:52+00:00\" \/>\n<meta property=\"article:modified_time\" content=\"2025-04-30T13:14:53+00:00\" \/>\n<meta name=\"author\" content=\"Isaac\" \/>\n<meta name=\"twitter:card\" content=\"summary_large_image\" \/>\n<meta name=\"twitter:label1\" content=\"Napisane przez\" \/>\n\t<meta name=\"twitter:data1\" content=\"Isaac\" \/>\n\t<meta name=\"twitter:label2\" content=\"Szacowany czas czytania\" \/>\n\t<meta name=\"twitter:data2\" content=\"6 minut\" \/>\n<script type=\"application\/ld+json\" class=\"yoast-schema-graph\">{\"@context\":\"https:\/\/schema.org\",\"@graph\":[{\"@type\":\"Article\",\"@id\":\"https:\/\/economiaportal.com\/2234\/quem-sera-o-novo-papa\/#article\",\"isPartOf\":{\"@id\":\"https:\/\/economiaportal.com\/2234\/quem-sera-o-novo-papa\/\"},\"author\":{\"name\":\"Isaac\",\"@id\":\"https:\/\/economiaportal.com\/#\/schema\/person\/9330abe31ca5cda123112e1767c9a0bc\"},\"headline\":\"Quem Ser\u00e1 o Novo Papa?\",\"datePublished\":\"2025-04-30T13:14:52+00:00\",\"dateModified\":\"2025-04-30T13:14:53+00:00\",\"mainEntityOfPage\":{\"@id\":\"https:\/\/economiaportal.com\/2234\/quem-sera-o-novo-papa\/\"},\"wordCount\":1026,\"publisher\":{\"@id\":\"https:\/\/economiaportal.com\/#organization\"},\"keywords\":[\"aplicativo\",\"cardial\",\"papa\",\"roma\",\"sucess\u00e3o\"],\"articleSection\":[\"Apps\"],\"inLanguage\":\"pl-PL\"},{\"@type\":\"WebPage\",\"@id\":\"https:\/\/economiaportal.com\/2234\/quem-sera-o-novo-papa\/\",\"url\":\"https:\/\/economiaportal.com\/2234\/quem-sera-o-novo-papa\/\",\"name\":\"Quem Ser\u00e1 o Novo Papa? - Economia Portal\",\"isPartOf\":{\"@id\":\"https:\/\/economiaportal.com\/#website\"},\"datePublished\":\"2025-04-30T13:14:52+00:00\",\"dateModified\":\"2025-04-30T13:14:53+00:00\",\"description\":\"Quem Ser\u00e1 o Novo Papa? Entenda os Bastidores do Conclave e a Influ\u00eancia Pol\u00edtica por Tr\u00e1s da Escolha do Sucessor de Francisco\",\"breadcrumb\":{\"@id\":\"https:\/\/economiaportal.com\/2234\/quem-sera-o-novo-papa\/#breadcrumb\"},\"inLanguage\":\"pl-PL\",\"potentialAction\":[{\"@type\":\"ReadAction\",\"target\":[\"https:\/\/economiaportal.com\/2234\/quem-sera-o-novo-papa\/\"]}]},{\"@type\":\"BreadcrumbList\",\"@id\":\"https:\/\/economiaportal.com\/2234\/quem-sera-o-novo-papa\/#breadcrumb\",\"itemListElement\":[{\"@type\":\"ListItem\",\"position\":1,\"name\":\"In\u00edcio\",\"item\":\"https:\/\/economiaportal.com\/\"},{\"@type\":\"ListItem\",\"position\":2,\"name\":\"Quem Ser\u00e1 o Novo Papa?\"}]},{\"@type\":\"WebSite\",\"@id\":\"https:\/\/economiaportal.com\/#website\",\"url\":\"https:\/\/economiaportal.com\/\",\"name\":\"Economia Portal\",\"description\":\"\",\"publisher\":{\"@id\":\"https:\/\/economiaportal.com\/#organization\"},\"potentialAction\":[{\"@type\":\"SearchAction\",\"target\":{\"@type\":\"EntryPoint\",\"urlTemplate\":\"https:\/\/economiaportal.com\/?s={search_term_string}\"},\"query-input\":{\"@type\":\"PropertyValueSpecification\",\"valueRequired\":true,\"valueName\":\"search_term_string\"}}],\"inLanguage\":\"pl-PL\"},{\"@type\":\"Organization\",\"@id\":\"https:\/\/economiaportal.com\/#organization\",\"name\":\"Economia Portal\",\"url\":\"https:\/\/economiaportal.com\/\",\"logo\":{\"@type\":\"ImageObject\",\"inLanguage\":\"pl-PL\",\"@id\":\"https:\/\/economiaportal.com\/#\/schema\/logo\/image\/\",\"url\":\"https:\/\/economiaportal.com\/wp-content\/uploads\/2024\/07\/cropped-Design-sem-nome.jpg\",\"contentUrl\":\"https:\/\/economiaportal.com\/wp-content\/uploads\/2024\/07\/cropped-Design-sem-nome.jpg\",\"width\":161,\"height\":45,\"caption\":\"Economia Portal\"},\"image\":{\"@id\":\"https:\/\/economiaportal.com\/#\/schema\/logo\/image\/\"}},{\"@type\":\"Person\",\"@id\":\"https:\/\/economiaportal.com\/#\/schema\/person\/9330abe31ca5cda123112e1767c9a0bc\",\"name\":\"Isaac\",\"image\":{\"@type\":\"ImageObject\",\"inLanguage\":\"pl-PL\",\"@id\":\"https:\/\/economiaportal.com\/#\/schema\/person\/image\/\",\"url\":\"https:\/\/economiaportal.com\/wp-content\/litespeed\/avatar\/af70d796a465de0de2b395cc700a1b9e.jpg?ver=1777636156\",\"contentUrl\":\"https:\/\/economiaportal.com\/wp-content\/litespeed\/avatar\/af70d796a465de0de2b395cc700a1b9e.jpg?ver=1777636156\",\"caption\":\"Isaac\"},\"url\":\"https:\/\/economiaportal.com\/pl\/author\/isaac\/\"}]}<\/script>\n<!-- \/ Yoast SEO plugin. -->","yoast_head_json":{"title":"Kto b\u0119dzie nowym papie\u017cem? - Portal gospodarczy","description":"Kto zostanie nowym papie\u017cem? Kulisy konklawe i wp\u0142ywy polityczne stoj\u0105ce za wyborem nast\u0119pcy Franciszka","robots":{"index":"index","follow":"follow","max-snippet":"max-snippet:-1","max-image-preview":"max-image-preview:large","max-video-preview":"max-video-preview:-1"},"canonical":"https:\/\/economiaportal.com\/pl\/2234\/kto-bedzie-nowym-papiezem\/","og_locale":"pl_PL","og_type":"article","og_title":"Quem Ser\u00e1 o Novo Papa? - Economia Portal","og_description":"Quem Ser\u00e1 o Novo Papa? Entenda os Bastidores do Conclave e a Influ\u00eancia Pol\u00edtica por Tr\u00e1s da Escolha do Sucessor de Francisco","og_url":"https:\/\/economiaportal.com\/pl\/2234\/kto-bedzie-nowym-papiezem\/","og_site_name":"Economia Portal","article_published_time":"2025-04-30T13:14:52+00:00","article_modified_time":"2025-04-30T13:14:53+00:00","author":"Isaac","twitter_card":"summary_large_image","twitter_misc":{"Napisane przez":"Isaac","Szacowany czas czytania":"6 minut"},"schema":{"@context":"https:\/\/schema.org","@graph":[{"@type":"Article","@id":"https:\/\/economiaportal.com\/2234\/quem-sera-o-novo-papa\/#article","isPartOf":{"@id":"https:\/\/economiaportal.com\/2234\/quem-sera-o-novo-papa\/"},"author":{"name":"Isaac","@id":"https:\/\/economiaportal.com\/#\/schema\/person\/9330abe31ca5cda123112e1767c9a0bc"},"headline":"Quem Ser\u00e1 o Novo Papa?","datePublished":"2025-04-30T13:14:52+00:00","dateModified":"2025-04-30T13:14:53+00:00","mainEntityOfPage":{"@id":"https:\/\/economiaportal.com\/2234\/quem-sera-o-novo-papa\/"},"wordCount":1026,"publisher":{"@id":"https:\/\/economiaportal.com\/#organization"},"keywords":["aplicativo","cardial","papa","roma","sucess\u00e3o"],"articleSection":["Apps"],"inLanguage":"pl-PL"},{"@type":"WebPage","@id":"https:\/\/economiaportal.com\/2234\/quem-sera-o-novo-papa\/","url":"https:\/\/economiaportal.com\/2234\/quem-sera-o-novo-papa\/","name":"Kto b\u0119dzie nowym papie\u017cem? - Portal gospodarczy","isPartOf":{"@id":"https:\/\/economiaportal.com\/#website"},"datePublished":"2025-04-30T13:14:52+00:00","dateModified":"2025-04-30T13:14:53+00:00","description":"Kto zostanie nowym papie\u017cem? Kulisy konklawe i wp\u0142ywy polityczne stoj\u0105ce za wyborem nast\u0119pcy Franciszka","breadcrumb":{"@id":"https:\/\/economiaportal.com\/2234\/quem-sera-o-novo-papa\/#breadcrumb"},"inLanguage":"pl-PL","potentialAction":[{"@type":"ReadAction","target":["https:\/\/economiaportal.com\/2234\/quem-sera-o-novo-papa\/"]}]},{"@type":"BreadcrumbList","@id":"https:\/\/economiaportal.com\/2234\/quem-sera-o-novo-papa\/#breadcrumb","itemListElement":[{"@type":"ListItem","position":1,"name":"In\u00edcio","item":"https:\/\/economiaportal.com\/"},{"@type":"ListItem","position":2,"name":"Quem Ser\u00e1 o Novo Papa?"}]},{"@type":"WebSite","@id":"https:\/\/economiaportal.com\/#website","url":"https:\/\/economiaportal.com\/","name":"Portal ekonomiczny","description":"","publisher":{"@id":"https:\/\/economiaportal.com\/#organization"},"potentialAction":[{"@type":"SearchAction","target":{"@type":"EntryPoint","urlTemplate":"https:\/\/economiaportal.com\/?s={search_term_string}"},"query-input":{"@type":"PropertyValueSpecification","valueRequired":true,"valueName":"search_term_string"}}],"inLanguage":"pl-PL"},{"@type":"Organization","@id":"https:\/\/economiaportal.com\/#organization","name":"Portal ekonomiczny","url":"https:\/\/economiaportal.com\/","logo":{"@type":"ImageObject","inLanguage":"pl-PL","@id":"https:\/\/economiaportal.com\/#\/schema\/logo\/image\/","url":"https:\/\/economiaportal.com\/wp-content\/uploads\/2024\/07\/cropped-Design-sem-nome.jpg","contentUrl":"https:\/\/economiaportal.com\/wp-content\/uploads\/2024\/07\/cropped-Design-sem-nome.jpg","width":161,"height":45,"caption":"Economia Portal"},"image":{"@id":"https:\/\/economiaportal.com\/#\/schema\/logo\/image\/"}},{"@type":"Person","@id":"https:\/\/economiaportal.com\/#\/schema\/person\/9330abe31ca5cda123112e1767c9a0bc","name":"Izaak","image":{"@type":"ImageObject","inLanguage":"pl-PL","@id":"https:\/\/economiaportal.com\/#\/schema\/person\/image\/","url":"https:\/\/economiaportal.com\/wp-content\/litespeed\/avatar\/af70d796a465de0de2b395cc700a1b9e.jpg?ver=1777636156","contentUrl":"https:\/\/economiaportal.com\/wp-content\/litespeed\/avatar\/af70d796a465de0de2b395cc700a1b9e.jpg?ver=1777636156","caption":"Isaac"},"url":"https:\/\/economiaportal.com\/pl\/author\/isaac\/"}]}},"_links":{"self":[{"href":"https:\/\/economiaportal.com\/pl\/wp-json\/wp\/v2\/posts\/2234","targetHints":{"allow":["GET"]}}],"collection":[{"href":"https:\/\/economiaportal.com\/pl\/wp-json\/wp\/v2\/posts"}],"about":[{"href":"https:\/\/economiaportal.com\/pl\/wp-json\/wp\/v2\/types\/post"}],"author":[{"embeddable":true,"href":"https:\/\/economiaportal.com\/pl\/wp-json\/wp\/v2\/users\/19"}],"replies":[{"embeddable":true,"href":"https:\/\/economiaportal.com\/pl\/wp-json\/wp\/v2\/comments?post=2234"}],"version-history":[{"count":2,"href":"https:\/\/economiaportal.com\/pl\/wp-json\/wp\/v2\/posts\/2234\/revisions"}],"predecessor-version":[{"id":2239,"href":"https:\/\/economiaportal.com\/pl\/wp-json\/wp\/v2\/posts\/2234\/revisions\/2239"}],"wp:attachment":[{"href":"https:\/\/economiaportal.com\/pl\/wp-json\/wp\/v2\/media?parent=2234"}],"wp:term":[{"taxonomy":"category","embeddable":true,"href":"https:\/\/economiaportal.com\/pl\/wp-json\/wp\/v2\/categories?post=2234"},{"taxonomy":"post_tag","embeddable":true,"href":"https:\/\/economiaportal.com\/pl\/wp-json\/wp\/v2\/tags?post=2234"}],"curies":[{"name":"wp","href":"https:\/\/api.w.org\/{rel}","templated":true}]}}