{"id":1582,"date":"2024-11-27T17:13:23","date_gmt":"2024-11-27T14:13:23","guid":{"rendered":"https:\/\/economiaportal.com\/?p=1582"},"modified":"2024-11-27T17:13:23","modified_gmt":"2024-11-27T14:13:23","slug":"tendintele-de-ocupare-a-fortei-de-munca-pentru-2025","status":"publish","type":"post","link":"https:\/\/economiaportal.com\/ro\/1582\/tendencias-de-emprego-para-2025\/","title":{"rendered":"Tendin\u021be de ocupare a for\u021bei de munc\u0103 pentru 2025"},"content":{"rendered":"<p>Bun\u0103 ziua, ast\u0103zi vom vorbi despre <strong>Tendin\u021be de ocupare a for\u021bei de munc\u0103 pentru 2025<\/strong>, zone promi\u021b\u0103toare \u0219i cum s\u0103 v\u0103 preg\u0103ti\u021bi corect.<\/p>\n\n\n\n<p>Pia\u021ba muncii \u00een 2025 promite s\u0103 fie dinamic\u0103, determinat\u0103 de evolu\u021biile tehnologice \u0219i de schimb\u0103rile \u00een obiceiurile de consum. <\/p>\n\n\n\n<p>Desigur, profesii axate pe <strong>tehnologie<\/strong>, <strong>s\u0103n\u0103tate<\/strong>, <strong>durabilitate<\/strong> iar zonele creative vor fi \u00een fruntea cererilor.<\/p>\n\n\n\n<p>Prin urmare, profesioni\u0219tii care doresc s\u0103 ias\u0103 \u00een eviden\u021b\u0103 trebuie s\u0103 \u00een\u021beleag\u0103 aceste tendin\u021be \u0219i s\u0103 se preg\u0103teasc\u0103 s\u0103 profite de oportunit\u0103\u021bi. <\/p>\n\n\n\n<p>\u00cen cele din urm\u0103, actualizarea constant\u0103 este modalitatea de a r\u0103m\u00e2ne competitiv \u00eentr-un scenariu care necesit\u0103 inova\u021bie \u0219i adaptabilitate.<\/p>\n\n\n\n<h4 class=\"wp-block-heading\">Cele mai solicitate profesii<\/h4>\n\n\n\n<ol class=\"wp-block-list\">\n<li><strong>Tehnologie \u0219i inteligen\u021b\u0103 artificial\u0103<\/strong><br>Avansarea lui <strong>inteligen\u021b\u0103 artificial\u0103 (AI)<\/strong> iar automatizarea revolu\u021bioneaz\u0103 mai multe industrii. Deci, programatorii, oamenii de \u0219tiin\u021b\u0103 de date \u0219i inginerii de \u00eenv\u0103\u021bare automat\u0103 vor fi \u00een centrul transform\u0103rilor.<\/li>\n<\/ol>\n\n\n\n<p>\u00cen plus, securitatea cibernetic\u0103 r\u0103m\u00e2ne un domeniu crucial, deoarece companiile de toate dimensiunile se confrunt\u0103 cu provoc\u0103ri legate de cre\u0219terea infrac\u021biunilor digitale. <\/p>\n\n\n\n<p>Cu siguran\u021b\u0103, profesioni\u0219tii specializa\u021bi \u00een protec\u021bia vie\u021bii private \u0219i a datelor vor fi foarte aprecia\u021bi.<\/p>\n\n\n\n<ol start=\"2\" class=\"wp-block-list\">\n<li><strong>S\u0103n\u0103tate \u0219i bun\u0103stare<\/strong><br>Pe m\u0103sur\u0103 ce pandemia schimb\u0103 perspectiva asupra s\u0103n\u0103t\u0103\u021bii globale, domenii precum telemedicina, gerontologia \u0219i \u00eengrijirea preventiv\u0103 r\u0103m\u00e2n \u00een cre\u0219tere. Prin urmare, asistentele medicale, kinetoterapeu\u021bii \u0219i medicii cu specializ\u0103ri \u00een s\u0103n\u0103tate mintal\u0103 vor fi la mare c\u0103utare.<\/li>\n\n\n\n<li><strong>Sustenabilitate \u0219i energie regenerabil\u0103<\/strong><br>Lumea fiind din ce \u00een ce mai concentrat\u0103 pe practicile durabile, inginerii de mediu, speciali\u0219tii \u00een energie solar\u0103 \u0219i profesioni\u0219tii lega\u021bi de proiecte ecologice se num\u0103r\u0103 printre profesiile viitorului. Astfel, companiile caut\u0103 s\u0103-\u0219i adapteze modelele de afaceri pentru a reduce impactul asupra mediului, cre\u00e2nd noi oportunit\u0103\u021bi.<\/li>\n\n\n\n<li><strong>Economia Creativ\u0103<\/strong><br>Cu siguran\u021b\u0103, sectorul creativ este un alt punct important. Designerii grafici, speciali\u0219tii \u00een marketing digital \u0219i produc\u0103torii de con\u021binut \u00ee\u0219i g\u0103sesc loc de cre\u0219tere, pe m\u0103sur\u0103 ce consumul de media digital\u0103 continu\u0103 s\u0103 creasc\u0103.<\/li>\n<\/ol>\n\n\n\n<h4 class=\"wp-block-heading\">Cum s\u0103 v\u0103 preg\u0103ti\u021bi pentru schimb\u0103ri<\/h4>\n\n\n\n<p>Preg\u0103tirea pentru pia\u021ba din 2025 \u00eencepe cu <strong>investi\u021bii \u00een calificare<\/strong>. Prin urmare, platforme ca <strong>Coursera<\/strong>, <strong>Udemy<\/strong> Este <strong>edX<\/strong> ofer\u0103 cursuri online cu certificare recunoscut\u0103.<\/p>\n\n\n\n<p>\u00cen plus, cunoa\u0219terea limbilor str\u0103ine, \u00een special a englezei, va fi esen\u021bial\u0103 pentru oricine dore\u0219te s\u0103 lucreze \u00een companii globale. A\u0219adar, \u00eenv\u0103\u021barea unei limbi noi poate deschide u\u0219i \u00een domenii extrem de competitive.<\/p>\n\n\n\n<p>Desigur, networking-ul joac\u0103, de asemenea, un rol important. Prin urmare, participarea la evenimente \u0219i t\u00e2rguri comerciale ajut\u0103 la crearea de conexiuni relevante.<\/p>\n\n\n\n<h4 class=\"wp-block-heading\">Sfaturi pentru a v\u0103 diferen\u021bia<\/h4>\n\n\n\n<ol class=\"wp-block-list\">\n<li><strong>Investe\u0219te \u00een abilit\u0103\u021bi soft<\/strong>: Abilit\u0103\u021bile precum comunicarea, empatia \u0219i conducerea sunt foarte apreciate.<\/li>\n\n\n\n<li><strong>R\u0103m\u00e2ne\u021bi la curent<\/strong>: Citi\u021bi despre tendin\u021bele din zona dvs. \u0219i participa\u021bi la cursuri \u0219i seminarii web gratuite.<\/li>\n\n\n\n<li><strong>Explora\u021bi tehnologiile emergente<\/strong>: Studiu despre blockchain, metaverse \u0219i alte inova\u021bii.<\/li>\n<\/ol>\n\n\n\n<h4 class=\"wp-block-heading\">Concluzie<\/h4>\n\n\n\n<p>La <strong>tendin\u021be de ocupare a for\u021bei de munc\u0103 pentru 2025<\/strong> arata un scenariu plin de posibilitati, dar care necesita pregatire si flexibilitate din partea profesionistilor. <\/p>\n\n\n\n<p>A\u0219adar, cei care se dedic\u0103 \u00eenv\u0103\u021b\u0103rii continue, dezvolt\u0103rii abilit\u0103\u021bilor tehnice \u0219i construirii unei re\u021bele bune vor fi mai aproape de a c\u00e2\u0219tiga un loc proeminent pe pia\u021b\u0103.<\/p>\n\n\n\n<p>\u00cen cele din urm\u0103, viitorul muncii depinde de inovare, iar oportunitatea este la \u00eendem\u00e2na celor dispu\u0219i s\u0103 evolueze.<\/p>","protected":false},"excerpt":{"rendered":"<p>Bun\u0103 ziua, ast\u0103zi vom vorbi despre Tendin\u021be de ocupare a for\u021bei de munc\u0103 pentru 2025, domenii promi\u021b\u0103toare \u0219i cum s\u0103 v\u0103 preg\u0103ti\u021bi corect. Pia\u021ba muncii \u00een 2025 promite s\u0103 fie dinamic\u0103, determinat\u0103 de evolu\u021bii... <\/p>","protected":false},"author":14,"featured_media":1584,"comment_status":"closed","ping_status":"closed","sticky":false,"template":"","format":"standard","meta":{"footnotes":""},"categories":[69],"tags":[1021,1023,1022],"class_list":["post-1582","post","type-post","status-publish","format-standard","has-post-thumbnail","hentry","category-atualidades","tag-ia","tag-inteligencia-artificial-2","tag-tendencias-de-emprego-para-2025","latest_post"],"yoast_head":"<!-- This site is optimized with the Yoast SEO plugin v26.8 - https:\/\/yoast.com\/product\/yoast-seo-wordpress\/ -->\n<title>Tend\u00eancias de Emprego para 2025 - Economia Portal<\/title>\n<meta name=\"description\" content=\"Ol\u00e1, hoje iremos falar sobre as Tend\u00eancias de Emprego para 2025, \u00c1reas Promissoras e Como se Preparar corretamente.\" \/>\n<meta name=\"robots\" content=\"index, follow, max-snippet:-1, max-image-preview:large, max-video-preview:-1\" \/>\n<link rel=\"canonical\" href=\"https:\/\/economiaportal.com\/ro\/1582\/tendintele-de-ocupare-a-fortei-de-munca-pentru-2025\/\" \/>\n<meta property=\"og:locale\" content=\"ro_RO\" \/>\n<meta property=\"og:type\" content=\"article\" \/>\n<meta property=\"og:title\" content=\"Tend\u00eancias de Emprego para 2025 - Economia Portal\" \/>\n<meta property=\"og:description\" content=\"Ol\u00e1, hoje iremos falar sobre as Tend\u00eancias de Emprego para 2025, \u00c1reas Promissoras e Como se Preparar corretamente.\" \/>\n<meta property=\"og:url\" content=\"https:\/\/economiaportal.com\/ro\/1582\/tendintele-de-ocupare-a-fortei-de-munca-pentru-2025\/\" \/>\n<meta property=\"og:site_name\" content=\"Economia Portal\" \/>\n<meta property=\"article:published_time\" content=\"2024-11-27T14:13:23+00:00\" \/>\n<meta property=\"og:image\" content=\"https:\/\/economiaportal.com\/wp-content\/uploads\/2024\/11\/CAPA-APP-7.webp\" \/>\n\t<meta property=\"og:image:width\" content=\"1000\" \/>\n\t<meta property=\"og:image:height\" content=\"800\" \/>\n\t<meta property=\"og:image:type\" content=\"image\/webp\" \/>\n<meta name=\"author\" content=\"admin\" \/>\n<meta name=\"twitter:card\" content=\"summary_large_image\" \/>\n<meta name=\"twitter:label1\" content=\"Scris de\" \/>\n\t<meta name=\"twitter:data1\" content=\"admin\" \/>\n\t<meta name=\"twitter:label2\" content=\"Timp estimat pentru citire\" \/>\n\t<meta name=\"twitter:data2\" content=\"3 minute\" \/>\n<script type=\"application\/ld+json\" class=\"yoast-schema-graph\">{\"@context\":\"https:\/\/schema.org\",\"@graph\":[{\"@type\":\"Article\",\"@id\":\"https:\/\/economiaportal.com\/1582\/tendencias-de-emprego-para-2025\/#article\",\"isPartOf\":{\"@id\":\"https:\/\/economiaportal.com\/1582\/tendencias-de-emprego-para-2025\/\"},\"author\":{\"name\":\"admin\",\"@id\":\"https:\/\/economiaportal.com\/#\/schema\/person\/1633c7ca22d836a68c8907ef39e510f5\"},\"headline\":\"Tend\u00eancias de Emprego para 2025\",\"datePublished\":\"2024-11-27T14:13:23+00:00\",\"mainEntityOfPage\":{\"@id\":\"https:\/\/economiaportal.com\/1582\/tendencias-de-emprego-para-2025\/\"},\"wordCount\":548,\"publisher\":{\"@id\":\"https:\/\/economiaportal.com\/#organization\"},\"image\":{\"@id\":\"https:\/\/economiaportal.com\/1582\/tendencias-de-emprego-para-2025\/#primaryimage\"},\"thumbnailUrl\":\"https:\/\/economiaportal.com\/wp-content\/uploads\/2024\/11\/CAPA-APP-7.webp\",\"keywords\":[\"IA\",\"Inteligencia Artificial\",\"Tend\u00eancias de Emprego para 2025\"],\"articleSection\":[\"Atualidade\"],\"inLanguage\":\"ro-RO\"},{\"@type\":\"WebPage\",\"@id\":\"https:\/\/economiaportal.com\/1582\/tendencias-de-emprego-para-2025\/\",\"url\":\"https:\/\/economiaportal.com\/1582\/tendencias-de-emprego-para-2025\/\",\"name\":\"Tend\u00eancias de Emprego para 2025 - Economia Portal\",\"isPartOf\":{\"@id\":\"https:\/\/economiaportal.com\/#website\"},\"primaryImageOfPage\":{\"@id\":\"https:\/\/economiaportal.com\/1582\/tendencias-de-emprego-para-2025\/#primaryimage\"},\"image\":{\"@id\":\"https:\/\/economiaportal.com\/1582\/tendencias-de-emprego-para-2025\/#primaryimage\"},\"thumbnailUrl\":\"https:\/\/economiaportal.com\/wp-content\/uploads\/2024\/11\/CAPA-APP-7.webp\",\"datePublished\":\"2024-11-27T14:13:23+00:00\",\"description\":\"Ol\u00e1, hoje iremos falar sobre as Tend\u00eancias de Emprego para 2025, \u00c1reas Promissoras e Como se Preparar corretamente.\",\"breadcrumb\":{\"@id\":\"https:\/\/economiaportal.com\/1582\/tendencias-de-emprego-para-2025\/#breadcrumb\"},\"inLanguage\":\"ro-RO\",\"potentialAction\":[{\"@type\":\"ReadAction\",\"target\":[\"https:\/\/economiaportal.com\/1582\/tendencias-de-emprego-para-2025\/\"]}]},{\"@type\":\"ImageObject\",\"inLanguage\":\"ro-RO\",\"@id\":\"https:\/\/economiaportal.com\/1582\/tendencias-de-emprego-para-2025\/#primaryimage\",\"url\":\"https:\/\/economiaportal.com\/wp-content\/uploads\/2024\/11\/CAPA-APP-7.webp\",\"contentUrl\":\"https:\/\/economiaportal.com\/wp-content\/uploads\/2024\/11\/CAPA-APP-7.webp\",\"width\":1000,\"height\":800,\"caption\":\"Tend\u00eancias de Emprego para 2025\"},{\"@type\":\"BreadcrumbList\",\"@id\":\"https:\/\/economiaportal.com\/1582\/tendencias-de-emprego-para-2025\/#breadcrumb\",\"itemListElement\":[{\"@type\":\"ListItem\",\"position\":1,\"name\":\"In\u00edcio\",\"item\":\"https:\/\/economiaportal.com\/\"},{\"@type\":\"ListItem\",\"position\":2,\"name\":\"Tend\u00eancias de Emprego para 2025\"}]},{\"@type\":\"WebSite\",\"@id\":\"https:\/\/economiaportal.com\/#website\",\"url\":\"https:\/\/economiaportal.com\/\",\"name\":\"Economia Portal\",\"description\":\"\",\"publisher\":{\"@id\":\"https:\/\/economiaportal.com\/#organization\"},\"potentialAction\":[{\"@type\":\"SearchAction\",\"target\":{\"@type\":\"EntryPoint\",\"urlTemplate\":\"https:\/\/economiaportal.com\/?s={search_term_string}\"},\"query-input\":{\"@type\":\"PropertyValueSpecification\",\"valueRequired\":true,\"valueName\":\"search_term_string\"}}],\"inLanguage\":\"ro-RO\"},{\"@type\":\"Organization\",\"@id\":\"https:\/\/economiaportal.com\/#organization\",\"name\":\"Economia Portal\",\"url\":\"https:\/\/economiaportal.com\/\",\"logo\":{\"@type\":\"ImageObject\",\"inLanguage\":\"ro-RO\",\"@id\":\"https:\/\/economiaportal.com\/#\/schema\/logo\/image\/\",\"url\":\"https:\/\/economiaportal.com\/wp-content\/uploads\/2024\/07\/cropped-Design-sem-nome.jpg\",\"contentUrl\":\"https:\/\/economiaportal.com\/wp-content\/uploads\/2024\/07\/cropped-Design-sem-nome.jpg\",\"width\":161,\"height\":45,\"caption\":\"Economia Portal\"},\"image\":{\"@id\":\"https:\/\/economiaportal.com\/#\/schema\/logo\/image\/\"}},{\"@type\":\"Person\",\"@id\":\"https:\/\/economiaportal.com\/#\/schema\/person\/1633c7ca22d836a68c8907ef39e510f5\",\"name\":\"admin\",\"image\":{\"@type\":\"ImageObject\",\"inLanguage\":\"ro-RO\",\"@id\":\"https:\/\/economiaportal.com\/#\/schema\/person\/image\/\",\"url\":\"https:\/\/economiaportal.com\/wp-content\/litespeed\/avatar\/d8bb0a0d516772e3dd31e2f3e00e93bf.jpg?ver=1777005689\",\"contentUrl\":\"https:\/\/economiaportal.com\/wp-content\/litespeed\/avatar\/d8bb0a0d516772e3dd31e2f3e00e93bf.jpg?ver=1777005689\",\"caption\":\"admin\"},\"url\":\"https:\/\/economiaportal.com\/ro\/author\/admin\/\"}]}<\/script>\n<!-- \/ Yoast SEO plugin. -->","yoast_head_json":{"title":"Tendin\u021bele ocup\u0103rii for\u021bei de munc\u0103 pentru 2025 - Economia Portal","description":"Bun\u0103 ziua, ast\u0103zi vom vorbi despre tendin\u021bele ocup\u0103rii for\u021bei de munc\u0103 pentru 2025, domeniile promi\u021b\u0103toare \u0219i cum s\u0103 v\u0103 preg\u0103ti\u021bi corect.","robots":{"index":"index","follow":"follow","max-snippet":"max-snippet:-1","max-image-preview":"max-image-preview:large","max-video-preview":"max-video-preview:-1"},"canonical":"https:\/\/economiaportal.com\/ro\/1582\/tendintele-de-ocupare-a-fortei-de-munca-pentru-2025\/","og_locale":"ro_RO","og_type":"article","og_title":"Tend\u00eancias de Emprego para 2025 - Economia Portal","og_description":"Ol\u00e1, hoje iremos falar sobre as Tend\u00eancias de Emprego para 2025, \u00c1reas Promissoras e Como se Preparar corretamente.","og_url":"https:\/\/economiaportal.com\/ro\/1582\/tendintele-de-ocupare-a-fortei-de-munca-pentru-2025\/","og_site_name":"Economia Portal","article_published_time":"2024-11-27T14:13:23+00:00","og_image":[{"width":1000,"height":800,"url":"https:\/\/economiaportal.com\/wp-content\/uploads\/2024\/11\/CAPA-APP-7.webp","type":"image\/webp"}],"author":"admin","twitter_card":"summary_large_image","twitter_misc":{"Scris de":"admin","Timp estimat pentru citire":"3 minute"},"schema":{"@context":"https:\/\/schema.org","@graph":[{"@type":"Article","@id":"https:\/\/economiaportal.com\/1582\/tendencias-de-emprego-para-2025\/#article","isPartOf":{"@id":"https:\/\/economiaportal.com\/1582\/tendencias-de-emprego-para-2025\/"},"author":{"name":"admin","@id":"https:\/\/economiaportal.com\/#\/schema\/person\/1633c7ca22d836a68c8907ef39e510f5"},"headline":"Tend\u00eancias de Emprego para 2025","datePublished":"2024-11-27T14:13:23+00:00","mainEntityOfPage":{"@id":"https:\/\/economiaportal.com\/1582\/tendencias-de-emprego-para-2025\/"},"wordCount":548,"publisher":{"@id":"https:\/\/economiaportal.com\/#organization"},"image":{"@id":"https:\/\/economiaportal.com\/1582\/tendencias-de-emprego-para-2025\/#primaryimage"},"thumbnailUrl":"https:\/\/economiaportal.com\/wp-content\/uploads\/2024\/11\/CAPA-APP-7.webp","keywords":["IA","Inteligencia Artificial","Tend\u00eancias de Emprego para 2025"],"articleSection":["Atualidade"],"inLanguage":"ro-RO"},{"@type":"WebPage","@id":"https:\/\/economiaportal.com\/1582\/tendencias-de-emprego-para-2025\/","url":"https:\/\/economiaportal.com\/1582\/tendencias-de-emprego-para-2025\/","name":"Tendin\u021bele ocup\u0103rii for\u021bei de munc\u0103 pentru 2025 - Economia Portal","isPartOf":{"@id":"https:\/\/economiaportal.com\/#website"},"primaryImageOfPage":{"@id":"https:\/\/economiaportal.com\/1582\/tendencias-de-emprego-para-2025\/#primaryimage"},"image":{"@id":"https:\/\/economiaportal.com\/1582\/tendencias-de-emprego-para-2025\/#primaryimage"},"thumbnailUrl":"https:\/\/economiaportal.com\/wp-content\/uploads\/2024\/11\/CAPA-APP-7.webp","datePublished":"2024-11-27T14:13:23+00:00","description":"Bun\u0103 ziua, ast\u0103zi vom vorbi despre tendin\u021bele ocup\u0103rii for\u021bei de munc\u0103 pentru 2025, domeniile promi\u021b\u0103toare \u0219i cum s\u0103 v\u0103 preg\u0103ti\u021bi corect.","breadcrumb":{"@id":"https:\/\/economiaportal.com\/1582\/tendencias-de-emprego-para-2025\/#breadcrumb"},"inLanguage":"ro-RO","potentialAction":[{"@type":"ReadAction","target":["https:\/\/economiaportal.com\/1582\/tendencias-de-emprego-para-2025\/"]}]},{"@type":"ImageObject","inLanguage":"ro-RO","@id":"https:\/\/economiaportal.com\/1582\/tendencias-de-emprego-para-2025\/#primaryimage","url":"https:\/\/economiaportal.com\/wp-content\/uploads\/2024\/11\/CAPA-APP-7.webp","contentUrl":"https:\/\/economiaportal.com\/wp-content\/uploads\/2024\/11\/CAPA-APP-7.webp","width":1000,"height":800,"caption":"Tend\u00eancias de Emprego para 2025"},{"@type":"BreadcrumbList","@id":"https:\/\/economiaportal.com\/1582\/tendencias-de-emprego-para-2025\/#breadcrumb","itemListElement":[{"@type":"ListItem","position":1,"name":"In\u00edcio","item":"https:\/\/economiaportal.com\/"},{"@type":"ListItem","position":2,"name":"Tend\u00eancias de Emprego para 2025"}]},{"@type":"WebSite","@id":"https:\/\/economiaportal.com\/#website","url":"https:\/\/economiaportal.com\/","name":"Portalul Economiei","description":"","publisher":{"@id":"https:\/\/economiaportal.com\/#organization"},"potentialAction":[{"@type":"SearchAction","target":{"@type":"EntryPoint","urlTemplate":"https:\/\/economiaportal.com\/?s={search_term_string}"},"query-input":{"@type":"PropertyValueSpecification","valueRequired":true,"valueName":"search_term_string"}}],"inLanguage":"ro-RO"},{"@type":"Organization","@id":"https:\/\/economiaportal.com\/#organization","name":"Portalul Economiei","url":"https:\/\/economiaportal.com\/","logo":{"@type":"ImageObject","inLanguage":"ro-RO","@id":"https:\/\/economiaportal.com\/#\/schema\/logo\/image\/","url":"https:\/\/economiaportal.com\/wp-content\/uploads\/2024\/07\/cropped-Design-sem-nome.jpg","contentUrl":"https:\/\/economiaportal.com\/wp-content\/uploads\/2024\/07\/cropped-Design-sem-nome.jpg","width":161,"height":45,"caption":"Economia Portal"},"image":{"@id":"https:\/\/economiaportal.com\/#\/schema\/logo\/image\/"}},{"@type":"Person","@id":"https:\/\/economiaportal.com\/#\/schema\/person\/1633c7ca22d836a68c8907ef39e510f5","name":"admin","image":{"@type":"ImageObject","inLanguage":"ro-RO","@id":"https:\/\/economiaportal.com\/#\/schema\/person\/image\/","url":"https:\/\/economiaportal.com\/wp-content\/litespeed\/avatar\/d8bb0a0d516772e3dd31e2f3e00e93bf.jpg?ver=1777005689","contentUrl":"https:\/\/economiaportal.com\/wp-content\/litespeed\/avatar\/d8bb0a0d516772e3dd31e2f3e00e93bf.jpg?ver=1777005689","caption":"admin"},"url":"https:\/\/economiaportal.com\/ro\/author\/admin\/"}]}},"_links":{"self":[{"href":"https:\/\/economiaportal.com\/ro\/wp-json\/wp\/v2\/posts\/1582","targetHints":{"allow":["GET"]}}],"collection":[{"href":"https:\/\/economiaportal.com\/ro\/wp-json\/wp\/v2\/posts"}],"about":[{"href":"https:\/\/economiaportal.com\/ro\/wp-json\/wp\/v2\/types\/post"}],"author":[{"embeddable":true,"href":"https:\/\/economiaportal.com\/ro\/wp-json\/wp\/v2\/users\/14"}],"replies":[{"embeddable":true,"href":"https:\/\/economiaportal.com\/ro\/wp-json\/wp\/v2\/comments?post=1582"}],"version-history":[{"count":2,"href":"https:\/\/economiaportal.com\/ro\/wp-json\/wp\/v2\/posts\/1582\/revisions"}],"predecessor-version":[{"id":1585,"href":"https:\/\/economiaportal.com\/ro\/wp-json\/wp\/v2\/posts\/1582\/revisions\/1585"}],"wp:featuredmedia":[{"embeddable":true,"href":"https:\/\/economiaportal.com\/ro\/wp-json\/wp\/v2\/media\/1584"}],"wp:attachment":[{"href":"https:\/\/economiaportal.com\/ro\/wp-json\/wp\/v2\/media?parent=1582"}],"wp:term":[{"taxonomy":"category","embeddable":true,"href":"https:\/\/economiaportal.com\/ro\/wp-json\/wp\/v2\/categories?post=1582"},{"taxonomy":"post_tag","embeddable":true,"href":"https:\/\/economiaportal.com\/ro\/wp-json\/wp\/v2\/tags?post=1582"}],"curies":[{"name":"wp","href":"https:\/\/api.w.org\/{rel}","templated":true}]}}