{"id":1879,"date":"2025-03-04T17:07:38","date_gmt":"2025-03-04T14:07:38","guid":{"rendered":"https:\/\/economiaportal.com\/?p=1879"},"modified":"2025-03-11T18:26:34","modified_gmt":"2025-03-11T15:26:34","slug":"schimbarea-culorii-facebook","status":"publish","type":"post","link":"https:\/\/economiaportal.com\/ro\/1879\/mudar-a-cor-do-facebook\/","title":{"rendered":"Schimba\u021bi culoarea Facebook"},"content":{"rendered":"<p>Nu ar fi frumos s\u0103 reu\u0219e\u0219ti <strong>Schimba\u021bi culoarea Facebook<\/strong> \u0219i s\u0103-l faci s\u0103 semene mai mult cu tine? Descoperi\u021bi mai jos c\u00e2teva modalit\u0103\u021bi de a face acest lucru.<\/p>\n\n\n\n<style>\n.botao-container {\n    display: flex;\n    justify-content: center;\n    margin: 20px 0; \/* Espa\u00e7amento opcional *\/\n}\n\n.botao-estilizado {\n    display: inline-block;\n    padding: 12px 96px;\n    font-size: 18px;\n    font-weight: bold;\n    font-family: Arial, sans-serif; \/* Fonte alterada para Arial *\/\n    color: white;\n    background: linear-gradient(145deg, #007bff, #0056b3);\n    border-radius: 8px;\n    box-shadow: 4px 4px 10px rgba(0, 0, 0, 0.2), \n                -2px -2px 5px rgba(255, 255, 255, 0.2);\n    text-decoration: none;\n    transition: all 0.3s ease-in-out;\n    text-align: center;\n}\n\n.botao-estilizado:hover {\n    background: linear-gradient(145deg, #0056b3, #004095);\n    box-shadow: 2px 2px 8px rgba(0, 0, 0, 0.3), \n                -1px -1px 4px rgba(255, 255, 255, 0.1);\n    transform: translateY(-3px);\n}\n<\/style>\n\n<div class=\"botao-container\">\n    <a href=\"https:\/\/economiaportal.com\/ro\/1931\/\" class=\"botao-estilizado\">Schimb\u0103 acum culoarea Facebook<\/a>\n<\/div>\n\n\n\n<p>Facebook este cu siguran\u021b\u0103 una dintre cele mai utilizate re\u021bele sociale din lume, dar interfa\u021ba sa albastr\u0103 caracteristic\u0103 poate p\u0103rea obositoare pentru unii utilizatori. <\/p>\n\n\n\n<p>Din p\u0103cate, Facebook-ul oficial nu permite modific\u0103ri de culoare \u00een cadrul aplica\u021biei \u00een sine, dar exist\u0103 c\u00e2teva alternative care permit acest lucru. <strong>schimba culoarea Facebook<\/strong> \u0219i personaliza\u021bi aspectul platformei \u00een func\u021bie de gustul dvs.<\/p>\n\n\n\n<p>Din fericire, exist\u0103 mai multe modalit\u0103\u021bi de a schimba culorile pe Facebook, fie prin intermediul <strong>extensii de browser, aplica\u021bii ter\u021b\u0103 parte sau lansatoare personalizate pentru Android<\/strong>. <\/p>\n\n\n\n<p>Cu aceasta, po\u021bi oferi re\u021belei tale de socializare un aspect mai modern \u0219i mai diferit.<\/p>\n\n\n\n<p>\u00cen acest articol, ve\u021bi \u00eenv\u0103\u021ba:<\/p>\n\n\n\n<ul class=\"wp-block-list\">\n<li>Cum s\u0103 schimbi culoarea Facebook <strong>PC si mobil<\/strong>;<\/li>\n\n\n\n<li>Metode sigure de personalizare;<\/li>\n\n\n\n<li>Aplica\u021bii \u0219i extensii \u00een acest scop;<\/li>\n\n\n\n<li>Cum se utilizeaz\u0103 <strong>lansatoare pe Android<\/strong> pentru a schimba aspectul Facebook;<\/li>\n\n\n\n<li>Detaliat pas cu pas pentru fiecare metod\u0103.<\/li>\n<\/ul>\n\n\n\n<p>Acum, verific\u0103 toate modalit\u0103\u021bile prin care po\u021bi personaliza Facebook \u0219i s\u0103-l faci a\u0219a cum vrei tu! \ud83c\udfa8\ud83d\udcf1\ud83d\udcbb<\/p>\n\n\n\n<h2 class=\"wp-block-heading\"><strong>1. Cum s\u0103 schimba\u021bi culoarea Facebook folosind extensii pe computer<\/strong><\/h2>\n\n\n\n<p>\u00cen primul r\u00e2nd, cel mai simplu mod de a schimba culorile Facebook pe computer este prin utilizarea <strong>extensii pentru Google Chrome \u0219i Mozilla Firefox<\/strong>. <\/p>\n\n\n\n<p>Prin urmare, aceste extensii v\u0103 permit s\u0103 v\u0103 personaliza\u021bi interfa\u021ba site-ului web rapid \u0219i \u00een siguran\u021b\u0103.<\/p>\n\n\n\n<h3 class=\"wp-block-heading\"><strong>Extensii recomandate<\/strong><\/h3>\n\n\n\n<ul class=\"wp-block-list\">\n<li>\u2705 <strong><a href=\"https:\/\/chrome.google.com\/webstore\/detail\/stylish-custom-themes-for\/fjnbnpbmkenffdnngjfgmeleoegfcffe\">Elegant<\/a><\/strong> \u2013 V\u0103 permite s\u0103 aplica\u021bi teme personalizate pe Facebook \u0219i alte site-uri web.<\/li>\n\n\n\n<li>\u2705 <strong><a href=\"https:\/\/chrome.google.com\/webstore\/detail\/color-changer-for-faceboo\/\">Schimb\u0103tor de culoare pentru Facebook<\/a><\/strong> - Schimba\u021bi cu u\u0219urin\u021b\u0103 culoarea interfe\u021bei Facebook.<\/li>\n\n\n\n<li>\u2705 <strong><a href=\"https:\/\/chrome.google.com\/webstore\/detail\/super-dark-mode\/jihlepdfhceegfhljjibgcnbebgkhkij\">Modul Super \u00centunecat<\/a><\/strong> \u2013 Are op\u021biuni de tem\u0103 \u00eentunecat\u0103 pentru Facebook.<\/li>\n<\/ul>\n\n\n\n<h3 class=\"wp-block-heading\"><strong>Ghid pas cu pas pentru utilizarea Stylish<\/strong><\/h3>\n\n\n\n<ol class=\"wp-block-list\">\n<li>Accesa\u021bi <strong>Magazinul web Chrome<\/strong> sau magazinul de extensii Firefox.<\/li>\n\n\n\n<li>C\u0103uta\u021bi dup\u0103 extensie <strong>Elegant<\/strong> \u0219i face\u021bi clic pe <strong>Ad\u0103uga\u021bi \u00een Chrome<\/strong>.<\/li>\n\n\n\n<li>Dup\u0103 instalare, deschide\u021bi Facebook \u0219i face\u021bi clic pe pictograma Stylish din browser.<\/li>\n\n\n\n<li>Alege\u021bi o tem\u0103 personalizat\u0103 sau crea\u021bi-v\u0103 propriul stil.<\/li>\n\n\n\n<li>Activeaz\u0103 noul aspect \u0219i bucur\u0103-te de Facebook-ul t\u0103u personalizat!<\/li>\n<\/ol>\n\n\n\n<p>Aceast\u0103 metod\u0103 este ideal\u0103 pentru utilizatorii care acceseaz\u0103 Facebook prin browser \u0219i doresc o experien\u021b\u0103 vizual\u0103 diferit\u0103.<\/p>\n\n\n\n<h2 class=\"wp-block-heading\"><strong>2. Cum s\u0103 schimba\u021bi culoarea Facebook pe telefonul dvs. cu aplica\u021bii<\/strong><\/h2>\n\n\n\n<p>Apoi, pe mobil, nu exist\u0103 o op\u021biune nativ\u0103 de a schimba culoarea Facebook, dar exist\u0103 aplica\u021bii care v\u0103 permit s\u0103 personaliza\u021bi aspectul re\u021belei de socializare.<\/p>\n\n\n\n<h3 class=\"wp-block-heading\"><strong>Cele mai bune aplica\u021bii pentru a schimba culoarea Facebook<\/strong><\/h3>\n\n\n\n<ul class=\"wp-block-list\">\n<li>\u2705 <strong>Maki Plus<\/strong> \u2013 O aplica\u021bie alternativ\u0103 la Facebook cu op\u021biuni de tem\u0103 colorate.<\/li>\n\n\n\n<li>\u2705 <strong>Folio pentru Facebook \u0219i Messenger<\/strong> - Ofer\u0103 personalizare vizual\u0103 \u0219i modul \u00eentunecat avansat.<\/li>\n\n\n\n<li>\u2705 <strong>Glisa\u021bi pentru Facebook<\/strong> \u2013 Versiune u\u0219oar\u0103 \u0219i foarte personalizabil\u0103 a Facebook.<\/li>\n<\/ul>\n\n\n\n<h3 class=\"wp-block-heading\"><strong>Ghid pas cu pas pentru utilizarea Maki Plus<\/strong><\/h3>\n\n\n\n<ol class=\"wp-block-list\">\n<li>Desc\u0103rca\u021bi aplica\u021bia <strong>Maki Plus<\/strong><\/li>\n\n\n\n<li>Instala\u021bi \u0219i deschide\u021bi aplica\u021bia.<\/li>\n\n\n\n<li>Conecta\u021bi-v\u0103 la contul dvs. de Facebook \u00een cadrul aplica\u021biei.<\/li>\n\n\n\n<li>Accesa\u021bi set\u0103rile aplica\u021biei \u0219i alege\u021bi a <strong>tem\u0103 de culoare diferit\u0103<\/strong>.<\/li>\n\n\n\n<li>Bucura\u021bi-v\u0103 de Facebook cu o nou\u0103 interfa\u021b\u0103!<\/li>\n<\/ol>\n\n\n\n<p>\u00cen cele din urm\u0103, Maki Plus \u0219i Folio sunt alternative bune pentru cei care doresc o versiune mai u\u0219oar\u0103 \u0219i mai personalizabil\u0103 a Facebook pe telefonul mobil.<\/p>\n\n\n\n<h2 class=\"wp-block-heading\"><strong>3. Cum s\u0103 utiliza\u021bi Lansatoarele pe Android pentru a schimba culorile Facebook<\/strong><\/h2>\n\n\n\n<p>\u00cen cele din urm\u0103, o alt\u0103 modalitate de a schimba aspectul Facebook pe telefonul Android este utilizarea <strong>lansatoare personalizate<\/strong>. <\/p>\n\n\n\n<p>Cu toate acestea, v\u0103 permit s\u0103 schimba\u021bi pictogramele aplica\u021biilor, s\u0103 modifica\u021bi interfa\u021ba general\u0103 a sistemului \u0219i chiar s\u0103 personaliza\u021bi culoarea meniurilor.<\/p>\n\n\n\n<h3 class=\"wp-block-heading\"><strong>Cele mai bune lansatoare pentru personalizare<\/strong><\/h3>\n\n\n\n<ul class=\"wp-block-list\">\n<li>\u2705 <strong><a href=\"https:\/\/play.google.com\/store\/apps\/details?id=com.teslacoilsw.launcher\">Nova Launcher<\/a><\/strong> \u2013 V\u0103 permite s\u0103 schimba\u021bi pictogramele \u0219i culorile sistemului.<\/li>\n\n\n\n<li>\u2705 <strong><a href=\"https:\/\/play.google.com\/store\/apps\/details?id=com.actionlauncher.playstore\">Lansatorul de ac\u021biuni<\/a><\/strong> \u2013 Alternativ\u0103 excelent\u0103 pentru a modifica teme \u0219i a personaliza telefonul mobil.<\/li>\n\n\n\n<li>\u2705 <strong>Apex Launcher<\/strong> \u2013 Ofer\u0103 mai multe op\u021biuni de personalizare \u0219i pictograme diferite.<\/li>\n<\/ul>\n\n\n\n<h3 class=\"wp-block-heading\"><strong>Ghid pas cu pas pentru schimbarea pictogramei Facebook cu Nova Launcher<\/strong><\/h3>\n\n\n\n<ol class=\"wp-block-list\">\n<li>Desc\u0103rca\u021bi \u0219i instala\u021bi <strong>Nova Launcher<\/strong>.<\/li>\n\n\n\n<li>Ap\u0103sa\u021bi lung pe pictograma Facebook de pe ecranul dvs. de start.<\/li>\n\n\n\n<li>Robinet <strong>Edita<\/strong>.<\/li>\n\n\n\n<li>Alege\u021bi o pictogram\u0103 nou\u0103 sau desc\u0103rca\u021bi una <strong>pachet de pictograme personalizat<\/strong>.<\/li>\n\n\n\n<li>Confirma\u021bi \u0219i vede\u021bi noul aspect al pictogramei Facebook.<\/li>\n<\/ol>\n\n\n\n<p>La urma urmei, aceast\u0103 op\u021biune nu schimb\u0103 culorile din cadrul aplica\u021biei, dar v\u0103 permite s\u0103 personaliza\u021bi experien\u021ba general\u0103 Facebook pe telefonul dvs. mobil.<\/p>\n\n\n\n<h2 class=\"wp-block-heading\"><strong>Concluzie<\/strong><\/h2>\n\n\n\n<p>Oricum, de\u0219i Facebook-ul oficial nu ofer\u0103 multe op\u021biuni de personalizare, exist\u0103 mai multe modalit\u0103\u021bi <strong>schimba culoarea Facebook<\/strong> \u0219i face\u021bi-v\u0103 experien\u021ba pe platform\u0103 mai pl\u0103cut\u0103 \u0219i unic\u0103. <\/p>\n\n\n\n<p>Deci, dac\u0103 dori\u021bi o schimbare mai simpl\u0103, pute\u021bi utiliza <strong>extensii de browser<\/strong>, ca <strong>Elegant<\/strong>. <\/p>\n\n\n\n<p>Ei bine, pentru cei care folosesc Facebook pe telefoanele mobile, aplica\u021bii ca <strong>Maki Plus<\/strong> Este <strong>Folio<\/strong> ofer\u0103 alternative excelente cu personalizare avansat\u0103.<\/p>\n\n\n\n<p>In plus <strong>lansatoare personalizate<\/strong> sunt o modalitate excelent\u0103 de a modifica pictogramele Facebook \u0219i de a \u00eembun\u0103t\u0103\u021bi aspectul sistemului \u00een ansamblu. <\/p>\n\n\n\n<p>Deci, orice ai alege, acum ai mai multe op\u021biuni pentru a transforma aspectul Facebook dup\u0103 bunul t\u0103u plac.<\/p>\n\n\n\n<p>Deci acum c\u0103 \u0219tii <strong>Cum s\u0103 schimbi culoarea Facebook<\/strong>, alege metoda care ti se potriveste cel mai bine si personaliza-ti reteaua de socializare asa cum iti doresti! \ud83c\udfa8\ud83d\udcf1\ud83d\udcbb<\/p>","protected":false},"excerpt":{"rendered":"<p>Nu ar fi grozav s\u0103 po\u021bi schimba culoarea Facebook-ului \u0219i s\u0103-l faci s\u0103 semene mai mult cu tine? Descoper\u0103 mai jos c\u00e2teva modalit\u0103\u021bi de a face acest lucru. Schimb\u0103 culoarea Facebook-ului acum Cu siguran\u021b\u0103, ... <\/p>","protected":false},"author":14,"featured_media":0,"comment_status":"closed","ping_status":"closed","sticky":false,"template":"","format":"standard","meta":{"footnotes":""},"categories":[1],"tags":[1242,1251,1245,1248,1247,1243,1250,1244,1246,1249],"class_list":["post-1879","post","type-post","status-publish","format-standard","hentry","category-uncategorized","tag-action-laucher","tag-apex-launcher","tag-color-change","tag-folio","tag-maki-plus","tag-mudar-a-cor-do-facebook","tag-nova-louncher","tag-stylish","tag-super-dark-mode","tag-swipe-facebook","latest_post"],"yoast_head":"<!-- This site is optimized with the Yoast SEO plugin v26.8 - https:\/\/yoast.com\/product\/yoast-seo-wordpress\/ -->\n<title>Mudar a Cor do Facebook - Economia Portal<\/title>\n<meta name=\"description\" content=\"N\u00e3o seria legal poder Mudar a Cor do Facebook e deixa-lo mais parecido com voc\u00ea? Descubra v\u00e1rias formas de fazer isso abaixo.\" \/>\n<meta name=\"robots\" content=\"index, follow, max-snippet:-1, max-image-preview:large, max-video-preview:-1\" \/>\n<link rel=\"canonical\" href=\"https:\/\/economiaportal.com\/ro\/1879\/schimbarea-culorii-facebook\/\" \/>\n<meta property=\"og:locale\" content=\"ro_RO\" \/>\n<meta property=\"og:type\" content=\"article\" \/>\n<meta property=\"og:title\" content=\"Mudar a Cor do Facebook - Economia Portal\" \/>\n<meta property=\"og:description\" content=\"N\u00e3o seria legal poder Mudar a Cor do Facebook e deixa-lo mais parecido com voc\u00ea? Descubra v\u00e1rias formas de fazer isso abaixo.\" \/>\n<meta property=\"og:url\" content=\"https:\/\/economiaportal.com\/ro\/1879\/schimbarea-culorii-facebook\/\" \/>\n<meta property=\"og:site_name\" content=\"Economia Portal\" \/>\n<meta property=\"article:published_time\" content=\"2025-03-04T14:07:38+00:00\" \/>\n<meta property=\"article:modified_time\" content=\"2025-03-11T15:26:34+00:00\" \/>\n<meta name=\"author\" content=\"admin\" \/>\n<meta name=\"twitter:card\" content=\"summary_large_image\" \/>\n<meta name=\"twitter:label1\" content=\"Scris de\" \/>\n\t<meta name=\"twitter:data1\" content=\"admin\" \/>\n\t<meta name=\"twitter:label2\" content=\"Timp estimat pentru citire\" \/>\n\t<meta name=\"twitter:data2\" content=\"5 minute\" \/>\n<script type=\"application\/ld+json\" class=\"yoast-schema-graph\">{\"@context\":\"https:\/\/schema.org\",\"@graph\":[{\"@type\":\"Article\",\"@id\":\"https:\/\/economiaportal.com\/1879\/mudar-a-cor-do-facebook\/#article\",\"isPartOf\":{\"@id\":\"https:\/\/economiaportal.com\/1879\/mudar-a-cor-do-facebook\/\"},\"author\":{\"name\":\"admin\",\"@id\":\"https:\/\/economiaportal.com\/#\/schema\/person\/1633c7ca22d836a68c8907ef39e510f5\"},\"headline\":\"Mudar a Cor do Facebook\",\"datePublished\":\"2025-03-04T14:07:38+00:00\",\"dateModified\":\"2025-03-11T15:26:34+00:00\",\"mainEntityOfPage\":{\"@id\":\"https:\/\/economiaportal.com\/1879\/mudar-a-cor-do-facebook\/\"},\"wordCount\":859,\"publisher\":{\"@id\":\"https:\/\/economiaportal.com\/#organization\"},\"keywords\":[\"Action Laucher\",\"Apex launcher\",\"Color Change\",\"Folio\",\"Maki plus\",\"Mudar a Cor do Facebook\",\"Nova louncher\",\"Stylish\",\"Super Dark Mode\",\"Swipe facebook\"],\"articleSection\":[\"Uncategorized\"],\"inLanguage\":\"ro-RO\"},{\"@type\":\"WebPage\",\"@id\":\"https:\/\/economiaportal.com\/1879\/mudar-a-cor-do-facebook\/\",\"url\":\"https:\/\/economiaportal.com\/1879\/mudar-a-cor-do-facebook\/\",\"name\":\"Mudar a Cor do Facebook - Economia Portal\",\"isPartOf\":{\"@id\":\"https:\/\/economiaportal.com\/#website\"},\"datePublished\":\"2025-03-04T14:07:38+00:00\",\"dateModified\":\"2025-03-11T15:26:34+00:00\",\"description\":\"N\u00e3o seria legal poder Mudar a Cor do Facebook e deixa-lo mais parecido com voc\u00ea? Descubra v\u00e1rias formas de fazer isso abaixo.\",\"breadcrumb\":{\"@id\":\"https:\/\/economiaportal.com\/1879\/mudar-a-cor-do-facebook\/#breadcrumb\"},\"inLanguage\":\"ro-RO\",\"potentialAction\":[{\"@type\":\"ReadAction\",\"target\":[\"https:\/\/economiaportal.com\/1879\/mudar-a-cor-do-facebook\/\"]}]},{\"@type\":\"BreadcrumbList\",\"@id\":\"https:\/\/economiaportal.com\/1879\/mudar-a-cor-do-facebook\/#breadcrumb\",\"itemListElement\":[{\"@type\":\"ListItem\",\"position\":1,\"name\":\"In\u00edcio\",\"item\":\"https:\/\/economiaportal.com\/\"},{\"@type\":\"ListItem\",\"position\":2,\"name\":\"Mudar a Cor do Facebook\"}]},{\"@type\":\"WebSite\",\"@id\":\"https:\/\/economiaportal.com\/#website\",\"url\":\"https:\/\/economiaportal.com\/\",\"name\":\"Economia Portal\",\"description\":\"\",\"publisher\":{\"@id\":\"https:\/\/economiaportal.com\/#organization\"},\"potentialAction\":[{\"@type\":\"SearchAction\",\"target\":{\"@type\":\"EntryPoint\",\"urlTemplate\":\"https:\/\/economiaportal.com\/?s={search_term_string}\"},\"query-input\":{\"@type\":\"PropertyValueSpecification\",\"valueRequired\":true,\"valueName\":\"search_term_string\"}}],\"inLanguage\":\"ro-RO\"},{\"@type\":\"Organization\",\"@id\":\"https:\/\/economiaportal.com\/#organization\",\"name\":\"Economia Portal\",\"url\":\"https:\/\/economiaportal.com\/\",\"logo\":{\"@type\":\"ImageObject\",\"inLanguage\":\"ro-RO\",\"@id\":\"https:\/\/economiaportal.com\/#\/schema\/logo\/image\/\",\"url\":\"https:\/\/economiaportal.com\/wp-content\/uploads\/2024\/07\/cropped-Design-sem-nome.jpg\",\"contentUrl\":\"https:\/\/economiaportal.com\/wp-content\/uploads\/2024\/07\/cropped-Design-sem-nome.jpg\",\"width\":161,\"height\":45,\"caption\":\"Economia Portal\"},\"image\":{\"@id\":\"https:\/\/economiaportal.com\/#\/schema\/logo\/image\/\"}},{\"@type\":\"Person\",\"@id\":\"https:\/\/economiaportal.com\/#\/schema\/person\/1633c7ca22d836a68c8907ef39e510f5\",\"name\":\"admin\",\"image\":{\"@type\":\"ImageObject\",\"inLanguage\":\"ro-RO\",\"@id\":\"https:\/\/economiaportal.com\/#\/schema\/person\/image\/\",\"url\":\"https:\/\/economiaportal.com\/wp-content\/litespeed\/avatar\/d8bb0a0d516772e3dd31e2f3e00e93bf.jpg?ver=1777005689\",\"contentUrl\":\"https:\/\/economiaportal.com\/wp-content\/litespeed\/avatar\/d8bb0a0d516772e3dd31e2f3e00e93bf.jpg?ver=1777005689\",\"caption\":\"admin\"},\"url\":\"https:\/\/economiaportal.com\/ro\/author\/admin\/\"}]}<\/script>\n<!-- \/ Yoast SEO plugin. -->","yoast_head_json":{"title":"Schimba\u021bi culoarea Facebook - Economia Portal","description":"Nu ar fi frumos s\u0103 pute\u021bi schimba culoarea Facebook-ului \u0219i s\u0103 \u00eel face\u021bi s\u0103 v\u0103 semene mai mult? Afla\u021bi mai jos cum s\u0103 face\u021bi acest lucru.","robots":{"index":"index","follow":"follow","max-snippet":"max-snippet:-1","max-image-preview":"max-image-preview:large","max-video-preview":"max-video-preview:-1"},"canonical":"https:\/\/economiaportal.com\/ro\/1879\/schimbarea-culorii-facebook\/","og_locale":"ro_RO","og_type":"article","og_title":"Mudar a Cor do Facebook - Economia Portal","og_description":"N\u00e3o seria legal poder Mudar a Cor do Facebook e deixa-lo mais parecido com voc\u00ea? Descubra v\u00e1rias formas de fazer isso abaixo.","og_url":"https:\/\/economiaportal.com\/ro\/1879\/schimbarea-culorii-facebook\/","og_site_name":"Economia Portal","article_published_time":"2025-03-04T14:07:38+00:00","article_modified_time":"2025-03-11T15:26:34+00:00","author":"admin","twitter_card":"summary_large_image","twitter_misc":{"Scris de":"admin","Timp estimat pentru citire":"5 minute"},"schema":{"@context":"https:\/\/schema.org","@graph":[{"@type":"Article","@id":"https:\/\/economiaportal.com\/1879\/mudar-a-cor-do-facebook\/#article","isPartOf":{"@id":"https:\/\/economiaportal.com\/1879\/mudar-a-cor-do-facebook\/"},"author":{"name":"admin","@id":"https:\/\/economiaportal.com\/#\/schema\/person\/1633c7ca22d836a68c8907ef39e510f5"},"headline":"Mudar a Cor do Facebook","datePublished":"2025-03-04T14:07:38+00:00","dateModified":"2025-03-11T15:26:34+00:00","mainEntityOfPage":{"@id":"https:\/\/economiaportal.com\/1879\/mudar-a-cor-do-facebook\/"},"wordCount":859,"publisher":{"@id":"https:\/\/economiaportal.com\/#organization"},"keywords":["Action Laucher","Apex launcher","Color Change","Folio","Maki plus","Mudar a Cor do Facebook","Nova louncher","Stylish","Super Dark Mode","Swipe facebook"],"articleSection":["Uncategorized"],"inLanguage":"ro-RO"},{"@type":"WebPage","@id":"https:\/\/economiaportal.com\/1879\/mudar-a-cor-do-facebook\/","url":"https:\/\/economiaportal.com\/1879\/mudar-a-cor-do-facebook\/","name":"Schimba\u021bi culoarea Facebook - Economia Portal","isPartOf":{"@id":"https:\/\/economiaportal.com\/#website"},"datePublished":"2025-03-04T14:07:38+00:00","dateModified":"2025-03-11T15:26:34+00:00","description":"Nu ar fi frumos s\u0103 pute\u021bi schimba culoarea Facebook-ului \u0219i s\u0103 \u00eel face\u021bi s\u0103 v\u0103 semene mai mult? Afla\u021bi mai jos cum s\u0103 face\u021bi acest lucru.","breadcrumb":{"@id":"https:\/\/economiaportal.com\/1879\/mudar-a-cor-do-facebook\/#breadcrumb"},"inLanguage":"ro-RO","potentialAction":[{"@type":"ReadAction","target":["https:\/\/economiaportal.com\/1879\/mudar-a-cor-do-facebook\/"]}]},{"@type":"BreadcrumbList","@id":"https:\/\/economiaportal.com\/1879\/mudar-a-cor-do-facebook\/#breadcrumb","itemListElement":[{"@type":"ListItem","position":1,"name":"In\u00edcio","item":"https:\/\/economiaportal.com\/"},{"@type":"ListItem","position":2,"name":"Mudar a Cor do Facebook"}]},{"@type":"WebSite","@id":"https:\/\/economiaportal.com\/#website","url":"https:\/\/economiaportal.com\/","name":"Portalul Economiei","description":"","publisher":{"@id":"https:\/\/economiaportal.com\/#organization"},"potentialAction":[{"@type":"SearchAction","target":{"@type":"EntryPoint","urlTemplate":"https:\/\/economiaportal.com\/?s={search_term_string}"},"query-input":{"@type":"PropertyValueSpecification","valueRequired":true,"valueName":"search_term_string"}}],"inLanguage":"ro-RO"},{"@type":"Organization","@id":"https:\/\/economiaportal.com\/#organization","name":"Portalul Economiei","url":"https:\/\/economiaportal.com\/","logo":{"@type":"ImageObject","inLanguage":"ro-RO","@id":"https:\/\/economiaportal.com\/#\/schema\/logo\/image\/","url":"https:\/\/economiaportal.com\/wp-content\/uploads\/2024\/07\/cropped-Design-sem-nome.jpg","contentUrl":"https:\/\/economiaportal.com\/wp-content\/uploads\/2024\/07\/cropped-Design-sem-nome.jpg","width":161,"height":45,"caption":"Economia Portal"},"image":{"@id":"https:\/\/economiaportal.com\/#\/schema\/logo\/image\/"}},{"@type":"Person","@id":"https:\/\/economiaportal.com\/#\/schema\/person\/1633c7ca22d836a68c8907ef39e510f5","name":"admin","image":{"@type":"ImageObject","inLanguage":"ro-RO","@id":"https:\/\/economiaportal.com\/#\/schema\/person\/image\/","url":"https:\/\/economiaportal.com\/wp-content\/litespeed\/avatar\/d8bb0a0d516772e3dd31e2f3e00e93bf.jpg?ver=1777005689","contentUrl":"https:\/\/economiaportal.com\/wp-content\/litespeed\/avatar\/d8bb0a0d516772e3dd31e2f3e00e93bf.jpg?ver=1777005689","caption":"admin"},"url":"https:\/\/economiaportal.com\/ro\/author\/admin\/"}]}},"_links":{"self":[{"href":"https:\/\/economiaportal.com\/ro\/wp-json\/wp\/v2\/posts\/1879","targetHints":{"allow":["GET"]}}],"collection":[{"href":"https:\/\/economiaportal.com\/ro\/wp-json\/wp\/v2\/posts"}],"about":[{"href":"https:\/\/economiaportal.com\/ro\/wp-json\/wp\/v2\/types\/post"}],"author":[{"embeddable":true,"href":"https:\/\/economiaportal.com\/ro\/wp-json\/wp\/v2\/users\/14"}],"replies":[{"embeddable":true,"href":"https:\/\/economiaportal.com\/ro\/wp-json\/wp\/v2\/comments?post=1879"}],"version-history":[{"count":10,"href":"https:\/\/economiaportal.com\/ro\/wp-json\/wp\/v2\/posts\/1879\/revisions"}],"predecessor-version":[{"id":1946,"href":"https:\/\/economiaportal.com\/ro\/wp-json\/wp\/v2\/posts\/1879\/revisions\/1946"}],"wp:attachment":[{"href":"https:\/\/economiaportal.com\/ro\/wp-json\/wp\/v2\/media?parent=1879"}],"wp:term":[{"taxonomy":"category","embeddable":true,"href":"https:\/\/economiaportal.com\/ro\/wp-json\/wp\/v2\/categories?post=1879"},{"taxonomy":"post_tag","embeddable":true,"href":"https:\/\/economiaportal.com\/ro\/wp-json\/wp\/v2\/tags?post=1879"}],"curies":[{"name":"wp","href":"https:\/\/api.w.org\/{rel}","templated":true}]}}