{"id":1882,"date":"2025-03-04T17:22:45","date_gmt":"2025-03-04T14:22:45","guid":{"rendered":"https:\/\/economiaportal.com\/?p=1882"},"modified":"2025-03-04T17:22:46","modified_gmt":"2025-03-04T14:22:46","slug":"ndryshoni-ngjyren-e-instagramit","status":"publish","type":"post","link":"https:\/\/economiaportal.com\/sq\/1882\/mudar-a-cor-do-instagram\/","title":{"rendered":"Ndrysho Ngjyr\u00ebn e Instagramit"},"content":{"rendered":"<p>A nuk do t\u00eb ishte shum\u00eb bukur n\u00ebse do t\u00eb mundeshe? <strong>Ndrysho Ngjyr\u00ebn e Instagramit<\/strong> dhe ta b\u00ebni m\u00eb t\u00eb personalizuar dhe m\u00eb shum\u00eb si ju? Zbuloni gjith\u00e7ka m\u00eb posht\u00eb. <\/p>\n\n\n\n<p>Instagram \u00ebsht\u00eb sigurisht nj\u00eb nga rrjetet sociale m\u00eb t\u00eb njohura n\u00eb bot\u00eb, por nd\u00ebrfaqja e tij standarde, me nj\u00eb mbizot\u00ebrim t\u00eb toneve t\u00eb bardha dhe blu, mund t\u00eb mos i p\u00eblqej\u00eb t\u00eb gjith\u00ebve. <\/p>\n\n\n\n<p>Prandaj, shum\u00eb njer\u00ebz k\u00ebrkojn\u00eb m\u00ebnyra p\u00ebr t\u00eb <strong>ndrysho ngjyr\u00ebn e Instagramit<\/strong> p\u00ebr t\u00eb personalizuar p\u00ebrvoj\u00ebn dhe p\u00ebr ta b\u00ebr\u00eb aplikacionin m\u00eb t\u00eb k\u00ebndsh\u00ebm vizualisht.<\/p>\n\n\n\n<p>Pra, megjith\u00ebse Instagrami zyrtar ofron disa mund\u00ebsi t\u00eb kufizuara si <strong>modaliteti i err\u00ebt<\/strong>, ka metoda p\u00ebr t\u00eb modifikuar ngjyrat e nd\u00ebrfaqes duke p\u00ebrdorur <strong>zgjerime, aplikacione t\u00eb jashtme dhe l\u00ebshues t\u00eb personalizuar<\/strong>. <\/p>\n\n\n\n<p>Pra, n\u00eb k\u00ebt\u00eb artikull do t\u00eb shqyrtojm\u00eb t\u00eb gjitha m\u00ebnyrat e mundshme p\u00ebr t\u00eb <strong>personalizo Instagramin<\/strong> n\u00eb kompjuter dhe n\u00eb celular.<\/p>\n\n\n\n<p>K\u00ebtu, do t\u00eb m\u00ebsoni:<\/p>\n\n\n\n<ul class=\"wp-block-list\">\n<li>Si ta aktivizoni <strong>modaliteti i err\u00ebt<\/strong> Zyrtari i Instagramit;<\/li>\n\n\n\n<li>Si ta ndryshoni ngjyr\u00ebn e Instagramit n\u00eb <strong>PC dhe celular<\/strong>;<\/li>\n\n\n\n<li>Aplikacione dhe zgjerime p\u00ebr personalizim;<\/li>\n\n\n\n<li>Si t\u00eb p\u00ebrdoret <strong>l\u00ebshuesit n\u00eb Android<\/strong> p\u00ebr t\u00eb ndryshuar ikonat dhe ngjyrat;<\/li>\n\n\n\n<li>Hap pas hapi p\u00ebr secil\u00ebn metod\u00eb t\u00eb detajuar.<\/li>\n<\/ul>\n\n\n\n<p>Tani, shikoni t\u00eb gjitha m\u00ebnyrat se si mund ta personalizoni Instagram-in dhe ta b\u00ebni t\u00eb duket tamam si\u00e7 d\u00ebshironi! \ud83c\udfa8\ud83d\udcf1<\/p>\n\n\n\n<h2 class=\"wp-block-heading\"><strong>1. Si t\u00eb ndryshoni ngjyr\u00ebn e Instagram duke p\u00ebrdorur modalitetin e err\u00ebt<\/strong><\/h2>\n\n\n\n<p>S\u00eb pari, <strong>modaliteti i err\u00ebt<\/strong> \u00ebsht\u00eb opsioni zyrtar i ofruar nga Instagram p\u00ebr t\u00eb ndryshuar pamjen e aplikacionit. <\/p>\n\n\n\n<p>Ky opsion e ndryshon sfondin e bardh\u00eb n\u00eb nj\u00eb ton t\u00eb err\u00ebt, duke zvog\u00ebluar lodhjen e syve dhe duke ndihmuar n\u00eb kursimin e bateris\u00eb n\u00eb ekranet OLED.<\/p>\n\n\n\n<h3 class=\"wp-block-heading\"><strong>Udh\u00ebzues hap pas hapi p\u00ebr aktivizimin e modalitetit t\u00eb err\u00ebt n\u00eb Android dhe iOS<\/strong><\/h3>\n\n\n\n<ol class=\"wp-block-list\">\n<li>Hap <strong>Instagram<\/strong>.<\/li>\n\n\n\n<li>Prekni n\u00eb tuajin <strong>fotografia e profilit<\/strong> n\u00eb k\u00ebndin e posht\u00ebm t\u00eb djatht\u00eb.<\/li>\n\n\n\n<li>Na prek <strong>tre vija<\/strong> n\u00eb k\u00ebndin e sip\u00ebrm t\u00eb djatht\u00eb dhe qasje <strong>Cil\u00ebsimet dhe privat\u00ebsia<\/strong>.<\/li>\n\n\n\n<li>Shko te <strong>Pamja<\/strong> dhe zgjidh <strong>Modaliteti i err\u00ebt<\/strong>.<\/li>\n\n\n\n<li>Aplikacioni do t\u00eb p\u00ebrdit\u00ebsohet automatikisht me pamjen e re.<\/li>\n<\/ol>\n\n\n\n<p>Pra, kjo \u00ebsht\u00eb m\u00ebnyra m\u00eb e thjesht\u00eb dhe m\u00eb e sigurt p\u00ebr t\u00eb <strong>ndryshoni pamjen e Instagramit<\/strong>, por n\u00ebse doni t&#039;i personalizoni ngjyrat edhe m\u00eb tej, shikoni opsionet m\u00eb posht\u00eb.<\/p>\n\n\n\n<h2 class=\"wp-block-heading\"><strong>2. Si t\u00eb ndryshoni ngjyr\u00ebn e Instagram duke p\u00ebrdorur shtesat n\u00eb PC<\/strong><\/h2>\n\n\n\n<p>Pastaj, n\u00ebse p\u00ebrdorni Instagram n\u00eb kompjuterin tuaj dhe d\u00ebshironi t\u00eb ndryshoni ngjyr\u00ebn e faqes, mund ta p\u00ebrdorni <strong>zgjerimet e shfletuesit<\/strong> si Google Chrome dhe Mozilla Firefox.<\/p>\n\n\n\n<h3 class=\"wp-block-heading\"><strong>Zgjerime t\u00eb Rekomanduara<\/strong><\/h3>\n\n\n\n<ul class=\"wp-block-list\">\n<li>\u2705 <strong><a href=\"https:\/\/chrome.google.com\/webstore\/detail\/stylish-custom-themes-for\/fjnbnpbmkenffdnngjfgmeleoegfcffe\">Stil<\/a><\/strong> \u2013 Ju lejon t\u00eb aplikoni tema t\u00eb personalizuara n\u00eb Instagram dhe faqet e tjera t\u00eb internetit.<\/li>\n\n\n\n<li>\u2705 <strong><a href=\"https:\/\/chrome.google.com\/webstore\/detail\/color-changer-for-instag\/\">Ndryshues Ngjyrash p\u00ebr Instagram<\/a><\/strong> \u2013 Ndryshon ngjyr\u00ebn e nd\u00ebrfaqes s\u00eb Instagram-it n\u00eb shfletues.<\/li>\n\n\n\n<li>\u2705 <strong><a href=\"https:\/\/chrome.google.com\/webstore\/detail\/dark-mode-for-instagram\/\">Modaliteti i err\u00ebt<\/a><\/strong> \u2013 Aktivizon tone t\u00eb ndryshme t\u00eb err\u00ebta dhe modalitete t\u00eb personalizuara.<\/li>\n<\/ul>\n\n\n\n<h3 class=\"wp-block-heading\"><strong>Udh\u00ebzues hap pas hapi p\u00ebr p\u00ebrdorimin e zgjatjes elegante<\/strong><\/h3>\n\n\n\n<ol class=\"wp-block-list\">\n<li>Qasuni n\u00eb <strong>Dyqani n\u00eb internet i Chrome<\/strong> dhe k\u00ebrko p\u00ebr <strong>Stil<\/strong>.<\/li>\n\n\n\n<li>Instaloni shtes\u00ebn duke klikuar mbi <strong>Shto n\u00eb Chrome<\/strong>.<\/li>\n\n\n\n<li>Pas instalimit, hapni <strong>Uebi i Instagramit<\/strong> dhe klikoni n\u00eb ikon\u00ebn Stylish n\u00eb shfletues.<\/li>\n\n\n\n<li>Zgjidhni nj\u00eb tem\u00eb t\u00eb personalizuar ose krijoni stilin tuaj.<\/li>\n\n\n\n<li>Zbatoni ndryshimin dhe shijoni Instagramin tuaj me ngjyra t\u00eb reja!<\/li>\n<\/ol>\n\n\n\n<p>Megjithat\u00eb, ky opsion \u00ebsht\u00eb ideal p\u00ebr ata q\u00eb hyjn\u00eb n\u00eb Instagram n\u00ebp\u00ebrmjet shfletuesit dhe duan nj\u00eb pamje t\u00eb ndryshme pa pasur nevoj\u00eb t\u00eb instalojn\u00eb aplikacione n\u00eb celularin e tyre.<\/p>\n\n\n\n<h2 class=\"wp-block-heading\"><strong>3. Si t\u00eb ndryshoni ngjyr\u00ebn e Instagram duke p\u00ebrdorur aplikacionet mobile<\/strong><\/h2>\n\n\n\n<p>P\u00ebr ata q\u00eb duan t\u00eb ndryshojn\u00eb ngjyr\u00ebn e Instagram-it n\u00eb celularin e tyre, ekzistojn\u00eb aplikacione alternative q\u00eb ju lejojn\u00eb t\u00eb personalizoni pamjen e rrjetit social.<\/p>\n\n\n\n<h3 class=\"wp-block-heading\"><strong>Aplikacionet m\u00eb t\u00eb mira p\u00ebr t\u00eb ndryshuar ngjyr\u00ebn e Instagram-it<\/strong><\/h3>\n\n\n\n<ul class=\"wp-block-list\">\n<li>\u2705 <strong>Instanter<\/strong> \u2013 Version i modifikuar i Instagram me personalizim t\u00eb tem\u00ebs.<\/li>\n\n\n\n<li>\u2705 <strong>Maki Plus<\/strong> \u2013 Ju lejon t\u00eb personalizoni Instagram-in me ngjyra t\u00eb ndryshme.<\/li>\n\n\n\n<li>\u2705 <strong><a href=\"https:\/\/play.google.com\/store\/apps\/details?id=io.friendly\">Miq\u00ebsor me Instagramin<\/a><\/strong> \u2013 Ofron personalizim t\u00eb avancuar dhe ve\u00e7ori shtes\u00eb.<\/li>\n<\/ul>\n\n\n\n<h3 class=\"wp-block-heading\"><strong>Udh\u00ebzues hap pas hapi p\u00ebr p\u00ebrdorimin e Instander<\/strong><\/h3>\n\n\n\n<ol class=\"wp-block-list\">\n<li>Shkarkoni <strong>Instanter<\/strong> p\u00ebrmes faqes zyrtare t\u00eb internetit.<\/li>\n\n\n\n<li>Instaloni aplikacionin dhe hyni n\u00eb llogarin\u00eb tuaj n\u00eb Instagram.<\/li>\n\n\n\n<li>Shko te <strong>Cil\u00ebsimet e Instander<\/strong> dhe zgjidh <strong>Personalizimi<\/strong>.<\/li>\n\n\n\n<li>Ndryshoni ngjyrat e nd\u00ebrfaqes dhe ruani ndryshimet.<\/li>\n\n\n\n<li>Shijoni Instagramin me nj\u00eb pamje t\u00eb re dhe unike!<\/li>\n<\/ol>\n\n\n\n<p>\u26a0\ufe0f <strong>V\u00ebmendje<\/strong>Instander \u00ebsht\u00eb nj\u00eb version i modifikuar i Instagram dhe nuk \u00ebsht\u00eb zyrtar. P\u00ebrdoreni me kujdes dhe shkarkojeni gjithmon\u00eb nga burime t\u00eb besueshme.<\/p>\n\n\n\n<h2 class=\"wp-block-heading\"><strong>4. Si t\u00eb p\u00ebrdorni Launcher-at n\u00eb Android p\u00ebr t\u00eb personalizuar Instagram-in<\/strong><\/h2>\n\n\n\n<p>S\u00eb fundmi, n\u00ebse doni t\u00eb ndryshoni vet\u00ebm <strong>Ikona e Instagramit<\/strong> ose p\u00ebr t\u00eb ndryshuar pamjen e p\u00ebrgjithshme t\u00eb sistemit, mund t\u00eb p\u00ebrdorni <strong>l\u00ebshues t\u00eb personalizuar<\/strong>.<\/p>\n\n\n\n<h3 class=\"wp-block-heading\"><strong>L\u00ebshuesit m\u00eb t\u00eb mir\u00eb p\u00ebr personalizimin e ikonave<\/strong><\/h3>\n\n\n\n<ul class=\"wp-block-list\">\n<li>\u2705 <strong><a href=\"https:\/\/play.google.com\/store\/apps\/details?id=com.teslacoilsw.launcher\">Nova Launcher<\/a><\/strong> \u2013 Ju lejon t\u00eb ndryshoni ikonat dhe ngjyrat e sistemit.<\/li>\n\n\n\n<li>\u2705 <strong><a href=\"https:\/\/play.google.com\/store\/apps\/details?id=com.actionlauncher.playstore\">Nis\u00ebsi i Veprimit<\/a><\/strong> - Alternativ\u00eb e shk\u00eblqyer p\u00ebr t\u00eb modifikuar temat dhe p\u00ebr t\u00eb personalizuar telefonin tuaj celular.<\/li>\n\n\n\n<li>\u2705 <strong>Apex Launcher<\/strong> \u2013 Ofron disa opsione personalizimi dhe ikona t\u00eb ndryshme.<\/li>\n<\/ul>\n\n\n\n<h3 class=\"wp-block-heading\"><strong>Udh\u00ebzues hap pas hapi p\u00ebr ndryshimin e ikon\u00ebs s\u00eb Instagramit me Nova Launcher<\/strong><\/h3>\n\n\n\n<ol class=\"wp-block-list\">\n<li>Shkarkoni dhe instaloni <strong>Nova Launcher<\/strong>.<\/li>\n\n\n\n<li>Shtypni dhe mbani shtypur <strong>Ikona e Instagramit<\/strong> n\u00eb ekranin kryesor.<\/li>\n\n\n\n<li>Trokit mbi <strong>Modifiko<\/strong>.<\/li>\n\n\n\n<li>Zgjidh nj\u00eb ikon\u00eb t\u00eb re ose shkarko nj\u00eb <strong>paket\u00eb ikonash t\u00eb personalizuara<\/strong>.<\/li>\n\n\n\n<li>Konfirmo dhe shiko pamjen e re t\u00eb ikon\u00ebs s\u00eb Instagram-it.<\/li>\n<\/ol>\n\n\n\n<p>Pra, ky opsion nuk i ndryshon ngjyrat brenda aplikacionit, por ju lejon t\u00eb personalizoni Instagram-in n\u00eb celularin tuaj n\u00eb nj\u00eb m\u00ebnyr\u00eb tjet\u00ebr.<\/p>\n\n\n\n<h2 class=\"wp-block-heading\"><strong>P\u00ebrfundim<\/strong><\/h2>\n\n\n\n<p>Sidoqoft\u00eb, edhe pse Instagrami zyrtar ofron pak mund\u00ebsi personalizimi, \u00ebsht\u00eb e mundur <strong>ndrysho ngjyr\u00ebn e Instagramit<\/strong> duke p\u00ebrdorur <strong>zgjerime, aplikacione alternative dhe l\u00ebshues t\u00eb personalizuar<\/strong>. <\/p>\n\n\n\n<p>Megjithat\u00eb, n\u00ebse d\u00ebshironi nj\u00eb ndryshim t\u00eb thjesht\u00eb, <strong>modaliteti i err\u00ebt<\/strong> mund t\u00eb aktivizohet leht\u00eb. <\/p>\n\n\n\n<p>Pra, p\u00ebr ndryshime m\u00eb t\u00eb thella, aplikacione si <strong>Instanter<\/strong> dhe <strong>Maki Plus<\/strong> ofrojn\u00eb nj\u00eb nivel m\u00eb t\u00eb lart\u00eb personalizimi.<\/p>\n\n\n\n<p>Pra, \u00e7far\u00ebdo q\u00eb t\u00eb zgjidhni, tani keni disa mund\u00ebsi p\u00ebr t\u00eb transformuar pamjen e Instagram-it tuaj dhe ta b\u00ebni at\u00eb pik\u00ebrisht ashtu si\u00e7 d\u00ebshironi! <\/p>\n\n\n\n<p>Pra, testoni alternativat e paraqitura dhe shijoni pamjen e re t\u00eb Instagram-it tuaj! \ud83c\udfa8\ud83d\udcf1\u2728<\/p>","protected":false},"excerpt":{"rendered":"<p>A nuk do t\u00eb ishte shum\u00eb mir\u00eb n\u00ebse do t\u00eb mund t\u00eb ndryshoje ngjyr\u00ebn e Instagram-it dhe ta b\u00ebje m\u00eb t\u00eb personalizuar dhe m\u00eb t\u00eb ngjash\u00ebm me ty? Zbuloje m\u00eb posht\u00eb. Instagram \u00ebsht\u00eb sigurisht nj\u00eb nga rrjetet sociale m\u00eb t\u00eb njohura\u2026 <\/p>","protected":false},"author":14,"featured_media":0,"comment_status":"closed","ping_status":"closed","sticky":false,"template":"","format":"standard","meta":{"footnotes":""},"categories":[1],"tags":[1256,1251,1245,1253,1255,1254,1247,1252,1241,1244],"class_list":["post-1882","post","type-post","status-publish","format-standard","hentry","category-uncategorized","tag-action-launcher","tag-apex-launcher","tag-color-change","tag-dark-mode","tag-friendly","tag-instander","tag-maki-plus","tag-mudar-a-cor-do-instagram","tag-nova-laucher","tag-stylish","latest_post"],"yoast_head":"<!-- This site is optimized with the Yoast SEO plugin v26.8 - https:\/\/yoast.com\/product\/yoast-seo-wordpress\/ -->\n<title>Mudar a Cor do Instagram - Economia Portal<\/title>\n<meta name=\"description\" content=\"N\u00e3o seria muito legal se pudesse Mudar a Cor do Instagram e deix\u00e1-lo personalizado e mais parecido com voc\u00ea? Saiba tudo abaixo.\" \/>\n<meta name=\"robots\" content=\"index, follow, max-snippet:-1, max-image-preview:large, max-video-preview:-1\" \/>\n<link rel=\"canonical\" href=\"https:\/\/economiaportal.com\/sq\/1882\/ndryshoni-ngjyren-e-instagramit\/\" \/>\n<meta property=\"og:locale\" content=\"sq_AL\" \/>\n<meta property=\"og:type\" content=\"article\" \/>\n<meta property=\"og:title\" content=\"Mudar a Cor do Instagram - Economia Portal\" \/>\n<meta property=\"og:description\" content=\"N\u00e3o seria muito legal se pudesse Mudar a Cor do Instagram e deix\u00e1-lo personalizado e mais parecido com voc\u00ea? Saiba tudo abaixo.\" \/>\n<meta property=\"og:url\" content=\"https:\/\/economiaportal.com\/sq\/1882\/ndryshoni-ngjyren-e-instagramit\/\" \/>\n<meta property=\"og:site_name\" content=\"Economia Portal\" \/>\n<meta property=\"article:published_time\" content=\"2025-03-04T14:22:45+00:00\" \/>\n<meta property=\"article:modified_time\" content=\"2025-03-04T14:22:46+00:00\" \/>\n<meta name=\"author\" content=\"admin\" \/>\n<meta name=\"twitter:card\" content=\"summary_large_image\" \/>\n<meta name=\"twitter:label1\" content=\"Written by\" \/>\n\t<meta name=\"twitter:data1\" content=\"admin\" \/>\n\t<meta name=\"twitter:label2\" content=\"Est. reading time\" \/>\n\t<meta name=\"twitter:data2\" content=\"5 minuta\" \/>\n<script type=\"application\/ld+json\" class=\"yoast-schema-graph\">{\"@context\":\"https:\/\/schema.org\",\"@graph\":[{\"@type\":\"Article\",\"@id\":\"https:\/\/economiaportal.com\/1882\/mudar-a-cor-do-instagram\/#article\",\"isPartOf\":{\"@id\":\"https:\/\/economiaportal.com\/1882\/mudar-a-cor-do-instagram\/\"},\"author\":{\"name\":\"admin\",\"@id\":\"https:\/\/economiaportal.com\/#\/schema\/person\/1633c7ca22d836a68c8907ef39e510f5\"},\"headline\":\"Mudar a Cor do Instagram\",\"datePublished\":\"2025-03-04T14:22:45+00:00\",\"dateModified\":\"2025-03-04T14:22:46+00:00\",\"mainEntityOfPage\":{\"@id\":\"https:\/\/economiaportal.com\/1882\/mudar-a-cor-do-instagram\/\"},\"wordCount\":908,\"publisher\":{\"@id\":\"https:\/\/economiaportal.com\/#organization\"},\"keywords\":[\"Action Launcher\",\"Apex launcher\",\"Color Change\",\"Dark mode\",\"Friendly\",\"Instander\",\"Maki plus\",\"Mudar a Cor do Instagram\",\"Nova laucher\",\"Stylish\"],\"articleSection\":[\"Uncategorized\"],\"inLanguage\":\"sq\"},{\"@type\":\"WebPage\",\"@id\":\"https:\/\/economiaportal.com\/1882\/mudar-a-cor-do-instagram\/\",\"url\":\"https:\/\/economiaportal.com\/1882\/mudar-a-cor-do-instagram\/\",\"name\":\"Mudar a Cor do Instagram - Economia Portal\",\"isPartOf\":{\"@id\":\"https:\/\/economiaportal.com\/#website\"},\"datePublished\":\"2025-03-04T14:22:45+00:00\",\"dateModified\":\"2025-03-04T14:22:46+00:00\",\"description\":\"N\u00e3o seria muito legal se pudesse Mudar a Cor do Instagram e deix\u00e1-lo personalizado e mais parecido com voc\u00ea? Saiba tudo abaixo.\",\"breadcrumb\":{\"@id\":\"https:\/\/economiaportal.com\/1882\/mudar-a-cor-do-instagram\/#breadcrumb\"},\"inLanguage\":\"sq\",\"potentialAction\":[{\"@type\":\"ReadAction\",\"target\":[\"https:\/\/economiaportal.com\/1882\/mudar-a-cor-do-instagram\/\"]}]},{\"@type\":\"BreadcrumbList\",\"@id\":\"https:\/\/economiaportal.com\/1882\/mudar-a-cor-do-instagram\/#breadcrumb\",\"itemListElement\":[{\"@type\":\"ListItem\",\"position\":1,\"name\":\"In\u00edcio\",\"item\":\"https:\/\/economiaportal.com\/\"},{\"@type\":\"ListItem\",\"position\":2,\"name\":\"Mudar a Cor do Instagram\"}]},{\"@type\":\"WebSite\",\"@id\":\"https:\/\/economiaportal.com\/#website\",\"url\":\"https:\/\/economiaportal.com\/\",\"name\":\"Economia Portal\",\"description\":\"\",\"publisher\":{\"@id\":\"https:\/\/economiaportal.com\/#organization\"},\"potentialAction\":[{\"@type\":\"SearchAction\",\"target\":{\"@type\":\"EntryPoint\",\"urlTemplate\":\"https:\/\/economiaportal.com\/?s={search_term_string}\"},\"query-input\":{\"@type\":\"PropertyValueSpecification\",\"valueRequired\":true,\"valueName\":\"search_term_string\"}}],\"inLanguage\":\"sq\"},{\"@type\":\"Organization\",\"@id\":\"https:\/\/economiaportal.com\/#organization\",\"name\":\"Economia Portal\",\"url\":\"https:\/\/economiaportal.com\/\",\"logo\":{\"@type\":\"ImageObject\",\"inLanguage\":\"sq\",\"@id\":\"https:\/\/economiaportal.com\/#\/schema\/logo\/image\/\",\"url\":\"https:\/\/economiaportal.com\/wp-content\/uploads\/2024\/07\/cropped-Design-sem-nome.jpg\",\"contentUrl\":\"https:\/\/economiaportal.com\/wp-content\/uploads\/2024\/07\/cropped-Design-sem-nome.jpg\",\"width\":161,\"height\":45,\"caption\":\"Economia Portal\"},\"image\":{\"@id\":\"https:\/\/economiaportal.com\/#\/schema\/logo\/image\/\"}},{\"@type\":\"Person\",\"@id\":\"https:\/\/economiaportal.com\/#\/schema\/person\/1633c7ca22d836a68c8907ef39e510f5\",\"name\":\"admin\",\"image\":{\"@type\":\"ImageObject\",\"inLanguage\":\"sq\",\"@id\":\"https:\/\/economiaportal.com\/#\/schema\/person\/image\/\",\"url\":\"https:\/\/economiaportal.com\/wp-content\/litespeed\/avatar\/d8bb0a0d516772e3dd31e2f3e00e93bf.jpg?ver=1777610515\",\"contentUrl\":\"https:\/\/economiaportal.com\/wp-content\/litespeed\/avatar\/d8bb0a0d516772e3dd31e2f3e00e93bf.jpg?ver=1777610515\",\"caption\":\"admin\"},\"url\":\"https:\/\/economiaportal.com\/sq\/author\/admin\/\"}]}<\/script>\n<!-- \/ Yoast SEO plugin. -->","yoast_head_json":{"title":"Ndryshoni Ngjyr\u00ebn e Instagramit - Portal Ekonomik","description":"A nuk do t\u00eb ishte shum\u00eb mir\u00eb n\u00ebse do t\u00eb mund t\u00eb ndryshoje ngjyr\u00ebn e Instagram-it t\u00ebnd dhe ta personalizoje at\u00eb p\u00ebr t\u00eb pasqyruar m\u00eb mir\u00eb personalitetin t\u00ebnd? Zbulo gjith\u00e7ka m\u00eb posht\u00eb.","robots":{"index":"index","follow":"follow","max-snippet":"max-snippet:-1","max-image-preview":"max-image-preview:large","max-video-preview":"max-video-preview:-1"},"canonical":"https:\/\/economiaportal.com\/sq\/1882\/ndryshoni-ngjyren-e-instagramit\/","og_locale":"sq_AL","og_type":"article","og_title":"Mudar a Cor do Instagram - Economia Portal","og_description":"N\u00e3o seria muito legal se pudesse Mudar a Cor do Instagram e deix\u00e1-lo personalizado e mais parecido com voc\u00ea? Saiba tudo abaixo.","og_url":"https:\/\/economiaportal.com\/sq\/1882\/ndryshoni-ngjyren-e-instagramit\/","og_site_name":"Economia Portal","article_published_time":"2025-03-04T14:22:45+00:00","article_modified_time":"2025-03-04T14:22:46+00:00","author":"admin","twitter_card":"summary_large_image","twitter_misc":{"Written by":"admin","Est. reading time":"5 minuta"},"schema":{"@context":"https:\/\/schema.org","@graph":[{"@type":"Article","@id":"https:\/\/economiaportal.com\/1882\/mudar-a-cor-do-instagram\/#article","isPartOf":{"@id":"https:\/\/economiaportal.com\/1882\/mudar-a-cor-do-instagram\/"},"author":{"name":"admin","@id":"https:\/\/economiaportal.com\/#\/schema\/person\/1633c7ca22d836a68c8907ef39e510f5"},"headline":"Mudar a Cor do Instagram","datePublished":"2025-03-04T14:22:45+00:00","dateModified":"2025-03-04T14:22:46+00:00","mainEntityOfPage":{"@id":"https:\/\/economiaportal.com\/1882\/mudar-a-cor-do-instagram\/"},"wordCount":908,"publisher":{"@id":"https:\/\/economiaportal.com\/#organization"},"keywords":["Action Launcher","Apex launcher","Color Change","Dark mode","Friendly","Instander","Maki plus","Mudar a Cor do Instagram","Nova laucher","Stylish"],"articleSection":["Uncategorized"],"inLanguage":"sq"},{"@type":"WebPage","@id":"https:\/\/economiaportal.com\/1882\/mudar-a-cor-do-instagram\/","url":"https:\/\/economiaportal.com\/1882\/mudar-a-cor-do-instagram\/","name":"Ndryshoni Ngjyr\u00ebn e Instagramit - Portal Ekonomik","isPartOf":{"@id":"https:\/\/economiaportal.com\/#website"},"datePublished":"2025-03-04T14:22:45+00:00","dateModified":"2025-03-04T14:22:46+00:00","description":"A nuk do t\u00eb ishte shum\u00eb mir\u00eb n\u00ebse do t\u00eb mund t\u00eb ndryshoje ngjyr\u00ebn e Instagram-it t\u00ebnd dhe ta personalizoje at\u00eb p\u00ebr t\u00eb pasqyruar m\u00eb mir\u00eb personalitetin t\u00ebnd? Zbulo gjith\u00e7ka m\u00eb posht\u00eb.","breadcrumb":{"@id":"https:\/\/economiaportal.com\/1882\/mudar-a-cor-do-instagram\/#breadcrumb"},"inLanguage":"sq","potentialAction":[{"@type":"ReadAction","target":["https:\/\/economiaportal.com\/1882\/mudar-a-cor-do-instagram\/"]}]},{"@type":"BreadcrumbList","@id":"https:\/\/economiaportal.com\/1882\/mudar-a-cor-do-instagram\/#breadcrumb","itemListElement":[{"@type":"ListItem","position":1,"name":"In\u00edcio","item":"https:\/\/economiaportal.com\/"},{"@type":"ListItem","position":2,"name":"Mudar a Cor do Instagram"}]},{"@type":"WebSite","@id":"https:\/\/economiaportal.com\/#website","url":"https:\/\/economiaportal.com\/","name":"Portali i Ekonomis\u00eb","description":"","publisher":{"@id":"https:\/\/economiaportal.com\/#organization"},"potentialAction":[{"@type":"SearchAction","target":{"@type":"EntryPoint","urlTemplate":"https:\/\/economiaportal.com\/?s={search_term_string}"},"query-input":{"@type":"PropertyValueSpecification","valueRequired":true,"valueName":"search_term_string"}}],"inLanguage":"sq"},{"@type":"Organization","@id":"https:\/\/economiaportal.com\/#organization","name":"Portali i Ekonomis\u00eb","url":"https:\/\/economiaportal.com\/","logo":{"@type":"ImageObject","inLanguage":"sq","@id":"https:\/\/economiaportal.com\/#\/schema\/logo\/image\/","url":"https:\/\/economiaportal.com\/wp-content\/uploads\/2024\/07\/cropped-Design-sem-nome.jpg","contentUrl":"https:\/\/economiaportal.com\/wp-content\/uploads\/2024\/07\/cropped-Design-sem-nome.jpg","width":161,"height":45,"caption":"Economia Portal"},"image":{"@id":"https:\/\/economiaportal.com\/#\/schema\/logo\/image\/"}},{"@type":"Person","@id":"https:\/\/economiaportal.com\/#\/schema\/person\/1633c7ca22d836a68c8907ef39e510f5","name":"administrator","image":{"@type":"ImageObject","inLanguage":"sq","@id":"https:\/\/economiaportal.com\/#\/schema\/person\/image\/","url":"https:\/\/economiaportal.com\/wp-content\/litespeed\/avatar\/d8bb0a0d516772e3dd31e2f3e00e93bf.jpg?ver=1777610515","contentUrl":"https:\/\/economiaportal.com\/wp-content\/litespeed\/avatar\/d8bb0a0d516772e3dd31e2f3e00e93bf.jpg?ver=1777610515","caption":"admin"},"url":"https:\/\/economiaportal.com\/sq\/author\/admin\/"}]}},"_links":{"self":[{"href":"https:\/\/economiaportal.com\/sq\/wp-json\/wp\/v2\/posts\/1882","targetHints":{"allow":["GET"]}}],"collection":[{"href":"https:\/\/economiaportal.com\/sq\/wp-json\/wp\/v2\/posts"}],"about":[{"href":"https:\/\/economiaportal.com\/sq\/wp-json\/wp\/v2\/types\/post"}],"author":[{"embeddable":true,"href":"https:\/\/economiaportal.com\/sq\/wp-json\/wp\/v2\/users\/14"}],"replies":[{"embeddable":true,"href":"https:\/\/economiaportal.com\/sq\/wp-json\/wp\/v2\/comments?post=1882"}],"version-history":[{"count":2,"href":"https:\/\/economiaportal.com\/sq\/wp-json\/wp\/v2\/posts\/1882\/revisions"}],"predecessor-version":[{"id":1884,"href":"https:\/\/economiaportal.com\/sq\/wp-json\/wp\/v2\/posts\/1882\/revisions\/1884"}],"wp:attachment":[{"href":"https:\/\/economiaportal.com\/sq\/wp-json\/wp\/v2\/media?parent=1882"}],"wp:term":[{"taxonomy":"category","embeddable":true,"href":"https:\/\/economiaportal.com\/sq\/wp-json\/wp\/v2\/categories?post=1882"},{"taxonomy":"post_tag","embeddable":true,"href":"https:\/\/economiaportal.com\/sq\/wp-json\/wp\/v2\/tags?post=1882"}],"curies":[{"name":"wp","href":"https:\/\/api.w.org\/{rel}","templated":true}]}}