{"id":2224,"date":"2025-04-25T14:28:02","date_gmt":"2025-04-25T11:28:02","guid":{"rendered":"https:\/\/economiaportal.com\/?p=2224"},"modified":"2025-04-25T14:28:02","modified_gmt":"2025-04-25T11:28:02","slug":"si-ta-ndiqni-funeralin-e-papa-franceskut","status":"publish","type":"post","link":"https:\/\/economiaportal.com\/sq\/2224\/como-assistir-ao-velorio-do-papa-francisco\/","title":{"rendered":"Si t\u00eb ndiqni zgjimin e Papa Fran\u00e7eskut"},"content":{"rendered":"<p>Zbulo <strong>Si t\u00eb ndiqni zgjimin e Papa Fran\u00e7eskut <\/strong>K\u00ebshilla p\u00ebr transmetime t\u00eb drejtp\u00ebrdrejta dhe aplikacione falas, transmetime t\u00eb drejtp\u00ebrdrejta, lexoni k\u00ebt\u00eb artikull dhe q\u00ebndroni t\u00eb informuar.<\/p>\n\n\n\n<style>\n.botao-container {\n    display: flex;\n    justify-content: center;\n    margin: 20px 0; \/* Espa\u00e7amento opcional *\/\n}\n\n.botao-estilizado {\n    display: inline-block;\n    padding: 12px 24px;\n    font-size: 18px;\n    font-weight: bold;\n    font-family: Arial, sans-serif; \/* Fonte Arial *\/\n    color: white;\n    background: linear-gradient(145deg, #FF3D00, #D32F2F); \/* Tons de vermelho vibrante *\/\n    border-radius: 8px;\n    box-shadow: 4px 4px 10px rgba(0, 0, 0, 0.2), \n                -2px -2px 5px rgba(255, 255, 255, 0.2);\n    text-decoration: none;\n    transition: all 0.3s ease-in-out;\n    text-align: center;\n}\n\n.botao-estilizado:hover {\n    background: linear-gradient(145deg, #D32F2F, #B71C1C); \/* Tom vermelho mais escuro no hover *\/\n    box-shadow: 2px 2px 8px rgba(0, 0, 0, 0.3), \n                -1px -1px 4px rgba(255, 255, 255, 0.1);\n    transform: translateY(-3px);\n}\n<\/style>\n\n<div class=\"botao-container\">\n    <a href=\"https:\/\/economiaportal.com\/sq\/\" class=\"botao-estilizado\">Shiko m\u00eb shum\u00eb<\/a>\n<\/div>\n\n\n\n\n<p>Zgjimi i Papa Fran\u00e7eskut \u00ebsht\u00eb nj\u00eb ngjarje me r\u00ebnd\u00ebsi t\u00eb madhe p\u00ebr katolik\u00ebt dhe admiruesit n\u00eb mbar\u00eb bot\u00ebn. <\/p>\n\n\n\n<p>Ceremonia do t\u00eb transmetohet drejtp\u00ebrdrejt dhe shum\u00eb njer\u00ebz po k\u00ebrkojn\u00eb m\u00ebnyra p\u00ebr ta par\u00eb t\u00eb gjith\u00ebn n\u00eb koh\u00eb reale, ve\u00e7an\u00ebrisht falas dhe pa nd\u00ebrlikime. <\/p>\n\n\n\n<p>N\u00eb k\u00ebt\u00eb artikull, do t\u00eb gjeni t\u00eb gjith\u00eb informacionin q\u00eb ju nevojitet p\u00ebr t\u00eb ndjekur eventin, duke p\u00ebrfshir\u00eb aplikacionet m\u00eb t\u00eb mira falas dhe lidhjet e testuara p\u00ebr transmetimin e drejtp\u00ebrdrejt\u00eb.<\/p>\n\n\n\n<h2 class=\"wp-block-heading\">Si ta shikoni Zgjimin e Papa Fran\u00e7eskut: Ku ta shikoni<\/h2>\n\n\n\n<p>Sigurisht q\u00eb nuk duhet t\u00eb humbisni asnj\u00eb moment t\u00eb k\u00ebsaj ngjarjeje historike. <\/p>\n\n\n\n<p>Ka disa m\u00ebnyra p\u00ebr ta ndjekur ceremonin\u00eb, si n\u00eb televizion ashtu edhe n\u00eb platformat dixhitale. <\/p>\n\n\n\n<p>Plus, nj\u00eb s\u00ebr\u00eb opsionesh aplikacionesh falas e b\u00ebjn\u00eb t\u00eb leht\u00eb aksesin n\u00eb transmetim nga kudo. <\/p>\n\n\n\n<p>M\u00eb posht\u00eb, ne rendisim opsionet kryesore:<\/p>\n\n\n\n<h3 class=\"wp-block-heading\">1. <strong>Aplikacioni i Vatikanit \u2013 Kanali Zyrtar<\/strong><\/h3>\n\n\n\n<p>I <strong>Aplikacioni i Vatikanit<\/strong> \u00ebsht\u00eb burimi kryesor i transmetimit nga Vatikani. <\/p>\n\n\n\n<p>N\u00eb dispozicion p\u00ebr <strong>Android<\/strong> dhe <strong>iOS<\/strong>, ky aplikacion ofron mbulim t\u00eb plot\u00eb t\u00eb zgjimit t\u00eb vdekjes dhe ngjarjeve t\u00eb tjera t\u00eb r\u00ebnd\u00ebsishme t\u00eb Kish\u00ebs Katolike. <\/p>\n\n\n\n<p>Duke e shkarkuar at\u00eb, do t\u00eb keni qasje n\u00eb transmetimin e drejtp\u00ebrdrejt\u00eb me cil\u00ebsi t\u00eb shk\u00eblqyer.<\/p>\n\n\n\n<h3 class=\"wp-block-heading\">2. <strong>YouTube \u2013 Kanali Zyrtar i Vatikanit<\/strong><\/h3>\n\n\n\n<p>Platforma video m\u00eb e njohur n\u00eb bot\u00eb do ta transmetoj\u00eb gjithashtu ceremonin\u00eb drejtp\u00ebrdrejt. <\/p>\n\n\n\n<p>I <strong>Kanali zyrtar i Vatikanit n\u00eb YouTube<\/strong> ofron mbulim t\u00eb pand\u00ebrprer\u00eb, me p\u00ebrkthim n\u00eb shum\u00eb gjuh\u00eb. P\u00ebr ta shikuar, thjesht hyni n\u00eb kanal dhe prisni q\u00eb t\u00eb filloj\u00eb transmetimi.<\/p>\n\n\n\n<ul class=\"wp-block-list\">\n<li><strong>Lidhja p\u00ebr kanalin:<\/strong>\n<ul class=\"wp-block-list\">\n<li><a href=\"https:\/\/www.youtube.com\/user\/vatican\">Kanali i Vatikanit n\u00eb YouTube<\/a><\/li>\n<\/ul>\n<\/li>\n<\/ul>\n\n\n\n<h3 class=\"wp-block-heading\">3. <strong>TV Katolike<\/strong><\/h3>\n\n\n\n<p>I <strong>TV Katolike<\/strong> \u00cbsht\u00eb nj\u00eb mund\u00ebsi e shk\u00eblqyer p\u00ebr ata q\u00eb k\u00ebrkojn\u00eb nj\u00eb transmetim t\u00eb plot\u00eb, me komente dhe mbulim t\u00eb drejtp\u00ebrdrejt\u00eb. <\/p>\n\n\n\n<p>Ky sh\u00ebrbim mund t\u00eb aksesohet edhe p\u00ebrmes aplikacioneve specifike p\u00ebr pajisjet mobile.<\/p>\n\n\n\n<h2 class=\"wp-block-heading\">Si t\u00eb merrni pjes\u00eb n\u00eb nj\u00eb zgjim falas dhe leht\u00eb<\/h2>\n\n\n\n<p>Tani q\u00eb i dini aplikacionet m\u00eb t\u00eb mira p\u00ebr t\u00eb par\u00eb ceremonin\u00eb e varrimit t\u00eb Papa Fran\u00e7eskut, do t\u00eb ndajm\u00eb disa k\u00ebshilla p\u00ebr t&#039;u siguruar q\u00eb ta shijoni p\u00ebrvoj\u00ebn pa probleme t\u00eb papritura.<\/p>\n\n\n\n<h3 class=\"wp-block-heading\">Sigurohuni q\u00eb keni nj\u00eb lidhje t\u00eb q\u00ebndrueshme<\/h3>\n\n\n\n<p>P\u00ebr t\u00eb mos humbur asnj\u00eb transmetim, \u00ebsht\u00eb thelb\u00ebsore t\u00eb siguroheni q\u00eb <strong>lidhje e q\u00ebndrueshme n\u00eb internet<\/strong>. <\/p>\n\n\n\n<p>N\u00ebse p\u00ebrdorni nj\u00eb telefon celular, sigurohuni q\u00eb Wi-Fi juaj t\u00eb funksionoj\u00eb si\u00e7 duhet dhe q\u00eb t\u00eb keni mbulim t\u00eb t\u00eb dh\u00ebnave celulare n\u00ebse \u00ebsht\u00eb e nevojshme. <\/p>\n\n\n\n<p>Megjithat\u00eb, nj\u00eb lidhje e mir\u00eb siguron transmetim t\u00eb pand\u00ebrprer\u00eb.<\/p>\n\n\n\n<h3 class=\"wp-block-heading\">P\u00ebrgatituni paraprakisht<\/h3>\n\n\n\n<p>Pra, sigurohuni q\u00eb t&#039;i shkarkoni aplikacionet paraprakisht p\u00ebr t\u00eb shmangur \u00e7do problem gjat\u00eb transmetimit. <\/p>\n\n\n\n<p>Kjo \u00ebsht\u00eb ve\u00e7an\u00ebrisht e r\u00ebnd\u00ebsishme p\u00ebr ata q\u00eb planifikojn\u00eb t\u00eb shikojn\u00eb nga pajisje q\u00eb nuk i p\u00ebrdorin shpesh. Duke vepruar k\u00ebshtu, do t\u00eb shmangni vonesat n\u00eb lidhje.<\/p>\n\n\n\n<h3 class=\"wp-block-heading\">Kontrolloni koh\u00ebn e ceremonis\u00eb<\/h3>\n\n\n\n<p>Megjithat\u00eb, ceremonia e zgjimit t\u00eb Papa Fran\u00e7eskut do t\u00eb ndjek\u00eb nj\u00eb orar t\u00eb rrept\u00eb dhe oraret mund t\u00eb ndryshojn\u00eb n\u00eb var\u00ebsi t\u00eb zon\u00ebs kohore. <\/p>\n\n\n\n<p>Pra, sigurohuni q\u00eb t\u00eb rregulloni koh\u00ebn p\u00ebr vendndodhjen tuaj dhe sigurohuni q\u00eb t\u00eb jeni gati ta ndiqni ngjarjen n\u00eb koh\u00eb reale.<\/p>\n\n\n\n<h2 class=\"wp-block-heading\">P\u00ebrfundim: Ndiqni gjurm\u00ebt dhe q\u00ebndroni t\u00eb lidhur<\/h2>\n\n\n\n<p>Shkurt, ceremonia e p\u00ebrkujtimit t\u00eb Papa Fran\u00e7eskut do t\u00eb jet\u00eb nj\u00eb ngjarje e transmetuar drejtp\u00ebrdrejt, e arritshme dhe falas p\u00ebr t\u00eb gjith\u00eb. <\/p>\n\n\n\n<p>Megjithat\u00eb, duke p\u00ebrdorur nj\u00eb nga aplikacionet ose kanalet zyrtare t\u00eb rekomanduara, do t\u00eb jeni n\u00eb gjendje ta shikoni eventin falas dhe pa asnj\u00eb problem. <\/p>\n\n\n\n<p>Pra, mos harroni t\u00eb p\u00ebrgatiteni paraprakisht, t\u00eb rregulloni lidhjen tuaj dhe t\u00eb jeni t\u00eb vet\u00ebdijsh\u00ebm p\u00ebr orarin p\u00ebr t\u00eb siguruar nj\u00eb p\u00ebrvoj\u00eb t\u00eb qet\u00eb.<\/p>\n\n\n\n<p>Tani, thjesht zgjidhni platform\u00ebn tuaj t\u00eb preferuar t\u00eb transmetimit dhe p\u00ebrgatituni p\u00ebr k\u00ebt\u00eb ngjarje q\u00eb do t\u00eb hyj\u00eb n\u00eb histori.<\/p>\n\n\n\n<p><\/p>","protected":false},"excerpt":{"rendered":"<p>Zbuloni Si ta Shikoni Zgjimin e Papa Fran\u00e7eskut Drejtp\u00ebrdrejt. K\u00ebshilla dhe Aplikacione Falas, Transmetime Drejtp\u00ebrdrejt, Lexoni k\u00ebt\u00eb Artikull dhe Q\u00ebndroni t\u00eb Informuar. Shihni M\u00eb Shum\u00eb. Zgjimi i Papa Fran\u00e7eskut... <\/p>","protected":false},"author":19,"featured_media":0,"comment_status":"closed","ping_status":"closed","sticky":false,"template":"","format":"standard","meta":{"footnotes":""},"categories":[6],"tags":[439,1478,1479,1400,1404,1480],"class_list":["post-2224","post","type-post","status-publish","format-standard","hentry","category-apps","tag-aplicativo","tag-como-assistir-ao-velorio-do-papa-francisco","tag-despedida","tag-papa-francisco","tag-tv-aparecida","tag-velorio","latest_post"],"yoast_head":"<!-- This site is optimized with the Yoast SEO plugin v26.8 - https:\/\/yoast.com\/product\/yoast-seo-wordpress\/ -->\n<title>Como Assistir ao Vel\u00f3rio do Papa Francisco - Economia Portal<\/title>\n<meta name=\"description\" content=\"Descubra Como Assistir ao Vel\u00f3rio do Papa Francisco ao Vivo Dicas e Aplicativos Gratuitos, Transmiss\u00f5es Ao Vivo, Leia Este Artigo\" \/>\n<meta name=\"robots\" content=\"index, follow, max-snippet:-1, max-image-preview:large, max-video-preview:-1\" \/>\n<link rel=\"canonical\" href=\"https:\/\/economiaportal.com\/sq\/2224\/si-ta-ndiqni-funeralin-e-papa-franceskut\/\" \/>\n<meta property=\"og:locale\" content=\"sq_AL\" \/>\n<meta property=\"og:type\" content=\"article\" \/>\n<meta property=\"og:title\" content=\"Como Assistir ao Vel\u00f3rio do Papa Francisco - Economia Portal\" \/>\n<meta property=\"og:description\" content=\"Descubra Como Assistir ao Vel\u00f3rio do Papa Francisco ao Vivo Dicas e Aplicativos Gratuitos, Transmiss\u00f5es Ao Vivo, Leia Este Artigo\" \/>\n<meta property=\"og:url\" content=\"https:\/\/economiaportal.com\/sq\/2224\/si-ta-ndiqni-funeralin-e-papa-franceskut\/\" \/>\n<meta property=\"og:site_name\" content=\"Economia Portal\" \/>\n<meta property=\"article:published_time\" content=\"2025-04-25T11:28:02+00:00\" \/>\n<meta name=\"author\" content=\"Isaac\" \/>\n<meta name=\"twitter:card\" content=\"summary_large_image\" \/>\n<meta name=\"twitter:label1\" content=\"Written by\" \/>\n\t<meta name=\"twitter:data1\" content=\"Isaac\" \/>\n\t<meta name=\"twitter:label2\" content=\"Est. reading time\" \/>\n\t<meta name=\"twitter:data2\" content=\"4 minuta\" \/>\n<script type=\"application\/ld+json\" class=\"yoast-schema-graph\">{\"@context\":\"https:\/\/schema.org\",\"@graph\":[{\"@type\":\"Article\",\"@id\":\"https:\/\/economiaportal.com\/2224\/como-assistir-ao-velorio-do-papa-francisco\/#article\",\"isPartOf\":{\"@id\":\"https:\/\/economiaportal.com\/2224\/como-assistir-ao-velorio-do-papa-francisco\/\"},\"author\":{\"name\":\"Isaac\",\"@id\":\"https:\/\/economiaportal.com\/#\/schema\/person\/9330abe31ca5cda123112e1767c9a0bc\"},\"headline\":\"Como Assistir ao Vel\u00f3rio do Papa Francisco\",\"datePublished\":\"2025-04-25T11:28:02+00:00\",\"mainEntityOfPage\":{\"@id\":\"https:\/\/economiaportal.com\/2224\/como-assistir-ao-velorio-do-papa-francisco\/\"},\"wordCount\":638,\"publisher\":{\"@id\":\"https:\/\/economiaportal.com\/#organization\"},\"keywords\":[\"aplicativo\",\"Como Assistir ao Vel\u00f3rio do Papa Francisco\",\"despedida\",\"Papa Francisco\",\"tv aparecida\",\"velorio\"],\"articleSection\":[\"Apps\"],\"inLanguage\":\"sq\"},{\"@type\":\"WebPage\",\"@id\":\"https:\/\/economiaportal.com\/2224\/como-assistir-ao-velorio-do-papa-francisco\/\",\"url\":\"https:\/\/economiaportal.com\/2224\/como-assistir-ao-velorio-do-papa-francisco\/\",\"name\":\"Como Assistir ao Vel\u00f3rio do Papa Francisco - Economia Portal\",\"isPartOf\":{\"@id\":\"https:\/\/economiaportal.com\/#website\"},\"datePublished\":\"2025-04-25T11:28:02+00:00\",\"description\":\"Descubra Como Assistir ao Vel\u00f3rio do Papa Francisco ao Vivo Dicas e Aplicativos Gratuitos, Transmiss\u00f5es Ao Vivo, Leia Este Artigo\",\"breadcrumb\":{\"@id\":\"https:\/\/economiaportal.com\/2224\/como-assistir-ao-velorio-do-papa-francisco\/#breadcrumb\"},\"inLanguage\":\"sq\",\"potentialAction\":[{\"@type\":\"ReadAction\",\"target\":[\"https:\/\/economiaportal.com\/2224\/como-assistir-ao-velorio-do-papa-francisco\/\"]}]},{\"@type\":\"BreadcrumbList\",\"@id\":\"https:\/\/economiaportal.com\/2224\/como-assistir-ao-velorio-do-papa-francisco\/#breadcrumb\",\"itemListElement\":[{\"@type\":\"ListItem\",\"position\":1,\"name\":\"In\u00edcio\",\"item\":\"https:\/\/economiaportal.com\/\"},{\"@type\":\"ListItem\",\"position\":2,\"name\":\"Como Assistir ao Vel\u00f3rio do Papa Francisco\"}]},{\"@type\":\"WebSite\",\"@id\":\"https:\/\/economiaportal.com\/#website\",\"url\":\"https:\/\/economiaportal.com\/\",\"name\":\"Economia Portal\",\"description\":\"\",\"publisher\":{\"@id\":\"https:\/\/economiaportal.com\/#organization\"},\"potentialAction\":[{\"@type\":\"SearchAction\",\"target\":{\"@type\":\"EntryPoint\",\"urlTemplate\":\"https:\/\/economiaportal.com\/?s={search_term_string}\"},\"query-input\":{\"@type\":\"PropertyValueSpecification\",\"valueRequired\":true,\"valueName\":\"search_term_string\"}}],\"inLanguage\":\"sq\"},{\"@type\":\"Organization\",\"@id\":\"https:\/\/economiaportal.com\/#organization\",\"name\":\"Economia Portal\",\"url\":\"https:\/\/economiaportal.com\/\",\"logo\":{\"@type\":\"ImageObject\",\"inLanguage\":\"sq\",\"@id\":\"https:\/\/economiaportal.com\/#\/schema\/logo\/image\/\",\"url\":\"https:\/\/economiaportal.com\/wp-content\/uploads\/2024\/07\/cropped-Design-sem-nome.jpg\",\"contentUrl\":\"https:\/\/economiaportal.com\/wp-content\/uploads\/2024\/07\/cropped-Design-sem-nome.jpg\",\"width\":161,\"height\":45,\"caption\":\"Economia Portal\"},\"image\":{\"@id\":\"https:\/\/economiaportal.com\/#\/schema\/logo\/image\/\"}},{\"@type\":\"Person\",\"@id\":\"https:\/\/economiaportal.com\/#\/schema\/person\/9330abe31ca5cda123112e1767c9a0bc\",\"name\":\"Isaac\",\"image\":{\"@type\":\"ImageObject\",\"inLanguage\":\"sq\",\"@id\":\"https:\/\/economiaportal.com\/#\/schema\/person\/image\/\",\"url\":\"https:\/\/economiaportal.com\/wp-content\/litespeed\/avatar\/af70d796a465de0de2b395cc700a1b9e.jpg?ver=1777030835\",\"contentUrl\":\"https:\/\/economiaportal.com\/wp-content\/litespeed\/avatar\/af70d796a465de0de2b395cc700a1b9e.jpg?ver=1777030835\",\"caption\":\"Isaac\"},\"url\":\"https:\/\/economiaportal.com\/sq\/author\/isaac\/\"}]}<\/script>\n<!-- \/ Yoast SEO plugin. -->","yoast_head_json":{"title":"Si ta ndiqni funeralin e Papa Fran\u00e7eskut - Portal Ekonomie","description":"Zbuloni Si ta Shikoni Funeralin e Papa Fran\u00e7eskut Drejtp\u00ebrdrejt: K\u00ebshilla dhe Aplikacione Falas, Transmetime t\u00eb Drejtp\u00ebrdrejta. Lexoni k\u00ebt\u00eb Artikull.","robots":{"index":"index","follow":"follow","max-snippet":"max-snippet:-1","max-image-preview":"max-image-preview:large","max-video-preview":"max-video-preview:-1"},"canonical":"https:\/\/economiaportal.com\/sq\/2224\/si-ta-ndiqni-funeralin-e-papa-franceskut\/","og_locale":"sq_AL","og_type":"article","og_title":"Como Assistir ao Vel\u00f3rio do Papa Francisco - Economia Portal","og_description":"Descubra Como Assistir ao Vel\u00f3rio do Papa Francisco ao Vivo Dicas e Aplicativos Gratuitos, Transmiss\u00f5es Ao Vivo, Leia Este Artigo","og_url":"https:\/\/economiaportal.com\/sq\/2224\/si-ta-ndiqni-funeralin-e-papa-franceskut\/","og_site_name":"Economia Portal","article_published_time":"2025-04-25T11:28:02+00:00","author":"Isaac","twitter_card":"summary_large_image","twitter_misc":{"Written by":"Isaac","Est. reading time":"4 minuta"},"schema":{"@context":"https:\/\/schema.org","@graph":[{"@type":"Article","@id":"https:\/\/economiaportal.com\/2224\/como-assistir-ao-velorio-do-papa-francisco\/#article","isPartOf":{"@id":"https:\/\/economiaportal.com\/2224\/como-assistir-ao-velorio-do-papa-francisco\/"},"author":{"name":"Isaac","@id":"https:\/\/economiaportal.com\/#\/schema\/person\/9330abe31ca5cda123112e1767c9a0bc"},"headline":"Como Assistir ao Vel\u00f3rio do Papa Francisco","datePublished":"2025-04-25T11:28:02+00:00","mainEntityOfPage":{"@id":"https:\/\/economiaportal.com\/2224\/como-assistir-ao-velorio-do-papa-francisco\/"},"wordCount":638,"publisher":{"@id":"https:\/\/economiaportal.com\/#organization"},"keywords":["aplicativo","Como Assistir ao Vel\u00f3rio do Papa Francisco","despedida","Papa Francisco","tv aparecida","velorio"],"articleSection":["Apps"],"inLanguage":"sq"},{"@type":"WebPage","@id":"https:\/\/economiaportal.com\/2224\/como-assistir-ao-velorio-do-papa-francisco\/","url":"https:\/\/economiaportal.com\/2224\/como-assistir-ao-velorio-do-papa-francisco\/","name":"Si ta ndiqni funeralin e Papa Fran\u00e7eskut - Portal Ekonomie","isPartOf":{"@id":"https:\/\/economiaportal.com\/#website"},"datePublished":"2025-04-25T11:28:02+00:00","description":"Zbuloni Si ta Shikoni Funeralin e Papa Fran\u00e7eskut Drejtp\u00ebrdrejt: K\u00ebshilla dhe Aplikacione Falas, Transmetime t\u00eb Drejtp\u00ebrdrejta. Lexoni k\u00ebt\u00eb Artikull.","breadcrumb":{"@id":"https:\/\/economiaportal.com\/2224\/como-assistir-ao-velorio-do-papa-francisco\/#breadcrumb"},"inLanguage":"sq","potentialAction":[{"@type":"ReadAction","target":["https:\/\/economiaportal.com\/2224\/como-assistir-ao-velorio-do-papa-francisco\/"]}]},{"@type":"BreadcrumbList","@id":"https:\/\/economiaportal.com\/2224\/como-assistir-ao-velorio-do-papa-francisco\/#breadcrumb","itemListElement":[{"@type":"ListItem","position":1,"name":"In\u00edcio","item":"https:\/\/economiaportal.com\/"},{"@type":"ListItem","position":2,"name":"Como Assistir ao Vel\u00f3rio do Papa Francisco"}]},{"@type":"WebSite","@id":"https:\/\/economiaportal.com\/#website","url":"https:\/\/economiaportal.com\/","name":"Portali i Ekonomis\u00eb","description":"","publisher":{"@id":"https:\/\/economiaportal.com\/#organization"},"potentialAction":[{"@type":"SearchAction","target":{"@type":"EntryPoint","urlTemplate":"https:\/\/economiaportal.com\/?s={search_term_string}"},"query-input":{"@type":"PropertyValueSpecification","valueRequired":true,"valueName":"search_term_string"}}],"inLanguage":"sq"},{"@type":"Organization","@id":"https:\/\/economiaportal.com\/#organization","name":"Portali i Ekonomis\u00eb","url":"https:\/\/economiaportal.com\/","logo":{"@type":"ImageObject","inLanguage":"sq","@id":"https:\/\/economiaportal.com\/#\/schema\/logo\/image\/","url":"https:\/\/economiaportal.com\/wp-content\/uploads\/2024\/07\/cropped-Design-sem-nome.jpg","contentUrl":"https:\/\/economiaportal.com\/wp-content\/uploads\/2024\/07\/cropped-Design-sem-nome.jpg","width":161,"height":45,"caption":"Economia Portal"},"image":{"@id":"https:\/\/economiaportal.com\/#\/schema\/logo\/image\/"}},{"@type":"Person","@id":"https:\/\/economiaportal.com\/#\/schema\/person\/9330abe31ca5cda123112e1767c9a0bc","name":"Isaku","image":{"@type":"ImageObject","inLanguage":"sq","@id":"https:\/\/economiaportal.com\/#\/schema\/person\/image\/","url":"https:\/\/economiaportal.com\/wp-content\/litespeed\/avatar\/af70d796a465de0de2b395cc700a1b9e.jpg?ver=1777030835","contentUrl":"https:\/\/economiaportal.com\/wp-content\/litespeed\/avatar\/af70d796a465de0de2b395cc700a1b9e.jpg?ver=1777030835","caption":"Isaac"},"url":"https:\/\/economiaportal.com\/sq\/author\/isaac\/"}]}},"_links":{"self":[{"href":"https:\/\/economiaportal.com\/sq\/wp-json\/wp\/v2\/posts\/2224","targetHints":{"allow":["GET"]}}],"collection":[{"href":"https:\/\/economiaportal.com\/sq\/wp-json\/wp\/v2\/posts"}],"about":[{"href":"https:\/\/economiaportal.com\/sq\/wp-json\/wp\/v2\/types\/post"}],"author":[{"embeddable":true,"href":"https:\/\/economiaportal.com\/sq\/wp-json\/wp\/v2\/users\/19"}],"replies":[{"embeddable":true,"href":"https:\/\/economiaportal.com\/sq\/wp-json\/wp\/v2\/comments?post=2224"}],"version-history":[{"count":2,"href":"https:\/\/economiaportal.com\/sq\/wp-json\/wp\/v2\/posts\/2224\/revisions"}],"predecessor-version":[{"id":2230,"href":"https:\/\/economiaportal.com\/sq\/wp-json\/wp\/v2\/posts\/2224\/revisions\/2230"}],"wp:attachment":[{"href":"https:\/\/economiaportal.com\/sq\/wp-json\/wp\/v2\/media?parent=2224"}],"wp:term":[{"taxonomy":"category","embeddable":true,"href":"https:\/\/economiaportal.com\/sq\/wp-json\/wp\/v2\/categories?post=2224"},{"taxonomy":"post_tag","embeddable":true,"href":"https:\/\/economiaportal.com\/sq\/wp-json\/wp\/v2\/tags?post=2224"}],"curies":[{"name":"wp","href":"https:\/\/api.w.org\/{rel}","templated":true}]}}