{"id":688,"date":"2023-06-12T17:18:22","date_gmt":"2023-06-12T14:18:22","guid":{"rendered":"https:\/\/economiaportal.com\/?p=688"},"modified":"2023-06-15T15:14:02","modified_gmt":"2023-06-15T12:14:02","slug":"projekti-i-femijes-se-lumtur","status":"publish","type":"post","link":"https:\/\/economiaportal.com\/sq\/688\/projeto-crianca-feliz\/","title":{"rendered":"Projekti \u201cF\u00ebmij\u00eb i lumtur\u201d"},"content":{"rendered":"<p>A e dinit se Qeveria Federale ka nj\u00eb <strong>Programi Social<\/strong> specifike p\u00ebr ju q\u00eb jeni shtatz\u00ebn\u00eb ose keni nj\u00eb f\u00ebmij\u00eb t\u00eb vog\u00ebl?<strong> Projekti i F\u00ebmij\u00ebs s\u00eb Lumtur<\/strong>.<br><br>Do t&#039;ju tregojm\u00eb p\u00ebr t\u00eb gjitha p\u00ebrfitimet dhe si t\u00eb regjistroheni n\u00eb k\u00ebt\u00eb program.&nbsp;<\/p>\n\n\n\n<p>Zhvillimi i sh\u00ebndetsh\u00ebm i f\u00ebmij\u00ebve \u00ebsht\u00eb nj\u00eb nga shtyllat themelore p\u00ebr nd\u00ebrtimin e nj\u00eb shoq\u00ebrie t\u00eb begat\u00eb dhe t\u00eb barabart\u00eb.<\/p>\n\n\n\n<p>&nbsp;Duke e njohur k\u00ebt\u00eb, qeveria nisi projektin \u201cF\u00ebmij\u00eb i Lumtur\u201d, nj\u00eb iniciativ\u00eb inovative dhe gjith\u00ebp\u00ebrfshir\u00ebse q\u00eb synon t\u00eb promovoj\u00eb mir\u00ebqenien dhe zhvillimin integral t\u00eb f\u00ebmij\u00ebve t\u00eb mosh\u00ebs 0 deri n\u00eb 6 vje\u00e7.&nbsp;<\/p>\n\n\n\n<p>N\u00eb k\u00ebt\u00eb artikull, do t\u00eb shqyrtojm\u00eb objektivat, strategjit\u00eb dhe p\u00ebrfitimet kryesore t\u00eb projektit &quot;<strong>F\u00ebmij\u00eb i lumtur<\/strong>\u201c&quot;.<\/p>\n\n\n\n<h2 class=\"wp-block-heading\">Objektivat e Projektit<\/h2>\n\n\n\n<p>Projekti \u201cF\u00ebmij\u00eb i Lumtur\u201d ka si objektiv kryesor ofrimin <strong>mb\u00ebshtetje dhe udh\u00ebzime p\u00ebr familjet<\/strong> n\u00eb nj\u00eb situat\u00eb t\u00eb <strong>cenueshm\u00ebria socioekonomike<\/strong>.<\/p>\n\n\n\n<p>Synimi \u00ebsht\u00eb p\u00ebrmir\u00ebsimi i kushteve t\u00eb jetes\u00ebs s\u00eb f\u00ebmij\u00ebve dhe ofrimi i stimulimit t\u00eb p\u00ebrshtatsh\u00ebm p\u00ebr zhvillimin e tyre. Objektivat kryesore t\u00eb projektit p\u00ebrfshijn\u00eb:<\/p>\n\n\n\n<ol class=\"wp-block-list\">\n<li>Stimulim i p\u00ebrshtatsh\u00ebm: Ofroni f\u00ebmij\u00ebve nj\u00eb mjedis t\u00eb pasur me stimuj, duke nxitur zhvillimin e tyre kognitiv, socio-emocional dhe motorik.<\/li>\n<\/ol>\n\n\n\n<ol class=\"wp-block-list\" start=\"2\">\n<li>Kujdes sh\u00ebndet\u00ebsor gjith\u00ebp\u00ebrfshir\u00ebs: Siguroni aksesin e f\u00ebmij\u00ebve n\u00eb sh\u00ebrbime sh\u00ebndet\u00ebsore, monitorim mjek\u00ebsor, vaksinim dhe udh\u00ebzime mbi<strong> ushqyerja me gji<\/strong> dhe t\u00eb ushqyerit e sh\u00ebndetsh\u00ebm.<\/li>\n<\/ol>\n\n\n\n<ol class=\"wp-block-list\" start=\"3\">\n<li>Forcimi i lidhjeve familjare: Nxitja e nd\u00ebrveprimit dhe pjes\u00ebmarrjes s\u00eb prind\u00ebrve ose kujdestar\u00ebve n\u00eb zhvillimin e f\u00ebmij\u00ebve, forcimin e lidhjeve familjare dhe<strong> kujdes afektiv.<\/strong><\/li>\n<\/ol>\n\n\n\n<ol class=\"wp-block-list\" start=\"4\">\n<li>Monitorimi pedagogjik: Megjithat\u00eb, mb\u00ebshtetja e zhvillimit arsimor t\u00eb f\u00ebmij\u00ebve, p\u00ebrgatitja e tyre p\u00ebr hyrjen n\u00eb shkoll\u00eb dhe monitorimi i progresit t\u00eb tyre. <strong>performanc\u00eb akademike.<\/strong><\/li>\n<\/ol>\n\n\n\n<h2 class=\"wp-block-heading\">Strategjit\u00eb e Projektit<\/h2>\n\n\n\n<p>P\u00ebr t\u00eb arritur q\u00ebllimet e tij, projekti \u201cF\u00ebmij\u00eb i Lumtur\u201d p\u00ebrdor strategji efektive dhe t\u00eb bazuara n\u00eb prova. Disa nga strategjit\u00eb kryesore t\u00eb zbatuara jan\u00eb:<\/p>\n\n\n\n<ol class=\"wp-block-list\">\n<li>Vizita n\u00eb sht\u00ebpi: Profesionist\u00eb t\u00eb trajnuar vizitojn\u00eb familjet p\u00ebr t\u00eb ofruar udh\u00ebzime dhe aktivitete stimuluese t\u00eb p\u00ebrshtatshme p\u00ebr <strong>zhvillimi i f\u00ebmij\u00ebs<\/strong>.<\/li>\n<\/ol>\n\n\n\n<ol class=\"wp-block-list\" start=\"2\">\n<li>Trajnim profesional: Trajnimi ofrohet p\u00ebr profesionist\u00ebt q\u00eb punojn\u00eb drejtp\u00ebrdrejt me f\u00ebmij\u00ebt dhe familjet, <strong>punonj\u00ebs social\u00eb, psikolog\u00eb<\/strong> dhe pedagog\u00eb, p\u00ebr t\u00eb siguruar cil\u00ebsin\u00eb e sh\u00ebrbimeve t\u00eb ofruara.<\/li>\n<\/ol>\n\n\n\n<ol class=\"wp-block-list\" start=\"3\">\n<li>Artikulimi nd\u00ebrsektorial: Projekti synon t\u00eb krijoj\u00eb partneritete midis sektor\u00ebve t\u00eb ndrysh\u00ebm qeveritar\u00eb dhe organizatave t\u00eb shoq\u00ebris\u00eb civile me q\u00ebllim integrimin e p\u00ebrpjekjeve dhe burimeve p\u00ebr t\u00eb p\u00ebrmbushur m\u00eb mir\u00eb nevojat e f\u00ebmij\u00ebve dhe familjeve t\u00eb tyre.<\/li>\n<\/ol>\n\n\n\n<h2 class=\"wp-block-heading\">P\u00ebrfitimet e Projektit &quot;F\u00ebmij\u00eb i Lumtur&quot;<\/h2>\n\n\n\n<p>Projekti \u201cF\u00ebmij\u00eb i Lumtur\u201d ka potencialin t\u00eb gjeneroj\u00eb nj\u00eb s\u00ebr\u00eb p\u00ebrfitimesh t\u00eb r\u00ebnd\u00ebsishme p\u00ebr f\u00ebmij\u00ebt dhe shoq\u00ebrin\u00eb n\u00eb t\u00ebr\u00ebsi. Disa nga p\u00ebrfitimet e v\u00ebrejtura jan\u00eb:<\/p>\n\n\n\n<ol class=\"wp-block-list\">\n<li>Zhvillimi i plot\u00eb i f\u00ebmij\u00ebve: Duke promovuar stimuj t\u00eb p\u00ebrshtatsh\u00ebm dhe monitorim gjith\u00ebp\u00ebrfshir\u00ebs, projekti kontribuon n\u00eb zhvillimin fizik, njoh\u00ebs, emocional dhe social t\u00eb f\u00ebmij\u00ebve, duke i p\u00ebrgatitur ata p\u00ebr nj\u00eb t\u00eb ardhme m\u00eb premtuese.<\/li>\n<\/ol>\n\n\n\n<ol class=\"wp-block-list\" start=\"2\">\n<li><strong>Zvog\u00eblimi i pabarazive<\/strong>Projekti i jep p\u00ebrpar\u00ebsi familjeve n\u00eb situata t\u00eb <strong>cenueshm\u00ebria socioekonomike<\/strong>, duke vepruar drejtp\u00ebrdrejt p\u00ebr t\u00eb zvog\u00ebluar pabarazit\u00eb dhe duke promovuar mund\u00ebsi m\u00eb t\u00eb barabarta q\u00eb nga f\u00ebmij\u00ebria e hershme.<\/li>\n<\/ol>\n\n\n\n<ol class=\"wp-block-list\" start=\"3\">\n<li>Forcimi i lidhjeve familjare: Duke p\u00ebrfshir\u00eb prind\u00ebrit ose kujdestar\u00ebt n\u00eb procesin e zhvillimit t\u00eb f\u00ebmij\u00ebve.<br>K\u00ebshtu, projekti forcon lidhjet familjare dhe promovon nd\u00ebrtimin e nj\u00eb familjeje t\u00eb sh\u00ebndetshme dhe <strong>afektiv<\/strong>.<\/li>\n<\/ol>\n\n\n\n<ol class=\"wp-block-list\" start=\"4\">\n<li>Parandalimi i problemeve n\u00eb t\u00eb ardhmen: Investimi n\u00eb f\u00ebmij\u00ebrin\u00eb e hershme \u00ebsht\u00eb nj\u00eb strategji efektive p\u00ebr parandalimin e problemeve n\u00eb t\u00eb ardhmen, si\u00e7 jan\u00eb braktisja e shkoll\u00ebs, krimi dhe pabarazia e mund\u00ebsive.<\/li>\n<\/ol>\n\n\n\n<figure class=\"wp-block-pullquote\"><blockquote><p><a href=\"https:\/\/economiaportal.com\/sq\/468\/tarife-sociale-e-energjise-elektrike\/\">Tarifa Sociale e Energjis\u00eb Elektrike<\/a><\/p><cite>Lajme<\/cite><\/blockquote><\/figure>\n\n\n\n<p>I <strong>Projekti \u201cF\u00ebmij\u00eb i lumtur\u201d<\/strong> Megjithat\u00eb, kjo p\u00ebrfaq\u00ebson nj\u00eb hap t\u00eb r\u00ebnd\u00ebsish\u00ebm p\u00ebrpara n\u00eb promovimin e zhvillimit t\u00eb sh\u00ebndetsh\u00ebm dhe sigurimin e mund\u00ebsive t\u00eb barabarta p\u00ebr t\u00eb gjith\u00eb f\u00ebmij\u00ebt.<\/p>\n\n\n\n<p>&nbsp;Duke investuar n\u00eb f\u00ebmij\u00ebrin\u00eb e hershme, qeveria njeh r\u00ebnd\u00ebsin\u00eb e krijimit t\u00eb nj\u00eb themeli t\u00eb fort\u00eb p\u00ebr t\u00eb ardhmen e brezave t\u00eb rinj.&nbsp;<\/p>\n\n\n\n<p>Prandaj, me strategji t\u00eb bazuara mir\u00eb dhe p\u00ebrfitime t\u00eb prekshme, ky projekt ka potencialin t\u00eb transformoj\u00eb jet\u00eb dhe t\u00eb nd\u00ebrtoj\u00eb nj\u00eb shoq\u00ebri m\u00eb t\u00eb drejt\u00eb dhe m\u00eb t\u00eb begat\u00eb p\u00ebr t\u00eb gjith\u00eb.<\/p>\n\n\n\n<p>P\u00ebr t\u00eb m\u00ebsuar rreth t\u00eb gjitha Programeve t\u00eb tjera t\u00eb Qeveris\u00eb Federale, mund t\u00eb hyni n\u00eb <a href=\"https:\/\/www.gov.br\/mds\/pt-br\/acoes-e-programas\/crianca-feliz\/o-que-e-pcf-2\">gov.br <\/a> dhe q\u00ebndroni n\u00eb krye t\u00eb t\u00eb gjitha p\u00ebrfitimeve. <\/p>","protected":false},"excerpt":{"rendered":"<p>A e dinit se Qeveria Federale ka nj\u00eb Program Social specifik p\u00ebr ju q\u00eb jeni shtatz\u00ebn\u00eb ose keni f\u00ebmij\u00eb t\u00eb vegj\u00ebl? Projekti i F\u00ebmij\u00ebs s\u00eb Lumtur. Ne do t&#039;ju mbajm\u00eb t\u00eb informuar rreth ... <\/p>","protected":false},"author":14,"featured_media":689,"comment_status":"closed","ping_status":"open","sticky":false,"template":"","format":"standard","meta":{"footnotes":""},"categories":[381],"tags":[475,472,479,476,474,473],"class_list":["post-688","post","type-post","status-publish","format-standard","has-post-thumbnail","hentry","category-social","tag-aleitamento-materno","tag-beneficio-do-governo","tag-como-fazer-parte-do-programa-do-governo","tag-cuidado-afetivo","tag-projeto-crianca-feliz","tag-projeto-do-governo","latest_post"],"yoast_head":"<!-- This site is optimized with the Yoast SEO plugin v26.8 - https:\/\/yoast.com\/product\/yoast-seo-wordpress\/ -->\n<title>Projeto &quot;Crian\u00e7a Feliz&quot; - Economia Portal<\/title>\n<meta name=\"description\" content=\"Voc\u00ea sabia que o Governo Federal tem um Programa Social espec\u00edfico para voc\u00ea que \u00e9 gestante ou tem filho pequeno? O Projeto Crian\u00e7a Feliz.\" \/>\n<meta name=\"robots\" content=\"index, follow, max-snippet:-1, max-image-preview:large, max-video-preview:-1\" \/>\n<link rel=\"canonical\" href=\"https:\/\/economiaportal.com\/sq\/688\/projekti-i-femijes-se-lumtur\/\" \/>\n<meta property=\"og:locale\" content=\"sq_AL\" \/>\n<meta property=\"og:type\" content=\"article\" \/>\n<meta property=\"og:title\" content=\"Projeto &quot;Crian\u00e7a Feliz&quot; - Economia Portal\" \/>\n<meta property=\"og:description\" content=\"Voc\u00ea sabia que o Governo Federal tem um Programa Social espec\u00edfico para voc\u00ea que \u00e9 gestante ou tem filho pequeno? O Projeto Crian\u00e7a Feliz.\" \/>\n<meta property=\"og:url\" content=\"https:\/\/economiaportal.com\/sq\/688\/projekti-i-femijes-se-lumtur\/\" \/>\n<meta property=\"og:site_name\" content=\"Economia Portal\" \/>\n<meta property=\"article:published_time\" content=\"2023-06-12T14:18:22+00:00\" \/>\n<meta property=\"article:modified_time\" content=\"2023-06-15T12:14:02+00:00\" \/>\n<meta property=\"og:image\" content=\"https:\/\/economiaportal.com\/wp-content\/uploads\/2023\/06\/Design-sem-nome-_8_.webp\" \/>\n\t<meta property=\"og:image:width\" content=\"1000\" \/>\n\t<meta property=\"og:image:height\" content=\"800\" \/>\n\t<meta property=\"og:image:type\" content=\"image\/webp\" \/>\n<meta name=\"author\" content=\"admin\" \/>\n<meta name=\"twitter:card\" content=\"summary_large_image\" \/>\n<meta name=\"twitter:label1\" content=\"Written by\" \/>\n\t<meta name=\"twitter:data1\" content=\"admin\" \/>\n\t<meta name=\"twitter:label2\" content=\"Est. reading time\" \/>\n\t<meta name=\"twitter:data2\" content=\"4 minuta\" \/>\n<script type=\"application\/ld+json\" class=\"yoast-schema-graph\">{\"@context\":\"https:\/\/schema.org\",\"@graph\":[{\"@type\":\"Article\",\"@id\":\"https:\/\/economiaportal.com\/688\/projeto-crianca-feliz\/#article\",\"isPartOf\":{\"@id\":\"https:\/\/economiaportal.com\/688\/projeto-crianca-feliz\/\"},\"author\":{\"name\":\"admin\",\"@id\":\"https:\/\/economiaportal.com\/#\/schema\/person\/1633c7ca22d836a68c8907ef39e510f5\"},\"headline\":\"Projeto &#8220;Crian\u00e7a Feliz&#8221;\",\"datePublished\":\"2023-06-12T14:18:22+00:00\",\"dateModified\":\"2023-06-15T12:14:02+00:00\",\"mainEntityOfPage\":{\"@id\":\"https:\/\/economiaportal.com\/688\/projeto-crianca-feliz\/\"},\"wordCount\":696,\"publisher\":{\"@id\":\"https:\/\/economiaportal.com\/#organization\"},\"image\":{\"@id\":\"https:\/\/economiaportal.com\/688\/projeto-crianca-feliz\/#primaryimage\"},\"thumbnailUrl\":\"https:\/\/economiaportal.com\/wp-content\/uploads\/2023\/06\/Design-sem-nome-_8_.webp\",\"keywords\":[\"aleitamento materno\",\"beneficio do governo\",\"como fazer parte do programa do governo?\",\"cuidado afetivo\",\"projeto crian\u00e7a feliz\",\"projeto do governo\"],\"articleSection\":[\"Social\"],\"inLanguage\":\"sq\"},{\"@type\":\"WebPage\",\"@id\":\"https:\/\/economiaportal.com\/688\/projeto-crianca-feliz\/\",\"url\":\"https:\/\/economiaportal.com\/688\/projeto-crianca-feliz\/\",\"name\":\"Projeto \\\"Crian\u00e7a Feliz\\\" - Economia Portal\",\"isPartOf\":{\"@id\":\"https:\/\/economiaportal.com\/#website\"},\"primaryImageOfPage\":{\"@id\":\"https:\/\/economiaportal.com\/688\/projeto-crianca-feliz\/#primaryimage\"},\"image\":{\"@id\":\"https:\/\/economiaportal.com\/688\/projeto-crianca-feliz\/#primaryimage\"},\"thumbnailUrl\":\"https:\/\/economiaportal.com\/wp-content\/uploads\/2023\/06\/Design-sem-nome-_8_.webp\",\"datePublished\":\"2023-06-12T14:18:22+00:00\",\"dateModified\":\"2023-06-15T12:14:02+00:00\",\"description\":\"Voc\u00ea sabia que o Governo Federal tem um Programa Social espec\u00edfico para voc\u00ea que \u00e9 gestante ou tem filho pequeno? O Projeto Crian\u00e7a Feliz.\",\"breadcrumb\":{\"@id\":\"https:\/\/economiaportal.com\/688\/projeto-crianca-feliz\/#breadcrumb\"},\"inLanguage\":\"sq\",\"potentialAction\":[{\"@type\":\"ReadAction\",\"target\":[\"https:\/\/economiaportal.com\/688\/projeto-crianca-feliz\/\"]}]},{\"@type\":\"ImageObject\",\"inLanguage\":\"sq\",\"@id\":\"https:\/\/economiaportal.com\/688\/projeto-crianca-feliz\/#primaryimage\",\"url\":\"https:\/\/economiaportal.com\/wp-content\/uploads\/2023\/06\/Design-sem-nome-_8_.webp\",\"contentUrl\":\"https:\/\/economiaportal.com\/wp-content\/uploads\/2023\/06\/Design-sem-nome-_8_.webp\",\"width\":1000,\"height\":800,\"caption\":\"Projeto \\\"Crian\u00e7a Feliz\\\"\"},{\"@type\":\"BreadcrumbList\",\"@id\":\"https:\/\/economiaportal.com\/688\/projeto-crianca-feliz\/#breadcrumb\",\"itemListElement\":[{\"@type\":\"ListItem\",\"position\":1,\"name\":\"In\u00edcio\",\"item\":\"https:\/\/economiaportal.com\/\"},{\"@type\":\"ListItem\",\"position\":2,\"name\":\"Projeto &#8220;Crian\u00e7a Feliz&#8221;\"}]},{\"@type\":\"WebSite\",\"@id\":\"https:\/\/economiaportal.com\/#website\",\"url\":\"https:\/\/economiaportal.com\/\",\"name\":\"Economia Portal\",\"description\":\"\",\"publisher\":{\"@id\":\"https:\/\/economiaportal.com\/#organization\"},\"potentialAction\":[{\"@type\":\"SearchAction\",\"target\":{\"@type\":\"EntryPoint\",\"urlTemplate\":\"https:\/\/economiaportal.com\/?s={search_term_string}\"},\"query-input\":{\"@type\":\"PropertyValueSpecification\",\"valueRequired\":true,\"valueName\":\"search_term_string\"}}],\"inLanguage\":\"sq\"},{\"@type\":\"Organization\",\"@id\":\"https:\/\/economiaportal.com\/#organization\",\"name\":\"Economia Portal\",\"url\":\"https:\/\/economiaportal.com\/\",\"logo\":{\"@type\":\"ImageObject\",\"inLanguage\":\"sq\",\"@id\":\"https:\/\/economiaportal.com\/#\/schema\/logo\/image\/\",\"url\":\"https:\/\/economiaportal.com\/wp-content\/uploads\/2024\/07\/cropped-Design-sem-nome.jpg\",\"contentUrl\":\"https:\/\/economiaportal.com\/wp-content\/uploads\/2024\/07\/cropped-Design-sem-nome.jpg\",\"width\":161,\"height\":45,\"caption\":\"Economia Portal\"},\"image\":{\"@id\":\"https:\/\/economiaportal.com\/#\/schema\/logo\/image\/\"}},{\"@type\":\"Person\",\"@id\":\"https:\/\/economiaportal.com\/#\/schema\/person\/1633c7ca22d836a68c8907ef39e510f5\",\"name\":\"admin\",\"image\":{\"@type\":\"ImageObject\",\"inLanguage\":\"sq\",\"@id\":\"https:\/\/economiaportal.com\/#\/schema\/person\/image\/\",\"url\":\"https:\/\/economiaportal.com\/wp-content\/litespeed\/avatar\/d8bb0a0d516772e3dd31e2f3e00e93bf.jpg?ver=1777005689\",\"contentUrl\":\"https:\/\/economiaportal.com\/wp-content\/litespeed\/avatar\/d8bb0a0d516772e3dd31e2f3e00e93bf.jpg?ver=1777005689\",\"caption\":\"admin\"},\"url\":\"https:\/\/economiaportal.com\/sq\/author\/admin\/\"}]}<\/script>\n<!-- \/ Yoast SEO plugin. -->","yoast_head_json":{"title":"Projekti &quot;F\u00ebmij\u00eb i Lumtur&quot; - Portali i Ekonomis\u00eb","description":"A e dinit se Qeveria Federale ka nj\u00eb Program Social specifik p\u00ebr ju n\u00ebse jeni shtatz\u00ebn\u00eb ose keni nj\u00eb f\u00ebmij\u00eb t\u00eb vog\u00ebl? Projekti &quot;F\u00ebmij\u00eb i Lumtur&quot;.","robots":{"index":"index","follow":"follow","max-snippet":"max-snippet:-1","max-image-preview":"max-image-preview:large","max-video-preview":"max-video-preview:-1"},"canonical":"https:\/\/economiaportal.com\/sq\/688\/projekti-i-femijes-se-lumtur\/","og_locale":"sq_AL","og_type":"article","og_title":"Projeto \"Crian\u00e7a Feliz\" - Economia Portal","og_description":"Voc\u00ea sabia que o Governo Federal tem um Programa Social espec\u00edfico para voc\u00ea que \u00e9 gestante ou tem filho pequeno? O Projeto Crian\u00e7a Feliz.","og_url":"https:\/\/economiaportal.com\/sq\/688\/projekti-i-femijes-se-lumtur\/","og_site_name":"Economia Portal","article_published_time":"2023-06-12T14:18:22+00:00","article_modified_time":"2023-06-15T12:14:02+00:00","og_image":[{"width":1000,"height":800,"url":"https:\/\/economiaportal.com\/wp-content\/uploads\/2023\/06\/Design-sem-nome-_8_.webp","type":"image\/webp"}],"author":"admin","twitter_card":"summary_large_image","twitter_misc":{"Written by":"admin","Est. reading time":"4 minuta"},"schema":{"@context":"https:\/\/schema.org","@graph":[{"@type":"Article","@id":"https:\/\/economiaportal.com\/688\/projeto-crianca-feliz\/#article","isPartOf":{"@id":"https:\/\/economiaportal.com\/688\/projeto-crianca-feliz\/"},"author":{"name":"admin","@id":"https:\/\/economiaportal.com\/#\/schema\/person\/1633c7ca22d836a68c8907ef39e510f5"},"headline":"Projeto &#8220;Crian\u00e7a Feliz&#8221;","datePublished":"2023-06-12T14:18:22+00:00","dateModified":"2023-06-15T12:14:02+00:00","mainEntityOfPage":{"@id":"https:\/\/economiaportal.com\/688\/projeto-crianca-feliz\/"},"wordCount":696,"publisher":{"@id":"https:\/\/economiaportal.com\/#organization"},"image":{"@id":"https:\/\/economiaportal.com\/688\/projeto-crianca-feliz\/#primaryimage"},"thumbnailUrl":"https:\/\/economiaportal.com\/wp-content\/uploads\/2023\/06\/Design-sem-nome-_8_.webp","keywords":["aleitamento materno","beneficio do governo","como fazer parte do programa do governo?","cuidado afetivo","projeto crian\u00e7a feliz","projeto do governo"],"articleSection":["Social"],"inLanguage":"sq"},{"@type":"WebPage","@id":"https:\/\/economiaportal.com\/688\/projeto-crianca-feliz\/","url":"https:\/\/economiaportal.com\/688\/projeto-crianca-feliz\/","name":"Projekti &quot;F\u00ebmij\u00eb i Lumtur&quot; - Portali i Ekonomis\u00eb","isPartOf":{"@id":"https:\/\/economiaportal.com\/#website"},"primaryImageOfPage":{"@id":"https:\/\/economiaportal.com\/688\/projeto-crianca-feliz\/#primaryimage"},"image":{"@id":"https:\/\/economiaportal.com\/688\/projeto-crianca-feliz\/#primaryimage"},"thumbnailUrl":"https:\/\/economiaportal.com\/wp-content\/uploads\/2023\/06\/Design-sem-nome-_8_.webp","datePublished":"2023-06-12T14:18:22+00:00","dateModified":"2023-06-15T12:14:02+00:00","description":"A e dinit se Qeveria Federale ka nj\u00eb Program Social specifik p\u00ebr ju n\u00ebse jeni shtatz\u00ebn\u00eb ose keni nj\u00eb f\u00ebmij\u00eb t\u00eb vog\u00ebl? Projekti &quot;F\u00ebmij\u00eb i Lumtur&quot;.","breadcrumb":{"@id":"https:\/\/economiaportal.com\/688\/projeto-crianca-feliz\/#breadcrumb"},"inLanguage":"sq","potentialAction":[{"@type":"ReadAction","target":["https:\/\/economiaportal.com\/688\/projeto-crianca-feliz\/"]}]},{"@type":"ImageObject","inLanguage":"sq","@id":"https:\/\/economiaportal.com\/688\/projeto-crianca-feliz\/#primaryimage","url":"https:\/\/economiaportal.com\/wp-content\/uploads\/2023\/06\/Design-sem-nome-_8_.webp","contentUrl":"https:\/\/economiaportal.com\/wp-content\/uploads\/2023\/06\/Design-sem-nome-_8_.webp","width":1000,"height":800,"caption":"Projeto \"Crian\u00e7a Feliz\""},{"@type":"BreadcrumbList","@id":"https:\/\/economiaportal.com\/688\/projeto-crianca-feliz\/#breadcrumb","itemListElement":[{"@type":"ListItem","position":1,"name":"In\u00edcio","item":"https:\/\/economiaportal.com\/"},{"@type":"ListItem","position":2,"name":"Projeto &#8220;Crian\u00e7a Feliz&#8221;"}]},{"@type":"WebSite","@id":"https:\/\/economiaportal.com\/#website","url":"https:\/\/economiaportal.com\/","name":"Portali i Ekonomis\u00eb","description":"","publisher":{"@id":"https:\/\/economiaportal.com\/#organization"},"potentialAction":[{"@type":"SearchAction","target":{"@type":"EntryPoint","urlTemplate":"https:\/\/economiaportal.com\/?s={search_term_string}"},"query-input":{"@type":"PropertyValueSpecification","valueRequired":true,"valueName":"search_term_string"}}],"inLanguage":"sq"},{"@type":"Organization","@id":"https:\/\/economiaportal.com\/#organization","name":"Portali i Ekonomis\u00eb","url":"https:\/\/economiaportal.com\/","logo":{"@type":"ImageObject","inLanguage":"sq","@id":"https:\/\/economiaportal.com\/#\/schema\/logo\/image\/","url":"https:\/\/economiaportal.com\/wp-content\/uploads\/2024\/07\/cropped-Design-sem-nome.jpg","contentUrl":"https:\/\/economiaportal.com\/wp-content\/uploads\/2024\/07\/cropped-Design-sem-nome.jpg","width":161,"height":45,"caption":"Economia Portal"},"image":{"@id":"https:\/\/economiaportal.com\/#\/schema\/logo\/image\/"}},{"@type":"Person","@id":"https:\/\/economiaportal.com\/#\/schema\/person\/1633c7ca22d836a68c8907ef39e510f5","name":"administrator","image":{"@type":"ImageObject","inLanguage":"sq","@id":"https:\/\/economiaportal.com\/#\/schema\/person\/image\/","url":"https:\/\/economiaportal.com\/wp-content\/litespeed\/avatar\/d8bb0a0d516772e3dd31e2f3e00e93bf.jpg?ver=1777005689","contentUrl":"https:\/\/economiaportal.com\/wp-content\/litespeed\/avatar\/d8bb0a0d516772e3dd31e2f3e00e93bf.jpg?ver=1777005689","caption":"admin"},"url":"https:\/\/economiaportal.com\/sq\/author\/admin\/"}]}},"_links":{"self":[{"href":"https:\/\/economiaportal.com\/sq\/wp-json\/wp\/v2\/posts\/688","targetHints":{"allow":["GET"]}}],"collection":[{"href":"https:\/\/economiaportal.com\/sq\/wp-json\/wp\/v2\/posts"}],"about":[{"href":"https:\/\/economiaportal.com\/sq\/wp-json\/wp\/v2\/types\/post"}],"author":[{"embeddable":true,"href":"https:\/\/economiaportal.com\/sq\/wp-json\/wp\/v2\/users\/14"}],"replies":[{"embeddable":true,"href":"https:\/\/economiaportal.com\/sq\/wp-json\/wp\/v2\/comments?post=688"}],"version-history":[{"count":2,"href":"https:\/\/economiaportal.com\/sq\/wp-json\/wp\/v2\/posts\/688\/revisions"}],"predecessor-version":[{"id":692,"href":"https:\/\/economiaportal.com\/sq\/wp-json\/wp\/v2\/posts\/688\/revisions\/692"}],"wp:featuredmedia":[{"embeddable":true,"href":"https:\/\/economiaportal.com\/sq\/wp-json\/wp\/v2\/media\/689"}],"wp:attachment":[{"href":"https:\/\/economiaportal.com\/sq\/wp-json\/wp\/v2\/media?parent=688"}],"wp:term":[{"taxonomy":"category","embeddable":true,"href":"https:\/\/economiaportal.com\/sq\/wp-json\/wp\/v2\/categories?post=688"},{"taxonomy":"post_tag","embeddable":true,"href":"https:\/\/economiaportal.com\/sq\/wp-json\/wp\/v2\/tags?post=688"}],"curies":[{"name":"wp","href":"https:\/\/api.w.org\/{rel}","templated":true}]}}