{"id":1879,"date":"2025-03-04T17:07:38","date_gmt":"2025-03-04T14:07:38","guid":{"rendered":"https:\/\/economiaportal.com\/?p=1879"},"modified":"2025-03-11T18:26:34","modified_gmt":"2025-03-11T15:26:34","slug":"facebook-rengini-degistir","status":"publish","type":"post","link":"https:\/\/economiaportal.com\/tr\/1879\/mudar-a-cor-do-facebook\/","title":{"rendered":"Facebook Rengini De\u011fi\u015ftir"},"content":{"rendered":"<p>Bunu yapabilmek harika olmaz m\u0131yd\u0131? <strong>Facebook Rengini De\u011fi\u015ftir<\/strong> ve onu daha \u00e7ok kendine benzetebilir misin? Bunu yapman\u0131n birka\u00e7 yolunu a\u015fa\u011f\u0131da bulabilirsiniz.<\/p>\n\n\n\n<style>\n.botao-container {\n    display: flex;\n    justify-content: center;\n    margin: 20px 0; \/* Espa\u00e7amento opcional *\/\n}\n\n.botao-estilizado {\n    display: inline-block;\n    padding: 12px 96px;\n    font-size: 18px;\n    font-weight: bold;\n    font-family: Arial, sans-serif; \/* Fonte alterada para Arial *\/\n    color: white;\n    background: linear-gradient(145deg, #007bff, #0056b3);\n    border-radius: 8px;\n    box-shadow: 4px 4px 10px rgba(0, 0, 0, 0.2), \n                -2px -2px 5px rgba(255, 255, 255, 0.2);\n    text-decoration: none;\n    transition: all 0.3s ease-in-out;\n    text-align: center;\n}\n\n.botao-estilizado:hover {\n    background: linear-gradient(145deg, #0056b3, #004095);\n    box-shadow: 2px 2px 8px rgba(0, 0, 0, 0.3), \n                -1px -1px 4px rgba(255, 255, 255, 0.1);\n    transform: translateY(-3px);\n}\n<\/style>\n\n<div class=\"botao-container\">\n    <a href=\"https:\/\/economiaportal.com\/tr\/1931\/\" class=\"botao-estilizado\">Facebook rengini \u015fimdi de\u011fi\u015ftir<\/a>\n<\/div>\n\n\n\n<p>Facebook, \u015f\u00fcphesiz d\u00fcnyan\u0131n en \u00e7ok kullan\u0131lan sosyal a\u011flar\u0131ndan biri ancak karakteristik mavi aray\u00fcz\u00fc baz\u0131 kullan\u0131c\u0131lar i\u00e7in yorucu olabiliyor. <\/p>\n\n\n\n<p>Ne yaz\u0131k ki resmi Facebook, uygulama i\u00e7erisinde renk de\u011fi\u015fikli\u011fine izin vermiyor, ancak buna izin veren baz\u0131 alternatifler mevcut. <strong>facebook rengini de\u011fi\u015ftir<\/strong> ve platformun g\u00f6r\u00fcn\u00fcm\u00fcn\u00fc kendi zevkinize g\u00f6re \u00f6zelle\u015ftirebilirsiniz.<\/p>\n\n\n\n<p>Neyse ki, Facebook&#039;taki renkleri de\u011fi\u015ftirmenin birka\u00e7 yolu var, ya da <strong>Android i\u00e7in taray\u0131c\u0131 uzant\u0131lar\u0131, \u00fc\u00e7\u00fcnc\u00fc taraf uygulamalar\u0131 veya \u00f6zel ba\u015flat\u0131c\u0131lar<\/strong>. <\/p>\n\n\n\n<p>Bununla sosyal a\u011fa daha modern ve farkl\u0131 bir g\u00f6r\u00fcn\u00fcm kazand\u0131rabilirsiniz.<\/p>\n\n\n\n<p>Bu yaz\u0131da \u015funlar\u0131 \u00f6\u011freneceksiniz:<\/p>\n\n\n\n<ul class=\"wp-block-list\">\n<li>Facebook&#039;un rengi nas\u0131l de\u011fi\u015ftirilir <strong>PC ve mobil<\/strong>;<\/li>\n\n\n\n<li>Ki\u015fiselle\u015ftirme i\u00e7in g\u00fcvenli y\u00f6ntemler;<\/li>\n\n\n\n<li>Bu ama\u00e7la yap\u0131lacak ba\u015fvurular ve uzatmalar;<\/li>\n\n\n\n<li>Nas\u0131l kullan\u0131l\u0131r <strong>Android&#039;de ba\u015flat\u0131c\u0131lar<\/strong> Facebook&#039;un g\u00f6r\u00fcn\u00fcm\u00fcn\u00fc de\u011fi\u015ftirmek;<\/li>\n\n\n\n<li>Her y\u00f6ntem i\u00e7in ayr\u0131nt\u0131l\u0131 ad\u0131m ad\u0131m a\u00e7\u0131klama.<\/li>\n<\/ul>\n\n\n\n<p>\u015eimdi Facebook&#039;u \u00f6zelle\u015ftirip istedi\u011finiz gibi yapman\u0131n t\u00fcm yollar\u0131na g\u00f6z at\u0131n! \ud83c\udfa8\ud83d\udcf1\ud83d\udcbb<\/p>\n\n\n\n<h2 class=\"wp-block-heading\"><strong>1. PC&#039;de Uzant\u0131lar\u0131 Kullanarak Facebook Rengi Nas\u0131l De\u011fi\u015ftirilir<\/strong><\/h2>\n\n\n\n<p>\u0130lk olarak, bilgisayar\u0131n\u0131zda Facebook renklerini de\u011fi\u015ftirmenin en kolay yolu, <strong>Google Chrome ve Mozilla Firefox i\u00e7in uzant\u0131lar<\/strong>. <\/p>\n\n\n\n<p>Dolay\u0131s\u0131yla bu eklentiler web sitenizin aray\u00fcz\u00fcn\u00fc h\u0131zl\u0131 ve g\u00fcvenli bir \u015fekilde \u00f6zelle\u015ftirmenize olanak tan\u0131r.<\/p>\n\n\n\n<h3 class=\"wp-block-heading\"><strong>\u00d6nerilen Uzant\u0131lar<\/strong><\/h3>\n\n\n\n<ul class=\"wp-block-list\">\n<li>\u2705 <strong><a href=\"https:\/\/chrome.google.com\/webstore\/detail\/stylish-custom-themes-for\/fjnbnpbmkenffdnngjfgmeleoegfcffe\">\u015e\u0131k<\/a><\/strong> \u2013 Facebook ve di\u011fer web sitelerine \u00f6zel temalar uygulaman\u0131za olanak tan\u0131r.<\/li>\n\n\n\n<li>\u2705 <strong><a href=\"https:\/\/chrome.google.com\/webstore\/detail\/color-changer-for-faceboo\/\">Facebook i\u00e7in Renk De\u011fi\u015ftirici<\/a><\/strong> \u2013 Facebook aray\u00fcz\u00fcn\u00fcn rengini kolayca de\u011fi\u015ftirin.<\/li>\n\n\n\n<li>\u2705 <strong><a href=\"https:\/\/chrome.google.com\/webstore\/detail\/super-dark-mode\/jihlepdfhceegfhljjibgcnbebgkhkij\">S\u00fcper Karanl\u0131k Modu<\/a><\/strong> \u2013 Facebook i\u00e7in koyu tema se\u00e7ene\u011fi mevcuttur.<\/li>\n<\/ul>\n\n\n\n<h3 class=\"wp-block-heading\"><strong>Stylish&#039;\u0131 Kullanmak \u0130\u00e7in Ad\u0131m Ad\u0131m K\u0131lavuz<\/strong><\/h3>\n\n\n\n<ol class=\"wp-block-list\">\n<li>Eri\u015fim <strong>Chrome Web Ma\u011fazas\u0131<\/strong> veya Firefox eklenti ma\u011fazas\u0131.<\/li>\n\n\n\n<li>Uzant\u0131ya g\u00f6re ara <strong>\u015e\u0131k<\/strong> ve t\u0131klay\u0131n <strong>Chrome&#039;a ekle<\/strong>.<\/li>\n\n\n\n<li>Kurulumdan sonra Facebook\u2019u a\u00e7\u0131n ve taray\u0131c\u0131daki Stylish simgesine t\u0131klay\u0131n.<\/li>\n\n\n\n<li>\u00d6zel bir tema se\u00e7in veya kendi stilinizi yarat\u0131n.<\/li>\n\n\n\n<li>Yeni g\u00f6r\u00fcn\u00fcm\u00fc etkinle\u015ftirin ve ki\u015fiselle\u015ftirilmi\u015f Facebook&#039;unuzun tad\u0131n\u0131 \u00e7\u0131kar\u0131n!<\/li>\n<\/ol>\n\n\n\n<p>Bu y\u00f6ntem, taray\u0131c\u0131 \u00fczerinden Facebook&#039;a eri\u015fen ve farkl\u0131 bir g\u00f6rsel deneyim isteyen kullan\u0131c\u0131lar i\u00e7in idealdir.<\/p>\n\n\n\n<h2 class=\"wp-block-heading\"><strong>2. Uygulamalarla Telefonunuzdaki Facebook&#039;un Rengini Nas\u0131l De\u011fi\u015ftirirsiniz<\/strong><\/h2>\n\n\n\n<p>Mobilde ise Facebook rengini de\u011fi\u015ftirmek i\u00e7in yerel bir se\u00e7enek bulunmuyor ancak sosyal a\u011f\u0131n g\u00f6r\u00fcn\u00fcm\u00fcn\u00fc \u00f6zelle\u015ftirmenize olanak sa\u011flayan uygulamalar mevcut.<\/p>\n\n\n\n<h3 class=\"wp-block-heading\"><strong>Facebook Rengini De\u011fi\u015ftirmek \u0130\u00e7in En \u0130yi Uygulamalar<\/strong><\/h3>\n\n\n\n<ul class=\"wp-block-list\">\n<li>\u2705 <strong>Maki Art\u0131<\/strong> \u2013 Facebook&#039;a alternatif, renkli tema se\u00e7eneklerine sahip bir uygulama.<\/li>\n\n\n\n<li>\u2705 <strong>Facebook ve Messenger i\u00e7in Folio<\/strong> \u2013 G\u00f6rsel \u00f6zelle\u015ftirme ve geli\u015fmi\u015f karanl\u0131k mod sunar.<\/li>\n\n\n\n<li>\u2705 <strong>Facebook i\u00e7in kayd\u0131r\u0131n<\/strong> \u2013 Facebook\u2019un hafif ve olduk\u00e7a \u00f6zelle\u015ftirilebilir versiyonu.<\/li>\n<\/ul>\n\n\n\n<h3 class=\"wp-block-heading\"><strong>Maki Plus&#039;\u0131 Kullanmaya Y\u00f6nelik Ad\u0131m Ad\u0131m K\u0131lavuz<\/strong><\/h3>\n\n\n\n<ol class=\"wp-block-list\">\n<li>Uygulamay\u0131 indirin <strong>Maki Art\u0131<\/strong><\/li>\n\n\n\n<li>Uygulamay\u0131 kurun ve a\u00e7\u0131n.<\/li>\n\n\n\n<li>Uygulama i\u00e7erisinden Facebook hesab\u0131n\u0131za giri\u015f yap\u0131n.<\/li>\n\n\n\n<li>Uygulama ayarlar\u0131na gidin ve birini se\u00e7in <strong>farkl\u0131 renk temas\u0131<\/strong>.<\/li>\n\n\n\n<li>Facebook&#039;un tad\u0131n\u0131 yeni aray\u00fczle \u00e7\u0131kar\u0131n!<\/li>\n<\/ol>\n\n\n\n<p>Sonu\u00e7 olarak, Maki Plus ve Folio, cep telefonlar\u0131nda Facebook&#039;un daha hafif ve daha \u00f6zelle\u015ftirilebilir bir versiyonunu isteyenler i\u00e7in iyi alternatiflerdir.<\/p>\n\n\n\n<h2 class=\"wp-block-heading\"><strong>3. Facebook Renklerini De\u011fi\u015ftirmek \u0130\u00e7in Android&#039;de Ba\u015flat\u0131c\u0131lar Nas\u0131l Kullan\u0131l\u0131r<\/strong><\/h2>\n\n\n\n<p>Son olarak, Android telefonunuzda Facebook&#039;un g\u00f6r\u00fcn\u00fcm\u00fcn\u00fc de\u011fi\u015ftirmenin bir ba\u015fka yolu da \u015fudur: <strong>\u00f6zel ba\u015flat\u0131c\u0131lar<\/strong>. <\/p>\n\n\n\n<p>Ancak uygulama simgelerini de\u011fi\u015ftirmenize, genel sistem aray\u00fcz\u00fcn\u00fc d\u00fczenlemenize ve hatta men\u00fclerin rengini \u00f6zelle\u015ftirmenize olanak tan\u0131rlar.<\/p>\n\n\n\n<h3 class=\"wp-block-heading\"><strong>\u00d6zelle\u015ftirme i\u00e7in En \u0130yi Ba\u015flat\u0131c\u0131lar<\/strong><\/h3>\n\n\n\n<ul class=\"wp-block-list\">\n<li>\u2705 <strong><a href=\"https:\/\/play.google.com\/store\/apps\/details?id=com.teslacoilsw.launcher\">Nova Ba\u015flat\u0131c\u0131s\u0131<\/a><\/strong> \u2013 Sistem simgelerini ve renklerini de\u011fi\u015ftirmenize olanak tan\u0131r.<\/li>\n\n\n\n<li>\u2705 <strong><a href=\"https:\/\/play.google.com\/store\/apps\/details?id=com.actionlauncher.playstore\">Eylem Ba\u015flat\u0131c\u0131s\u0131<\/a><\/strong> \u2013 Temalar\u0131 de\u011fi\u015ftirmek ve cep telefonunuzu ki\u015fiselle\u015ftirmek i\u00e7in harika bir alternatif.<\/li>\n\n\n\n<li>\u2705 <strong>Apex Ba\u015flat\u0131c\u0131s\u0131<\/strong> \u2013 Bir\u00e7ok \u00f6zelle\u015ftirme se\u00e7ene\u011fi ve farkl\u0131 ikonlar sunar.<\/li>\n<\/ul>\n\n\n\n<h3 class=\"wp-block-heading\"><strong>Nova Launcher ile Facebook Simgesini De\u011fi\u015ftirmeye Y\u00f6nelik Ad\u0131m Ad\u0131m K\u0131lavuz<\/strong><\/h3>\n\n\n\n<ol class=\"wp-block-list\">\n<li>\u0130ndirin ve y\u00fckleyin <strong>Nova Ba\u015flat\u0131c\u0131s\u0131<\/strong>.<\/li>\n\n\n\n<li>Ana ekran\u0131n\u0131zdaki Facebook simgesini bas\u0131l\u0131 tutun.<\/li>\n\n\n\n<li>Musluk <strong>D\u00fczenlemek<\/strong>.<\/li>\n\n\n\n<li>Yeni bir simge se\u00e7in veya bir tane indirin <strong>\u00f6zel simge paketi<\/strong>.<\/li>\n\n\n\n<li>Onaylay\u0131n ve Facebook simgesinin yeni g\u00f6r\u00fcn\u00fcm\u00fcn\u00fc g\u00f6r\u00fcn.<\/li>\n<\/ol>\n\n\n\n<p>Sonu\u00e7ta bu se\u00e7enek uygulama i\u00e7indeki renkleri de\u011fi\u015ftirmiyor, ancak mobil telefonunuzdaki genel Facebook deneyimini ki\u015fiselle\u015ftirmenize olanak tan\u0131yor.<\/p>\n\n\n\n<h2 class=\"wp-block-heading\"><strong>\u00c7\u00f6z\u00fcm<\/strong><\/h2>\n\n\n\n<p>Her neyse, resmi Facebook pek \u00e7ok \u00f6zelle\u015ftirme se\u00e7ene\u011fi sunmasa da, \u00f6zelle\u015ftirmenin birka\u00e7 yolu var. <strong>facebook rengini de\u011fi\u015ftir<\/strong> ve platformdaki deneyiminizi daha keyifli ve e\u015fsiz hale getirin. <\/p>\n\n\n\n<p>Yani daha basit bir de\u011fi\u015fiklik istiyorsan\u0131z \u015funu kullanabilirsiniz: <strong>taray\u0131c\u0131 uzant\u0131lar\u0131<\/strong>, gibi <strong>\u015e\u0131k<\/strong>. <\/p>\n\n\n\n<p>Peki, Facebook&#039;u cep telefonlar\u0131nda kullananlar i\u00e7in, \u015fu uygulamalar: <strong>Maki Art\u0131<\/strong> Bu <strong>Folyo<\/strong> Geli\u015fmi\u015f \u00f6zelle\u015ftirme se\u00e7enekleriyle harika alternatifler sunuyoruz.<\/p>\n\n\n\n<p>ek olarak <strong>\u00f6zel ba\u015flat\u0131c\u0131lar<\/strong> Facebook simgelerini de\u011fi\u015ftirmek ve sistemin genel g\u00f6r\u00fcn\u00fcm\u00fcn\u00fc iyile\u015ftirmek i\u00e7in harika bir yoldur. <\/p>\n\n\n\n<p>Yani ne se\u00e7erseniz se\u00e7in, art\u0131k Facebook&#039;un g\u00f6r\u00fcn\u00fcm\u00fcn\u00fc kendi be\u011feninize g\u00f6re d\u00f6n\u00fc\u015ft\u00fcrmek i\u00e7in birka\u00e7 se\u00e7ene\u011finiz var.<\/p>\n\n\n\n<p>\u015eimdi biliyorsun <strong>facebook rengi nas\u0131l de\u011fi\u015ftirilir<\/strong>, size en uygun y\u00f6ntemi se\u00e7in ve sosyal a\u011f\u0131n\u0131z\u0131 diledi\u011finiz gibi \u00f6zelle\u015ftirin! \ud83c\udfa8\ud83d\udcf1\ud83d\udcbb<\/p>","protected":false},"excerpt":{"rendered":"<p>Facebook&#039;un rengini de\u011fi\u015ftirip kendinize daha \u00e7ok benzetebilmek harika olmaz m\u0131yd\u0131? Bunu yapman\u0131n birka\u00e7 yolunu a\u015fa\u011f\u0131da bulabilirsiniz. Facebook Rengini Hemen De\u011fi\u015ftir Elbette, \u2026 <\/p>","protected":false},"author":14,"featured_media":0,"comment_status":"closed","ping_status":"closed","sticky":false,"template":"","format":"standard","meta":{"footnotes":""},"categories":[1],"tags":[1242,1251,1245,1248,1247,1243,1250,1244,1246,1249],"class_list":["post-1879","post","type-post","status-publish","format-standard","hentry","category-uncategorized","tag-action-laucher","tag-apex-launcher","tag-color-change","tag-folio","tag-maki-plus","tag-mudar-a-cor-do-facebook","tag-nova-louncher","tag-stylish","tag-super-dark-mode","tag-swipe-facebook","latest_post"],"yoast_head":"<!-- This site is optimized with the Yoast SEO plugin v26.8 - https:\/\/yoast.com\/product\/yoast-seo-wordpress\/ -->\n<title>Mudar a Cor do Facebook - Economia Portal<\/title>\n<meta name=\"description\" content=\"N\u00e3o seria legal poder Mudar a Cor do Facebook e deixa-lo mais parecido com voc\u00ea? Descubra v\u00e1rias formas de fazer isso abaixo.\" \/>\n<meta name=\"robots\" content=\"index, follow, max-snippet:-1, max-image-preview:large, max-video-preview:-1\" \/>\n<link rel=\"canonical\" href=\"https:\/\/economiaportal.com\/tr\/1879\/facebook-rengini-degistir\/\" \/>\n<meta property=\"og:locale\" content=\"tr_TR\" \/>\n<meta property=\"og:type\" content=\"article\" \/>\n<meta property=\"og:title\" content=\"Mudar a Cor do Facebook - Economia Portal\" \/>\n<meta property=\"og:description\" content=\"N\u00e3o seria legal poder Mudar a Cor do Facebook e deixa-lo mais parecido com voc\u00ea? Descubra v\u00e1rias formas de fazer isso abaixo.\" \/>\n<meta property=\"og:url\" content=\"https:\/\/economiaportal.com\/tr\/1879\/facebook-rengini-degistir\/\" \/>\n<meta property=\"og:site_name\" content=\"Economia Portal\" \/>\n<meta property=\"article:published_time\" content=\"2025-03-04T14:07:38+00:00\" \/>\n<meta property=\"article:modified_time\" content=\"2025-03-11T15:26:34+00:00\" \/>\n<meta name=\"author\" content=\"admin\" \/>\n<meta name=\"twitter:card\" content=\"summary_large_image\" \/>\n<meta name=\"twitter:label1\" content=\"Yazan:\" \/>\n\t<meta name=\"twitter:data1\" content=\"admin\" \/>\n\t<meta name=\"twitter:label2\" content=\"Tahmini okuma s\u00fcresi\" \/>\n\t<meta name=\"twitter:data2\" content=\"5 dakika\" \/>\n<script type=\"application\/ld+json\" class=\"yoast-schema-graph\">{\"@context\":\"https:\/\/schema.org\",\"@graph\":[{\"@type\":\"Article\",\"@id\":\"https:\/\/economiaportal.com\/1879\/mudar-a-cor-do-facebook\/#article\",\"isPartOf\":{\"@id\":\"https:\/\/economiaportal.com\/1879\/mudar-a-cor-do-facebook\/\"},\"author\":{\"name\":\"admin\",\"@id\":\"https:\/\/economiaportal.com\/#\/schema\/person\/1633c7ca22d836a68c8907ef39e510f5\"},\"headline\":\"Mudar a Cor do Facebook\",\"datePublished\":\"2025-03-04T14:07:38+00:00\",\"dateModified\":\"2025-03-11T15:26:34+00:00\",\"mainEntityOfPage\":{\"@id\":\"https:\/\/economiaportal.com\/1879\/mudar-a-cor-do-facebook\/\"},\"wordCount\":859,\"publisher\":{\"@id\":\"https:\/\/economiaportal.com\/#organization\"},\"keywords\":[\"Action Laucher\",\"Apex launcher\",\"Color Change\",\"Folio\",\"Maki plus\",\"Mudar a Cor do Facebook\",\"Nova louncher\",\"Stylish\",\"Super Dark Mode\",\"Swipe facebook\"],\"articleSection\":[\"Uncategorized\"],\"inLanguage\":\"tr\"},{\"@type\":\"WebPage\",\"@id\":\"https:\/\/economiaportal.com\/1879\/mudar-a-cor-do-facebook\/\",\"url\":\"https:\/\/economiaportal.com\/1879\/mudar-a-cor-do-facebook\/\",\"name\":\"Mudar a Cor do Facebook - Economia Portal\",\"isPartOf\":{\"@id\":\"https:\/\/economiaportal.com\/#website\"},\"datePublished\":\"2025-03-04T14:07:38+00:00\",\"dateModified\":\"2025-03-11T15:26:34+00:00\",\"description\":\"N\u00e3o seria legal poder Mudar a Cor do Facebook e deixa-lo mais parecido com voc\u00ea? Descubra v\u00e1rias formas de fazer isso abaixo.\",\"breadcrumb\":{\"@id\":\"https:\/\/economiaportal.com\/1879\/mudar-a-cor-do-facebook\/#breadcrumb\"},\"inLanguage\":\"tr\",\"potentialAction\":[{\"@type\":\"ReadAction\",\"target\":[\"https:\/\/economiaportal.com\/1879\/mudar-a-cor-do-facebook\/\"]}]},{\"@type\":\"BreadcrumbList\",\"@id\":\"https:\/\/economiaportal.com\/1879\/mudar-a-cor-do-facebook\/#breadcrumb\",\"itemListElement\":[{\"@type\":\"ListItem\",\"position\":1,\"name\":\"In\u00edcio\",\"item\":\"https:\/\/economiaportal.com\/\"},{\"@type\":\"ListItem\",\"position\":2,\"name\":\"Mudar a Cor do Facebook\"}]},{\"@type\":\"WebSite\",\"@id\":\"https:\/\/economiaportal.com\/#website\",\"url\":\"https:\/\/economiaportal.com\/\",\"name\":\"Economia Portal\",\"description\":\"\",\"publisher\":{\"@id\":\"https:\/\/economiaportal.com\/#organization\"},\"potentialAction\":[{\"@type\":\"SearchAction\",\"target\":{\"@type\":\"EntryPoint\",\"urlTemplate\":\"https:\/\/economiaportal.com\/?s={search_term_string}\"},\"query-input\":{\"@type\":\"PropertyValueSpecification\",\"valueRequired\":true,\"valueName\":\"search_term_string\"}}],\"inLanguage\":\"tr\"},{\"@type\":\"Organization\",\"@id\":\"https:\/\/economiaportal.com\/#organization\",\"name\":\"Economia Portal\",\"url\":\"https:\/\/economiaportal.com\/\",\"logo\":{\"@type\":\"ImageObject\",\"inLanguage\":\"tr\",\"@id\":\"https:\/\/economiaportal.com\/#\/schema\/logo\/image\/\",\"url\":\"https:\/\/economiaportal.com\/wp-content\/uploads\/2024\/07\/cropped-Design-sem-nome.jpg\",\"contentUrl\":\"https:\/\/economiaportal.com\/wp-content\/uploads\/2024\/07\/cropped-Design-sem-nome.jpg\",\"width\":161,\"height\":45,\"caption\":\"Economia Portal\"},\"image\":{\"@id\":\"https:\/\/economiaportal.com\/#\/schema\/logo\/image\/\"}},{\"@type\":\"Person\",\"@id\":\"https:\/\/economiaportal.com\/#\/schema\/person\/1633c7ca22d836a68c8907ef39e510f5\",\"name\":\"admin\",\"image\":{\"@type\":\"ImageObject\",\"inLanguage\":\"tr\",\"@id\":\"https:\/\/economiaportal.com\/#\/schema\/person\/image\/\",\"url\":\"https:\/\/economiaportal.com\/wp-content\/litespeed\/avatar\/d8bb0a0d516772e3dd31e2f3e00e93bf.jpg?ver=1777005689\",\"contentUrl\":\"https:\/\/economiaportal.com\/wp-content\/litespeed\/avatar\/d8bb0a0d516772e3dd31e2f3e00e93bf.jpg?ver=1777005689\",\"caption\":\"admin\"},\"url\":\"https:\/\/economiaportal.com\/tr\/author\/admin\/\"}]}<\/script>\n<!-- \/ Yoast SEO plugin. -->","yoast_head_json":{"title":"Facebook'un Rengini De\u011fi\u015ftirin - Economia Portal","description":"Facebook'un rengini de\u011fi\u015ftirebilmek ve size daha \u00e7ok benzemesini sa\u011flamak g\u00fczel olmaz m\u0131yd\u0131? A\u015fa\u011f\u0131da nas\u0131l yapaca\u011f\u0131n\u0131z\u0131 \u00f6\u011frenin.","robots":{"index":"index","follow":"follow","max-snippet":"max-snippet:-1","max-image-preview":"max-image-preview:large","max-video-preview":"max-video-preview:-1"},"canonical":"https:\/\/economiaportal.com\/tr\/1879\/facebook-rengini-degistir\/","og_locale":"tr_TR","og_type":"article","og_title":"Mudar a Cor do Facebook - Economia Portal","og_description":"N\u00e3o seria legal poder Mudar a Cor do Facebook e deixa-lo mais parecido com voc\u00ea? Descubra v\u00e1rias formas de fazer isso abaixo.","og_url":"https:\/\/economiaportal.com\/tr\/1879\/facebook-rengini-degistir\/","og_site_name":"Economia Portal","article_published_time":"2025-03-04T14:07:38+00:00","article_modified_time":"2025-03-11T15:26:34+00:00","author":"admin","twitter_card":"summary_large_image","twitter_misc":{"Yazan:":"admin","Tahmini okuma s\u00fcresi":"5 dakika"},"schema":{"@context":"https:\/\/schema.org","@graph":[{"@type":"Article","@id":"https:\/\/economiaportal.com\/1879\/mudar-a-cor-do-facebook\/#article","isPartOf":{"@id":"https:\/\/economiaportal.com\/1879\/mudar-a-cor-do-facebook\/"},"author":{"name":"admin","@id":"https:\/\/economiaportal.com\/#\/schema\/person\/1633c7ca22d836a68c8907ef39e510f5"},"headline":"Mudar a Cor do Facebook","datePublished":"2025-03-04T14:07:38+00:00","dateModified":"2025-03-11T15:26:34+00:00","mainEntityOfPage":{"@id":"https:\/\/economiaportal.com\/1879\/mudar-a-cor-do-facebook\/"},"wordCount":859,"publisher":{"@id":"https:\/\/economiaportal.com\/#organization"},"keywords":["Action Laucher","Apex launcher","Color Change","Folio","Maki plus","Mudar a Cor do Facebook","Nova louncher","Stylish","Super Dark Mode","Swipe facebook"],"articleSection":["Uncategorized"],"inLanguage":"tr"},{"@type":"WebPage","@id":"https:\/\/economiaportal.com\/1879\/mudar-a-cor-do-facebook\/","url":"https:\/\/economiaportal.com\/1879\/mudar-a-cor-do-facebook\/","name":"Facebook'un Rengini De\u011fi\u015ftirin - Economia Portal","isPartOf":{"@id":"https:\/\/economiaportal.com\/#website"},"datePublished":"2025-03-04T14:07:38+00:00","dateModified":"2025-03-11T15:26:34+00:00","description":"Facebook'un rengini de\u011fi\u015ftirebilmek ve size daha \u00e7ok benzemesini sa\u011flamak g\u00fczel olmaz m\u0131yd\u0131? A\u015fa\u011f\u0131da nas\u0131l yapaca\u011f\u0131n\u0131z\u0131 \u00f6\u011frenin.","breadcrumb":{"@id":"https:\/\/economiaportal.com\/1879\/mudar-a-cor-do-facebook\/#breadcrumb"},"inLanguage":"tr","potentialAction":[{"@type":"ReadAction","target":["https:\/\/economiaportal.com\/1879\/mudar-a-cor-do-facebook\/"]}]},{"@type":"BreadcrumbList","@id":"https:\/\/economiaportal.com\/1879\/mudar-a-cor-do-facebook\/#breadcrumb","itemListElement":[{"@type":"ListItem","position":1,"name":"In\u00edcio","item":"https:\/\/economiaportal.com\/"},{"@type":"ListItem","position":2,"name":"Mudar a Cor do Facebook"}]},{"@type":"WebSite","@id":"https:\/\/economiaportal.com\/#website","url":"https:\/\/economiaportal.com\/","name":"Ekonomi Portal\u0131","description":"","publisher":{"@id":"https:\/\/economiaportal.com\/#organization"},"potentialAction":[{"@type":"SearchAction","target":{"@type":"EntryPoint","urlTemplate":"https:\/\/economiaportal.com\/?s={search_term_string}"},"query-input":{"@type":"PropertyValueSpecification","valueRequired":true,"valueName":"search_term_string"}}],"inLanguage":"tr"},{"@type":"Organization","@id":"https:\/\/economiaportal.com\/#organization","name":"Ekonomi Portal\u0131","url":"https:\/\/economiaportal.com\/","logo":{"@type":"ImageObject","inLanguage":"tr","@id":"https:\/\/economiaportal.com\/#\/schema\/logo\/image\/","url":"https:\/\/economiaportal.com\/wp-content\/uploads\/2024\/07\/cropped-Design-sem-nome.jpg","contentUrl":"https:\/\/economiaportal.com\/wp-content\/uploads\/2024\/07\/cropped-Design-sem-nome.jpg","width":161,"height":45,"caption":"Economia Portal"},"image":{"@id":"https:\/\/economiaportal.com\/#\/schema\/logo\/image\/"}},{"@type":"Person","@id":"https:\/\/economiaportal.com\/#\/schema\/person\/1633c7ca22d836a68c8907ef39e510f5","name":"y\u00f6netici","image":{"@type":"ImageObject","inLanguage":"tr","@id":"https:\/\/economiaportal.com\/#\/schema\/person\/image\/","url":"https:\/\/economiaportal.com\/wp-content\/litespeed\/avatar\/d8bb0a0d516772e3dd31e2f3e00e93bf.jpg?ver=1777005689","contentUrl":"https:\/\/economiaportal.com\/wp-content\/litespeed\/avatar\/d8bb0a0d516772e3dd31e2f3e00e93bf.jpg?ver=1777005689","caption":"admin"},"url":"https:\/\/economiaportal.com\/tr\/author\/admin\/"}]}},"_links":{"self":[{"href":"https:\/\/economiaportal.com\/tr\/wp-json\/wp\/v2\/posts\/1879","targetHints":{"allow":["GET"]}}],"collection":[{"href":"https:\/\/economiaportal.com\/tr\/wp-json\/wp\/v2\/posts"}],"about":[{"href":"https:\/\/economiaportal.com\/tr\/wp-json\/wp\/v2\/types\/post"}],"author":[{"embeddable":true,"href":"https:\/\/economiaportal.com\/tr\/wp-json\/wp\/v2\/users\/14"}],"replies":[{"embeddable":true,"href":"https:\/\/economiaportal.com\/tr\/wp-json\/wp\/v2\/comments?post=1879"}],"version-history":[{"count":10,"href":"https:\/\/economiaportal.com\/tr\/wp-json\/wp\/v2\/posts\/1879\/revisions"}],"predecessor-version":[{"id":1946,"href":"https:\/\/economiaportal.com\/tr\/wp-json\/wp\/v2\/posts\/1879\/revisions\/1946"}],"wp:attachment":[{"href":"https:\/\/economiaportal.com\/tr\/wp-json\/wp\/v2\/media?parent=1879"}],"wp:term":[{"taxonomy":"category","embeddable":true,"href":"https:\/\/economiaportal.com\/tr\/wp-json\/wp\/v2\/categories?post=1879"},{"taxonomy":"post_tag","embeddable":true,"href":"https:\/\/economiaportal.com\/tr\/wp-json\/wp\/v2\/tags?post=1879"}],"curies":[{"name":"wp","href":"https:\/\/api.w.org\/{rel}","templated":true}]}}