{"id":2232,"date":"2025-04-30T16:15:45","date_gmt":"2025-04-30T13:15:45","guid":{"rendered":"https:\/\/economiaportal.com\/?p=2232"},"modified":"2025-04-30T16:15:45","modified_gmt":"2025-04-30T13:15:45","slug":"yeni-papa-kim-olacak","status":"publish","type":"post","link":"https:\/\/economiaportal.com\/tr\/2232\/quem-vai-ser-o-novo-papa\/","title":{"rendered":"Yeni Papa Kim Olacak?"},"content":{"rendered":"<p>\u015eimdi Ke\u015ffedin<strong> Yeni Papa Kim Olacak?<\/strong> Francis&#039;in Halefinin Se\u00e7iminin Ad\u0131m Ad\u0131m Nas\u0131l \u00c7al\u0131\u015ft\u0131\u011f\u0131n\u0131 Anlay\u0131n<\/p>\n\n\n\n<style>\n.botao-container {\n    display: flex;\n    justify-content: center;\n    margin: 20px 0; \/* Espa\u00e7amento opcional *\/\n}\n\n.botao-estilizado {\n    display: inline-block;\n    padding: 12px 24px;\n    font-size: 18px;\n    font-weight: bold;\n    font-family: Arial, sans-serif; \/* Fonte Arial *\/\n    color: white;\n    background: linear-gradient(145deg, #FFC107, #FF8F00); \/* Tons amarelos e \u00e2mbar do Google *\/\n    border-radius: 8px;\n    box-shadow: 4px 4px 10px rgba(0, 0, 0, 0.2), \n                -2px -2px 5px rgba(255, 255, 255, 0.2);\n    text-decoration: none;\n    transition: all 0.3s ease-in-out;\n    text-align: center;\n}\n\n.botao-estilizado:hover {\n    background: linear-gradient(145deg, #FF8F00, #FF6F00); \/* Tom \u00e2mbar mais escuro no hover *\/\n    box-shadow: 2px 2px 8px rgba(0, 0, 0, 0.3), \n                -1px -1px 4px rgba(255, 255, 255, 0.1);\n    transform: translateY(-3px);\n}\n<\/style>\n\n<div class=\"botao-container\">\n    <a href=\"https:\/\/economiaportal.com\/tr\/2234\/\" class=\"botao-estilizado\">\u015eimdi Ke\u015ffedin<\/a>\n<\/div>\n\n\n\n<p><strong>Peki bir Papa&#039;n\u0131n \u00f6l\u00fcm\u00fcnden sonra ne olur?<\/strong><\/p>\n\n\n\n<p>Elbette, \u00f6l\u00fcm\u00fcnden sonra <strong>Papa Franciscus<\/strong>Katolik d\u00fcnyas\u0131 yasa bo\u011fuldu.<br><br>Ancak ayn\u0131 zamanda inan\u00e7l\u0131 kesimin ve uluslararas\u0131 bas\u0131n\u0131n \u00fczerinde b\u00fcy\u00fck beklentiler var.<br>O halde ka\u00e7\u0131n\u0131lmaz soru \u015fu: <strong><strong>yeni papa kim olacak<\/strong>?<\/strong><\/p>\n\n\n\n<p>Dolay\u0131s\u0131yla bu s\u00fcreci anlamak, Katolik Kilisesi&#039;nin 21. y\u00fczy\u0131lda ald\u0131\u011f\u0131 en \u00f6nemli kararlardan birini takip etmek a\u00e7\u0131s\u0131ndan \u00f6nemlidir.<br><br>Daha sonra konuyla ilgili t\u00fcm detaylar\u0131 g\u00f6receksiniz <strong>Konsey<\/strong>,&#039;ye <strong>se\u00e7ilme \u015fartlar\u0131<\/strong>, Sen <strong>en \u00e7ok al\u0131nt\u0131lanan isimler<\/strong> ve Kilise&#039;nin gelece\u011fine karar verme yetkisine sahip olan ki\u015fi.<\/p>\n\n\n\n<h2 class=\"wp-block-heading\">Yeni Papa Nas\u0131l Se\u00e7ilir?<\/h2>\n\n\n\n<p>\u0130lk olarak, yeni bir Papa&#039;n\u0131n se\u00e7ilme s\u00fcreci, Papal\u0131k T\u00f6reni ad\u0131 verilen ciddi bir t\u00f6renle ger\u00e7ekle\u015fir. <strong>Konsey<\/strong>.<br><br>Bu nedenle Vatikan, Konsey&#039;i \u015fu ki\u015filer aras\u0131nda toplar: <strong>15 ila 20 g\u00fcn<\/strong> Papa&#039;n\u0131n \u00f6l\u00fcm\u00fcnden sonra.<br><br>B\u00f6ylece, <strong>80 ya\u015f alt\u0131 kardinaller<\/strong> bulu\u015fmak <strong>Sistine \u015eapeli<\/strong>, Kilise&#039;nin yeni liderini se\u00e7mek \u00fczere Roma&#039;da topland\u0131.<\/p>\n\n\n\n<p>Daha sonra, kurallar\u0131 belirlenmi\u015f g\u00fcnl\u00fck gizli oylamalar ba\u015flar.<br><br>Zira Papa VI. Paul, sadece 80 ya\u015f\u0131n alt\u0131ndaki kardinallerin oy kullanma hakk\u0131na sahip olaca\u011f\u0131n\u0131 belirlemi\u015f, Papa 2. Jean Paul de 1996 y\u0131l\u0131nda bu kural\u0131 daha da g\u00fc\u00e7lendirmi\u015fti.<\/p>\n\n\n\n<h2 class=\"wp-block-heading\">Papa Olmak \u0130\u00e7in Asgari \u015eartlar Nelerdir?<\/h2>\n\n\n\n<p>\u0130lk ba\u015fta herhangi bir adam <strong>Katolik inanc\u0131na g\u00f6re vaftiz edilmi\u015f<\/strong> Papa se\u00e7ilebilir.<br>Ancak pratikte kardinaller genellikle kendi akranlar\u0131ndan birini, yani ba\u015fka bir kardinali se\u00e7erler.<br><br>Ayr\u0131ca se\u00e7ilen ki\u015finin maneviyat\u0131 g\u00fc\u00e7l\u00fc, ahlak anlay\u0131\u015f\u0131 tan\u0131nm\u0131\u015f, pastoral liderli\u011fi olan ve g\u00fcn\u00fcm\u00fcz d\u00fcnyas\u0131yla diyalog kurabilen biri olmas\u0131 gerekir.<\/p>\n\n\n\n<p>Ancak se\u00e7ilen ki\u015fi hen\u00fcz piskopos de\u011filse, <strong>hemen sipari\u015f edildi<\/strong> G\u00f6reve ba\u015flamadan \u00f6nce.<br><br>Dolay\u0131s\u0131yla bu tercihin manevi ve siyasi a\u00e7\u0131dan b\u00fcy\u00fck bir a\u011f\u0131rl\u0131\u011f\u0131 var.<\/p>\n\n\n\n<h2 class=\"wp-block-heading\">Konsey A\u015famalar\u0131: Oylama S\u00fcreci Nas\u0131l \u0130\u015fliyor?<\/h2>\n\n\n\n<p>\u0130lk olarak kardinaller bir <strong>mutlak gizlilik yemini<\/strong> oylamaya ba\u015flamadan \u00f6nce.<br><br>Daha sonra, anketler yap\u0131l\u0131r <strong>g\u00fcnde d\u00f6rt seans<\/strong>: sabah ikisi ve \u00f6\u011fleden sonra ikisi.<br>Ancak bir ismin se\u00e7ilmesi i\u00e7in; <strong>Oylar\u0131n 2\/3&#039;\u00fc<\/strong> t\u00fcm oy veren kardinallerin.<\/p>\n\n\n\n<p>Dolay\u0131s\u0131yla \u00fc\u00e7 g\u00fcn sonunda bir fikir birli\u011fi sa\u011flanamazsa, kardinaller dua etmek, d\u00fc\u015f\u00fcnmek ve gayr\u0131 resmi diyalog i\u00e7in bir mola verirler.<br><br>Zira s\u00fcre\u00e7 sadece demokratik bir tercihi de\u011fil, ayn\u0131 zamanda manevi bir rehberli\u011fi de hedeflemektedir.<\/p>\n\n\n\n<h2 class=\"wp-block-heading\">Kimin Se\u00e7ildi\u011fini Ne Zaman \u00d6\u011frenece\u011fiz?<\/h2>\n\n\n\n<p>Zira b\u00fct\u00fcn d\u00fcnya tek bir i\u015faret bekliyor: <strong>duman\u0131n rengi<\/strong>.<br>Bu nedenle kardinaller oy pusulalar\u0131n\u0131 yakt\u0131klar\u0131nda, Sistine \u015eapeli&#039;nin bacas\u0131ndan \u00e7\u0131kan duman sonucu g\u00f6steriyor.<br>E\u011fer \u00f6yleyse <strong>siyah<\/strong>, hen\u00fcz bir karar yok.<br>E\u011fer \u00f6yleyse <strong>beyaz<\/strong>, demek oluyor ki <strong>&quot;Babam\u0131z Var&quot;<\/strong> \u2014 yeni bir Papam\u0131z var!<\/p>\n\n\n\n<p>Sonra yeni lider balkonda belirir. <strong>Aziz Petrus Bazilikas\u0131<\/strong>ve Kardinal Protodeacon onun ad\u0131n\u0131 duyurur.<br>Bu an Kilise tarihine ge\u00e7er ve t\u00fcm d\u00fcnyaya canl\u0131 olarak yay\u0131nlan\u0131r.<\/p>\n\n\n\n<h2 class=\"wp-block-heading\">Oy Kullanma Yetkisi Kimdedir?<\/h2>\n\n\n\n<p>\u015eu anda yakla\u015f\u0131k <strong>120 kardinal<\/strong> oy kullanma hakk\u0131na sahiptirler.<br><br>Ancak, Konsey&#039;in ba\u015flamas\u0131ndan \u00f6nceki g\u00fcn itibar\u0131yla 80 ya\u015f\u0131n\u0131 doldurmam\u0131\u015f olanlar kat\u0131labilir.<br><br>Dolay\u0131s\u0131yla bu kardinaller Kilise&#039;nin b\u00fct\u00fcn k\u0131talar\u0131n\u0131 ve farkl\u0131 ideolojik ak\u0131mlar\u0131n\u0131 temsil etmektedir.<\/p>\n\n\n\n<p>Bu nedenle, karar \u015funlar\u0131 i\u00e7erir: <strong>co\u011frafi \u00e7e\u015fitlilik<\/strong>, teolojik ve pastoral.<br>Bu liderler \u00f6nceki Papalar taraf\u0131ndan atanm\u0131\u015ft\u0131; bu da adaylar\u0131n profilini etkiliyordu.<\/p>\n\n\n\n<h2 class=\"wp-block-heading\">Yeni Papa Olma \u0130htimali En Y\u00fcksek \u0130simler<\/h2>\n\n\n\n<p>Ancak hen\u00fcz resmi bir aday listesi bulunmuyor.<br>Ancak baz\u0131 isimler medya spek\u00fclasyonlar\u0131nda ve Vatikan uzmanlar\u0131 aras\u0131nda s\u00fcrekli yer al\u0131yor:<\/p>\n\n\n\n<ul class=\"wp-block-list\">\n<li><strong>Kardinal Matteo Zuppi (\u0130talya):<\/strong> Dinler aras\u0131 diyalo\u011fun savunucusu, bar\u0131\u015f \u00e7al\u0131\u015fmalar\u0131yla tan\u0131nan.<\/li>\n\n\n\n<li><strong>Kardinal Luis Antonio Tagle (Filipinler):<\/strong> Papa Francis&#039;e yak\u0131n, gen\u00e7ler aras\u0131nda g\u00fc\u00e7l\u00fc bir \u00e7ekicili\u011fe sahip ve sosyal bir odak noktas\u0131.<\/li>\n\n\n\n<li><strong>Kardinal Peter Turkson (Gana):<\/strong> \u00c7evresel sorunlar ve k\u00fcresel sosyal adalet konular\u0131nda sayg\u0131n bir ses.<\/li>\n\n\n\n<li><strong>Kardinal Odilo Scherer (Brezilya):<\/strong> S\u00e3o Paulo Ba\u015fpiskoposu, Roma Curia&#039;s\u0131nda m\u00fckemmel ba\u011flant\u0131lar\u0131 olan.<\/li>\n<\/ul>\n\n\n\n<p>Ancak Papa Francis bunun en b\u00fcy\u00fck kan\u0131t\u0131d\u0131r. <strong>s\u00fcrprizler olabilir<\/strong>.<br>Zira 2013&#039;te se\u00e7ilmesini bekleyen \u00e7ok az ki\u015fi vard\u0131.<\/p>\n\n\n\n<h2 class=\"wp-block-heading\">Se\u00e7im \u0130\u00e7in Son Tarih Var M\u0131?<\/h2>\n\n\n\n<p>Evet, Hukuk Muhakemeleri Usul\u00fc Kanunu&#039;nda s\u00fcreler tan\u0131mlanm\u0131\u015ft\u0131r.<br>Bu nedenle, Konsey&#039;in ba\u015flamas\u0131 gerekir. <strong>Papa&#039;n\u0131n \u00f6l\u00fcm\u00fcnden sonra en ge\u00e7 20 g\u00fcn<\/strong>.<\/p>\n\n\n\n<p>Bu, kardinallere Roma&#039;ya seyahat etmeleri, cenaze t\u00f6renlerine kat\u0131lmalar\u0131 ve kendilerini ruhsal olarak haz\u0131rlamalar\u0131 i\u00e7in zaman kazand\u0131r\u0131yor.<br>Ancak oylama genellikle h\u0131zl\u0131d\u0131r: Son toplant\u0131lar aras\u0131nda s\u00fcrd\u00fc <strong>2 ve 5 g\u00fcn<\/strong>.<\/p>\n\n\n\n<h2 class=\"wp-block-heading\">Yeni Papa&#039;n\u0131n Rol\u00fc Nedir?<\/h2>\n\n\n\n<p>Sonu\u00e7ta yeni Papa olacak <strong>Katolik Kilisesi&#039;nin ba\u015f\u0131<\/strong>, &#039;den fazla ile <strong>1,3 milyar sad\u0131k<\/strong>.<br>Ayr\u0131ca Vatikan Devleti&#039;ne liderlik edecek ve a\u015fa\u011f\u0131daki konularda etkili bir ses olacak: <strong>etik, sosyal adalet, yoksulluk, g\u00f6\u00e7 ve \u00e7evre<\/strong>.<\/p>\n\n\n\n<p>Dolay\u0131s\u0131yla se\u00e7im, apostolik gelene\u011fin ruhunu kaybetmeden, \u00e7a\u011fda\u015f zorluklar\u0131 anlayan birini yans\u0131tmal\u0131d\u0131r.<br>Yeni Papa ayn\u0131 zamanda taciz skandallar\u0131, mesleklerdeki gerileme ve di\u011fer dinlerle diyalog gibi hassas konular\u0131 da miras alacak.<\/p>\n\n\n\n<h2 class=\"wp-block-heading\">Sonu\u00e7: Kilise&#039;nin Gelece\u011fi Gelecek Papa&#039;n\u0131n Elinde<\/h2>\n\n\n\n<p>K\u0131sacas\u0131, yeni papan\u0131n kim olaca\u011f\u0131 sadece dini bir olay de\u011fil: bir and\u0131r. <strong>tarihi, manevi ve politik<\/strong>.<br>Zira Katolik Kilisesi\u2019nin gelece\u011fi ve d\u00fcnyadaki varl\u0131\u011f\u0131 do\u011frudan do\u011fruya bu tercihe ba\u011fl\u0131d\u0131r.<\/p>\n\n\n\n<p>Bu nedenle, \u015funu takip edin: <strong>Konsey<\/strong>, perde arkas\u0131n\u0131 anlamak ve de\u011ferlendirilen isimleri bilmek her Katolik i\u00e7in ve din, jeopolitik veya k\u00fclt\u00fcrle ilgilenen herkes i\u00e7in \u00f6nemlidir.<\/p>\n\n\n\n<p>Vatikan&#039;da perde arkas\u0131nda neler olup bitti\u011fi hakk\u0131nda daha fazla bilgi edinmek veya Konsey hakk\u0131nda g\u00fcncellemeler almak istiyorsan\u0131z, <strong>Gelecek makaleler i\u00e7in bizi izlemeye devam edin<\/strong> Burada blogda.<\/p>\n\n\n\n<p>Bir konu \u00f6nermek veya soru sormak m\u0131 istiyorsunuz?<br>A\u015fa\u011f\u0131ya yorum yap\u0131n, size yard\u0131mc\u0131 olmak i\u00e7in buraday\u0131z!<\/p>\n\n\n\n<p><\/p>","protected":false},"excerpt":{"rendered":"<p>\u015eimdi Yeni Papa&#039;n\u0131n Kim Olaca\u011f\u0131n\u0131 \u00d6\u011frenin Francis&#039;in Halefinin Se\u00e7iminin Ad\u0131m Ad\u0131m Nas\u0131l \u0130\u015fledi\u011fini \u00d6\u011frenin \u015eimdi \u00d6\u011frenin Sonu\u00e7ta, ... \u00f6ld\u00fckten sonra ne olur? <\/p>","protected":false},"author":19,"featured_media":0,"comment_status":"closed","ping_status":"closed","sticky":false,"template":"","format":"standard","meta":{"footnotes":""},"categories":[6],"tags":[439,1486,1484,1482,1403],"class_list":["post-2232","post","type-post","status-publish","format-standard","hentry","category-apps","tag-aplicativo","tag-igreja-catolica","tag-papa","tag-roma","tag-vaticano","latest_post"],"yoast_head":"<!-- This site is optimized with the Yoast SEO plugin v26.8 - https:\/\/yoast.com\/product\/yoast-seo-wordpress\/ -->\n<title>Quem Vai Ser o Novo Papa? - Economia Portal<\/title>\n<meta name=\"description\" content=\"Descubra Agora Quem Vai Ser o Novo Papa? Entenda Como Funciona a Escolha do Sucessor de Francisco,Leia Este Artigo\" \/>\n<meta name=\"robots\" content=\"index, follow, max-snippet:-1, max-image-preview:large, max-video-preview:-1\" \/>\n<link rel=\"canonical\" href=\"https:\/\/economiaportal.com\/tr\/2232\/yeni-papa-kim-olacak\/\" \/>\n<meta property=\"og:locale\" content=\"tr_TR\" \/>\n<meta property=\"og:type\" content=\"article\" \/>\n<meta property=\"og:title\" content=\"Quem Vai Ser o Novo Papa? - Economia Portal\" \/>\n<meta property=\"og:description\" content=\"Descubra Agora Quem Vai Ser o Novo Papa? Entenda Como Funciona a Escolha do Sucessor de Francisco,Leia Este Artigo\" \/>\n<meta property=\"og:url\" content=\"https:\/\/economiaportal.com\/tr\/2232\/yeni-papa-kim-olacak\/\" \/>\n<meta property=\"og:site_name\" content=\"Economia Portal\" \/>\n<meta property=\"article:published_time\" content=\"2025-04-30T13:15:45+00:00\" \/>\n<meta name=\"author\" content=\"Isaac\" \/>\n<meta name=\"twitter:card\" content=\"summary_large_image\" \/>\n<meta name=\"twitter:label1\" content=\"Yazan:\" \/>\n\t<meta name=\"twitter:data1\" content=\"Isaac\" \/>\n\t<meta name=\"twitter:label2\" content=\"Tahmini okuma s\u00fcresi\" \/>\n\t<meta name=\"twitter:data2\" content=\"6 dakika\" \/>\n<script type=\"application\/ld+json\" class=\"yoast-schema-graph\">{\"@context\":\"https:\/\/schema.org\",\"@graph\":[{\"@type\":\"Article\",\"@id\":\"https:\/\/economiaportal.com\/2232\/quem-vai-ser-o-novo-papa\/#article\",\"isPartOf\":{\"@id\":\"https:\/\/economiaportal.com\/2232\/quem-vai-ser-o-novo-papa\/\"},\"author\":{\"name\":\"Isaac\",\"@id\":\"https:\/\/economiaportal.com\/#\/schema\/person\/9330abe31ca5cda123112e1767c9a0bc\"},\"headline\":\"Quem Vai Ser o Novo Papa?\",\"datePublished\":\"2025-04-30T13:15:45+00:00\",\"mainEntityOfPage\":{\"@id\":\"https:\/\/economiaportal.com\/2232\/quem-vai-ser-o-novo-papa\/\"},\"wordCount\":1043,\"publisher\":{\"@id\":\"https:\/\/economiaportal.com\/#organization\"},\"keywords\":[\"aplicativo\",\"igreja catolica\",\"papa\",\"roma\",\"vaticano\"],\"articleSection\":[\"Apps\"],\"inLanguage\":\"tr\"},{\"@type\":\"WebPage\",\"@id\":\"https:\/\/economiaportal.com\/2232\/quem-vai-ser-o-novo-papa\/\",\"url\":\"https:\/\/economiaportal.com\/2232\/quem-vai-ser-o-novo-papa\/\",\"name\":\"Quem Vai Ser o Novo Papa? - Economia Portal\",\"isPartOf\":{\"@id\":\"https:\/\/economiaportal.com\/#website\"},\"datePublished\":\"2025-04-30T13:15:45+00:00\",\"description\":\"Descubra Agora Quem Vai Ser o Novo Papa? Entenda Como Funciona a Escolha do Sucessor de Francisco,Leia Este Artigo\",\"breadcrumb\":{\"@id\":\"https:\/\/economiaportal.com\/2232\/quem-vai-ser-o-novo-papa\/#breadcrumb\"},\"inLanguage\":\"tr\",\"potentialAction\":[{\"@type\":\"ReadAction\",\"target\":[\"https:\/\/economiaportal.com\/2232\/quem-vai-ser-o-novo-papa\/\"]}]},{\"@type\":\"BreadcrumbList\",\"@id\":\"https:\/\/economiaportal.com\/2232\/quem-vai-ser-o-novo-papa\/#breadcrumb\",\"itemListElement\":[{\"@type\":\"ListItem\",\"position\":1,\"name\":\"In\u00edcio\",\"item\":\"https:\/\/economiaportal.com\/\"},{\"@type\":\"ListItem\",\"position\":2,\"name\":\"Quem Vai Ser o Novo Papa?\"}]},{\"@type\":\"WebSite\",\"@id\":\"https:\/\/economiaportal.com\/#website\",\"url\":\"https:\/\/economiaportal.com\/\",\"name\":\"Economia Portal\",\"description\":\"\",\"publisher\":{\"@id\":\"https:\/\/economiaportal.com\/#organization\"},\"potentialAction\":[{\"@type\":\"SearchAction\",\"target\":{\"@type\":\"EntryPoint\",\"urlTemplate\":\"https:\/\/economiaportal.com\/?s={search_term_string}\"},\"query-input\":{\"@type\":\"PropertyValueSpecification\",\"valueRequired\":true,\"valueName\":\"search_term_string\"}}],\"inLanguage\":\"tr\"},{\"@type\":\"Organization\",\"@id\":\"https:\/\/economiaportal.com\/#organization\",\"name\":\"Economia Portal\",\"url\":\"https:\/\/economiaportal.com\/\",\"logo\":{\"@type\":\"ImageObject\",\"inLanguage\":\"tr\",\"@id\":\"https:\/\/economiaportal.com\/#\/schema\/logo\/image\/\",\"url\":\"https:\/\/economiaportal.com\/wp-content\/uploads\/2024\/07\/cropped-Design-sem-nome.jpg\",\"contentUrl\":\"https:\/\/economiaportal.com\/wp-content\/uploads\/2024\/07\/cropped-Design-sem-nome.jpg\",\"width\":161,\"height\":45,\"caption\":\"Economia Portal\"},\"image\":{\"@id\":\"https:\/\/economiaportal.com\/#\/schema\/logo\/image\/\"}},{\"@type\":\"Person\",\"@id\":\"https:\/\/economiaportal.com\/#\/schema\/person\/9330abe31ca5cda123112e1767c9a0bc\",\"name\":\"Isaac\",\"image\":{\"@type\":\"ImageObject\",\"inLanguage\":\"tr\",\"@id\":\"https:\/\/economiaportal.com\/#\/schema\/person\/image\/\",\"url\":\"https:\/\/economiaportal.com\/wp-content\/litespeed\/avatar\/af70d796a465de0de2b395cc700a1b9e.jpg?ver=1777030835\",\"contentUrl\":\"https:\/\/economiaportal.com\/wp-content\/litespeed\/avatar\/af70d796a465de0de2b395cc700a1b9e.jpg?ver=1777030835\",\"caption\":\"Isaac\"},\"url\":\"https:\/\/economiaportal.com\/tr\/author\/isaac\/\"}]}<\/script>\n<!-- \/ Yoast SEO plugin. -->","yoast_head_json":{"title":"Yeni Papa Kim Olacak? - Ekonomi Portal\u0131","description":"Yeni Papa'n\u0131n Kim Olaca\u011f\u0131n\u0131 \u015eimdi \u00d6\u011frenin? Francis'in Halefinin Se\u00e7iminin Nas\u0131l \u0130\u015fledi\u011fini Anlay\u0131n,Bu Makaleyi Okuyun","robots":{"index":"index","follow":"follow","max-snippet":"max-snippet:-1","max-image-preview":"max-image-preview:large","max-video-preview":"max-video-preview:-1"},"canonical":"https:\/\/economiaportal.com\/tr\/2232\/yeni-papa-kim-olacak\/","og_locale":"tr_TR","og_type":"article","og_title":"Quem Vai Ser o Novo Papa? - Economia Portal","og_description":"Descubra Agora Quem Vai Ser o Novo Papa? Entenda Como Funciona a Escolha do Sucessor de Francisco,Leia Este Artigo","og_url":"https:\/\/economiaportal.com\/tr\/2232\/yeni-papa-kim-olacak\/","og_site_name":"Economia Portal","article_published_time":"2025-04-30T13:15:45+00:00","author":"Isaac","twitter_card":"summary_large_image","twitter_misc":{"Yazan:":"Isaac","Tahmini okuma s\u00fcresi":"6 dakika"},"schema":{"@context":"https:\/\/schema.org","@graph":[{"@type":"Article","@id":"https:\/\/economiaportal.com\/2232\/quem-vai-ser-o-novo-papa\/#article","isPartOf":{"@id":"https:\/\/economiaportal.com\/2232\/quem-vai-ser-o-novo-papa\/"},"author":{"name":"Isaac","@id":"https:\/\/economiaportal.com\/#\/schema\/person\/9330abe31ca5cda123112e1767c9a0bc"},"headline":"Quem Vai Ser o Novo Papa?","datePublished":"2025-04-30T13:15:45+00:00","mainEntityOfPage":{"@id":"https:\/\/economiaportal.com\/2232\/quem-vai-ser-o-novo-papa\/"},"wordCount":1043,"publisher":{"@id":"https:\/\/economiaportal.com\/#organization"},"keywords":["aplicativo","igreja catolica","papa","roma","vaticano"],"articleSection":["Apps"],"inLanguage":"tr"},{"@type":"WebPage","@id":"https:\/\/economiaportal.com\/2232\/quem-vai-ser-o-novo-papa\/","url":"https:\/\/economiaportal.com\/2232\/quem-vai-ser-o-novo-papa\/","name":"Yeni Papa Kim Olacak? - Ekonomi Portal\u0131","isPartOf":{"@id":"https:\/\/economiaportal.com\/#website"},"datePublished":"2025-04-30T13:15:45+00:00","description":"Yeni Papa'n\u0131n Kim Olaca\u011f\u0131n\u0131 \u015eimdi \u00d6\u011frenin? Francis'in Halefinin Se\u00e7iminin Nas\u0131l \u0130\u015fledi\u011fini Anlay\u0131n,Bu Makaleyi Okuyun","breadcrumb":{"@id":"https:\/\/economiaportal.com\/2232\/quem-vai-ser-o-novo-papa\/#breadcrumb"},"inLanguage":"tr","potentialAction":[{"@type":"ReadAction","target":["https:\/\/economiaportal.com\/2232\/quem-vai-ser-o-novo-papa\/"]}]},{"@type":"BreadcrumbList","@id":"https:\/\/economiaportal.com\/2232\/quem-vai-ser-o-novo-papa\/#breadcrumb","itemListElement":[{"@type":"ListItem","position":1,"name":"In\u00edcio","item":"https:\/\/economiaportal.com\/"},{"@type":"ListItem","position":2,"name":"Quem Vai Ser o Novo Papa?"}]},{"@type":"WebSite","@id":"https:\/\/economiaportal.com\/#website","url":"https:\/\/economiaportal.com\/","name":"Ekonomi Portal\u0131","description":"","publisher":{"@id":"https:\/\/economiaportal.com\/#organization"},"potentialAction":[{"@type":"SearchAction","target":{"@type":"EntryPoint","urlTemplate":"https:\/\/economiaportal.com\/?s={search_term_string}"},"query-input":{"@type":"PropertyValueSpecification","valueRequired":true,"valueName":"search_term_string"}}],"inLanguage":"tr"},{"@type":"Organization","@id":"https:\/\/economiaportal.com\/#organization","name":"Ekonomi Portal\u0131","url":"https:\/\/economiaportal.com\/","logo":{"@type":"ImageObject","inLanguage":"tr","@id":"https:\/\/economiaportal.com\/#\/schema\/logo\/image\/","url":"https:\/\/economiaportal.com\/wp-content\/uploads\/2024\/07\/cropped-Design-sem-nome.jpg","contentUrl":"https:\/\/economiaportal.com\/wp-content\/uploads\/2024\/07\/cropped-Design-sem-nome.jpg","width":161,"height":45,"caption":"Economia Portal"},"image":{"@id":"https:\/\/economiaportal.com\/#\/schema\/logo\/image\/"}},{"@type":"Person","@id":"https:\/\/economiaportal.com\/#\/schema\/person\/9330abe31ca5cda123112e1767c9a0bc","name":"\u0130shak","image":{"@type":"ImageObject","inLanguage":"tr","@id":"https:\/\/economiaportal.com\/#\/schema\/person\/image\/","url":"https:\/\/economiaportal.com\/wp-content\/litespeed\/avatar\/af70d796a465de0de2b395cc700a1b9e.jpg?ver=1777030835","contentUrl":"https:\/\/economiaportal.com\/wp-content\/litespeed\/avatar\/af70d796a465de0de2b395cc700a1b9e.jpg?ver=1777030835","caption":"Isaac"},"url":"https:\/\/economiaportal.com\/tr\/author\/isaac\/"}]}},"_links":{"self":[{"href":"https:\/\/economiaportal.com\/tr\/wp-json\/wp\/v2\/posts\/2232","targetHints":{"allow":["GET"]}}],"collection":[{"href":"https:\/\/economiaportal.com\/tr\/wp-json\/wp\/v2\/posts"}],"about":[{"href":"https:\/\/economiaportal.com\/tr\/wp-json\/wp\/v2\/types\/post"}],"author":[{"embeddable":true,"href":"https:\/\/economiaportal.com\/tr\/wp-json\/wp\/v2\/users\/19"}],"replies":[{"embeddable":true,"href":"https:\/\/economiaportal.com\/tr\/wp-json\/wp\/v2\/comments?post=2232"}],"version-history":[{"count":2,"href":"https:\/\/economiaportal.com\/tr\/wp-json\/wp\/v2\/posts\/2232\/revisions"}],"predecessor-version":[{"id":2240,"href":"https:\/\/economiaportal.com\/tr\/wp-json\/wp\/v2\/posts\/2232\/revisions\/2240"}],"wp:attachment":[{"href":"https:\/\/economiaportal.com\/tr\/wp-json\/wp\/v2\/media?parent=2232"}],"wp:term":[{"taxonomy":"category","embeddable":true,"href":"https:\/\/economiaportal.com\/tr\/wp-json\/wp\/v2\/categories?post=2232"},{"taxonomy":"post_tag","embeddable":true,"href":"https:\/\/economiaportal.com\/tr\/wp-json\/wp\/v2\/tags?post=2232"}],"curies":[{"name":"wp","href":"https:\/\/api.w.org\/{rel}","templated":true}]}}