{"id":550,"date":"2023-04-04T23:56:40","date_gmt":"2023-04-04T20:56:40","guid":{"rendered":"https:\/\/economiaportal.com\/?p=550"},"modified":"2024-11-28T23:01:57","modified_gmt":"2024-11-28T20:01:57","slug":"havacilik-acik-yarismasi","status":"publish","type":"post","link":"https:\/\/economiaportal.com\/tr\/550\/concurso-aberto-da-aeronautica\/","title":{"rendered":"Hava Kuvvetleri A\u00e7\u0131k \u0130halesi"},"content":{"rendered":"<p>A\u00e7\u0131k havac\u0131l\u0131k yar\u0131\u015fmas\u0131, t\u00fcm detaylar\u0131 bilmek ister misiniz? Tarih, kay\u0131t, maa\u015flar, s\u0131navda ne olacak, burada kal\u0131n.<\/p>\n\n\n\n<p>Brezilya Hava Kuvvetleri u\u00e7aklar\u0131ndan birini u\u00e7urmay\u0131 kim asla hayal etmedi? Pilotluk Silahl\u0131 Kuvvetlerin sahip oldu\u011fu i\u015flevlerden biridir. <\/p>\n\n\n\n<p>Dolay\u0131s\u0131yla bu r\u00fcyay\u0131 g\u00f6ren biriyseniz, an\u0131n\u0131z sand\u0131\u011f\u0131n\u0131zdan daha yak\u0131n olabilir. <\/p>\n\n\n\n<p>Hava Kuvvetleri, 140 kontenjan\u0131n mevcut oldu\u011fu \u00f6\u011frenci yar\u0131\u015fmas\u0131n\u0131 a\u00e7t\u0131; ilgili taraflar\u0131n kay\u0131t yapt\u0131rmas\u0131 ve se\u00e7im s\u00fcrecinden ge\u00e7mesi gerekiyor. <\/p>\n\n\n\n<p>A\u00e7\u0131k Havac\u0131l\u0131k Yar\u0131\u015fmas\u0131 hakk\u0131nda her \u015feyi bilmek ister misiniz? Laf\u0131 fazla uzatmadan as\u0131l konumuza ge\u00e7elim. <\/p>\n\n\n\n<h2 class=\"wp-block-heading\">Hava Kuvvetlerinde bo\u015f kontenjanlar<\/h2>\n\n\n\n<p>Ba\u015flang\u0131\u00e7ta, Harbiyeli Haz\u0131rl\u0131k Kursu i\u00e7in kontenjanlar s\u0131n\u0131rl\u0131d\u0131r; sadece 140 kontenjan bulunmaktad\u0131r. Bu \u015fekilde, her iki cinsiyet de ilk\u00f6\u011fretime zorunlu olarak kay\u0131t yapt\u0131rabilir. <\/p>\n\n\n\n<p>Kay\u0131t i\u00e7in minimum ya\u015f 15, maksimum ya\u015f ise 18&#039;dir. 31 Aral\u0131k 2024&#039;e kadar tamamlay\u0131n. <\/p>\n\n\n\n<p>Y\u00fckseklik \u015fart\u0131 vard\u0131r, 1,64 m&#039;den az, 1,87 m&#039;den b\u00fcy\u00fck olamaz. <\/p>\n\n\n\n<p>Kursun 2024&#039;te ba\u015flayaca\u011f\u0131n\u0131, dolay\u0131s\u0131yla kay\u0131t olmadan \u00f6nce t\u00fcm bu \u015fartlar\u0131n yerine getirilmesi gerekti\u011fini hat\u0131rlat\u0131r\u0131z.  <\/p>\n\n\n\n<p>Hava Harp Okulu&#039;na kay\u0131tl\u0131 t\u00fcm \u00f6\u011frencilere yiyecek ve \u00fcniforman\u0131n yan\u0131 s\u0131ra sabit bir \u00fccret verilecektir. <\/p>\n\n\n\n<p>Ayr\u0131ca konaklama, t\u0131bbi-hastane yard\u0131m\u0131 ve di\u015f bak\u0131m\u0131 deste\u011fi de alacaklar. Bu sayede hava kuvvetleri t\u00fcm yap\u0131y\u0131 \u00f6\u011frencilerine sunmaktad\u0131r. <\/p>\n\n\n\n<p>B\u00f6ylece d\u00f6nemi tamamlad\u0131ktan sonra askeri kariyere devam edebileceksiniz. <\/p>\n\n\n\n<h2 class=\"wp-block-heading\">A\u00e7\u0131k havac\u0131l\u0131k yar\u0131\u015fmas\u0131na kay\u0131t<\/h2>\n\n\n\n<p>\u00d6ncelikle yukar\u0131daki \u015fartlara ba\u011fl\u0131 olarak ilgilenen herkesin online kay\u0131t yapt\u0131rmas\u0131 gerekmektedir. Ba\u015fka hi\u00e7bir \u015fekilde kay\u0131t yap\u0131lmayacakt\u0131r, sadece online olarak kay\u0131t yap\u0131lacakt\u0131r. <\/p>\n\n\n\n<p>Kay\u0131tlar\u0131n ba\u015flamas\u0131 i\u00e7in se\u00e7ilen tarih 4 Nisan olup, sabah 10&#039;da ba\u015flayacak ve kapan\u0131\u015f\u0131n 20&#039;sinde sabah 9&#039;da yap\u0131lmas\u0131 planlan\u0131yor.<\/p>\n\n\n\n<figure class=\"wp-block-pullquote\"><blockquote><p><a href=\"https:\/\/economiaportal.com\/tr\/2023\/03\/29\/yatirim-yapmaya-baslamak-i%cc%87ci%cc%87n-bi%cc%87li%cc%87nmesi%cc%87-gerekenler\/\">Yat\u0131r\u0131m yapmaya ba\u015flamak i\u00e7in ne bilmeli?<\/a><\/p><cite>ekonomiportal.com<\/cite><\/blockquote><\/figure>\n\n\n\n<p>Bu nedenle kay\u0131t s\u00fcresinin k\u0131sa olmas\u0131 nedeniyle ilgilenenlerin dikkat etmesi gerekmektedir. Kay\u0131t olmak i\u00e7in ilgililerin \u015fu adresi ziyaret etmeleri gerekmektedir: <a href=\"https:\/\/www.fab.mil.br\/ingresso\/\">Harbiyeli Haz\u0131rl\u0131k Okulu<\/a>.  <\/p>\n\n\n\n<p>Kay\u0131t formunu doldurman\u0131z ve \u00fccreti \u00f6demeniz gerekmektedir; miktar R$ 80&#039;dir. Cad\u00danico&#039;ya kay\u0131tl\u0131 ki\u015filer veya kemik ili\u011fi ba\u011f\u0131\u015f\u00e7\u0131lar\u0131 i\u00e7in muafiyet. <\/p>\n\n\n\n<h2 class=\"wp-block-heading\">Yar\u0131\u015fman\u0131n A\u015famalar\u0131 Nelerdir?<\/h2>\n\n\n\n<p>\u0130lk olarak, hem eleme hem de s\u0131n\u0131fland\u0131rma niteli\u011fine sahip olan yaz\u0131l\u0131 bir s\u0131nav olacakt\u0131r. Ayr\u0131ca bir makale, sa\u011fl\u0131k muayenesi ve psikolojik de\u011ferlendirme de olacak. <\/p>\n\n\n\n<p>Ayr\u0131ca fiziksel bir test ve hetero-kimli\u011fin kan\u0131tlanmas\u0131. Son olarak, bir belge kontrol\u00fc ve hepsi bu. S\u00fcre\u00e7ler eleme niteli\u011findedir, dolay\u0131s\u0131yla yaln\u0131zca en iyi 140 s\u0131n\u0131fland\u0131r\u0131lm\u0131\u015f olan girer. <\/p>\n\n\n\n<p>Yaz\u0131l\u0131 s\u0131nav i\u00e7in se\u00e7ilen g\u00fcn 2 Temmuz 2023&#039;t\u00fc. S\u0131navlar\u0131n yap\u0131laca\u011f\u0131 yer olarak 10 \u015fehir se\u00e7ilen baz\u0131 adaylar\u0131n bu yerlere gitmesi gerekecek. <\/p>\n\n\n\n<p>Minas Gerais&#039;te se\u00e7ilen \u015fehir, ba\u015fkent S\u00e3o Paulo&#039;daki Barbacena ve Pirassununga&#039;yd\u0131. Campo Grande \u015fehri Mato Grosso do Sul&#039;da. <\/p>\n\n\n\n<p>Federal B\u00f6lgedeki Curitiba \u015fehri Paran\u00e1&#039;dan gelen adaylar i\u00e7in se\u00e7ilen \u015fehir Bras\u00edlia idi. Amazonas&#039;ta Manaus \u015fehri, Roraima&#039;da Boa Vista ve son olarak Rond\u00f4nia, Porto Velho. <\/p>\n\n\n\n<p>Tarih i\u00e7in takipte kal\u0131n ve kay\u0131t olun. \u0130yi \u015fanlar!<\/p>","protected":false},"excerpt":{"rendered":"<p>A\u00e7\u0131k havac\u0131l\u0131k yar\u0131\u015fmas\u0131, t\u00fcm detaylar\u0131 bilmek ister misiniz? Tarih, kay\u0131t, maa\u015flar, s\u0131navda ne olacak, burada kal\u0131n. Kim hi\u00e7 u\u00e7may\u0131 hayal etmedi ki\u2026 <\/p>","protected":false},"author":14,"featured_media":1624,"comment_status":"closed","ping_status":"open","sticky":false,"template":"","format":"standard","meta":{"footnotes":""},"categories":[377],"tags":[420,422,421,423],"class_list":["post-550","post","type-post","status-publish","format-standard","has-post-thumbnail","hentry","category-concursos","tag-concurso-aberto-da-aeronautica","tag-inscricoes-para-o-concurso-aberto-da-aeronautica","tag-quais-as-etapas-do-concurso","tag-vagas-para-a-aeronautica","latest_post"],"yoast_head":"<!-- This site is optimized with the Yoast SEO plugin v26.8 - https:\/\/yoast.com\/product\/yoast-seo-wordpress\/ -->\n<title>Concurso aberto da aeron\u00e1utica - Economia Portal<\/title>\n<meta name=\"description\" content=\"Concurso aberto da aeron\u00e1utica, quer saber de todos os detalhes? Data, inscri\u00e7\u00e3o, sal\u00e1rios, o que vai cair na prova, fique aqui.\" \/>\n<meta name=\"robots\" content=\"index, follow, max-snippet:-1, max-image-preview:large, max-video-preview:-1\" \/>\n<link rel=\"canonical\" href=\"https:\/\/economiaportal.com\/tr\/550\/havacilik-acik-yarismasi\/\" \/>\n<meta property=\"og:locale\" content=\"tr_TR\" \/>\n<meta property=\"og:type\" content=\"article\" \/>\n<meta property=\"og:title\" content=\"Concurso aberto da aeron\u00e1utica - Economia Portal\" \/>\n<meta property=\"og:description\" content=\"Concurso aberto da aeron\u00e1utica, quer saber de todos os detalhes? Data, inscri\u00e7\u00e3o, sal\u00e1rios, o que vai cair na prova, fique aqui.\" \/>\n<meta property=\"og:url\" content=\"https:\/\/economiaportal.com\/tr\/550\/havacilik-acik-yarismasi\/\" \/>\n<meta property=\"og:site_name\" content=\"Economia Portal\" \/>\n<meta property=\"article:published_time\" content=\"2023-04-04T20:56:40+00:00\" \/>\n<meta property=\"article:modified_time\" content=\"2024-11-28T20:01:57+00:00\" \/>\n<meta property=\"og:image\" content=\"https:\/\/economiaportal.com\/wp-content\/uploads\/2023\/04\/CAPA-APP.webp\" \/>\n\t<meta property=\"og:image:width\" content=\"1000\" \/>\n\t<meta property=\"og:image:height\" content=\"800\" \/>\n\t<meta property=\"og:image:type\" content=\"image\/webp\" \/>\n<meta name=\"author\" content=\"admin\" \/>\n<meta name=\"twitter:card\" content=\"summary_large_image\" \/>\n<meta name=\"twitter:label1\" content=\"Yazan:\" \/>\n\t<meta name=\"twitter:data1\" content=\"admin\" \/>\n\t<meta name=\"twitter:label2\" content=\"Tahmini okuma s\u00fcresi\" \/>\n\t<meta name=\"twitter:data2\" content=\"4 dakika\" \/>\n<script type=\"application\/ld+json\" class=\"yoast-schema-graph\">{\"@context\":\"https:\/\/schema.org\",\"@graph\":[{\"@type\":\"Article\",\"@id\":\"https:\/\/economiaportal.com\/550\/concurso-aberto-da-aeronautica\/#article\",\"isPartOf\":{\"@id\":\"https:\/\/economiaportal.com\/550\/concurso-aberto-da-aeronautica\/\"},\"author\":{\"name\":\"admin\",\"@id\":\"https:\/\/economiaportal.com\/#\/schema\/person\/1633c7ca22d836a68c8907ef39e510f5\"},\"headline\":\"Concurso aberto da aeron\u00e1utica\",\"datePublished\":\"2023-04-04T20:56:40+00:00\",\"dateModified\":\"2024-11-28T20:01:57+00:00\",\"mainEntityOfPage\":{\"@id\":\"https:\/\/economiaportal.com\/550\/concurso-aberto-da-aeronautica\/\"},\"wordCount\":595,\"publisher\":{\"@id\":\"https:\/\/economiaportal.com\/#organization\"},\"image\":{\"@id\":\"https:\/\/economiaportal.com\/550\/concurso-aberto-da-aeronautica\/#primaryimage\"},\"thumbnailUrl\":\"https:\/\/economiaportal.com\/wp-content\/uploads\/2023\/04\/CAPA-APP.webp\",\"keywords\":[\"Concurso aberto da aeron\u00e1utica\",\"Inscri\u00e7\u00f5es para o concurso aberto da aeron\u00e1utica\",\"Quais as etapas do Concurso?\",\"Vagas para a Aeron\u00e1utica\"],\"articleSection\":[\"Concursos\"],\"inLanguage\":\"tr\"},{\"@type\":\"WebPage\",\"@id\":\"https:\/\/economiaportal.com\/550\/concurso-aberto-da-aeronautica\/\",\"url\":\"https:\/\/economiaportal.com\/550\/concurso-aberto-da-aeronautica\/\",\"name\":\"Concurso aberto da aeron\u00e1utica - Economia Portal\",\"isPartOf\":{\"@id\":\"https:\/\/economiaportal.com\/#website\"},\"primaryImageOfPage\":{\"@id\":\"https:\/\/economiaportal.com\/550\/concurso-aberto-da-aeronautica\/#primaryimage\"},\"image\":{\"@id\":\"https:\/\/economiaportal.com\/550\/concurso-aberto-da-aeronautica\/#primaryimage\"},\"thumbnailUrl\":\"https:\/\/economiaportal.com\/wp-content\/uploads\/2023\/04\/CAPA-APP.webp\",\"datePublished\":\"2023-04-04T20:56:40+00:00\",\"dateModified\":\"2024-11-28T20:01:57+00:00\",\"description\":\"Concurso aberto da aeron\u00e1utica, quer saber de todos os detalhes? Data, inscri\u00e7\u00e3o, sal\u00e1rios, o que vai cair na prova, fique aqui.\",\"breadcrumb\":{\"@id\":\"https:\/\/economiaportal.com\/550\/concurso-aberto-da-aeronautica\/#breadcrumb\"},\"inLanguage\":\"tr\",\"potentialAction\":[{\"@type\":\"ReadAction\",\"target\":[\"https:\/\/economiaportal.com\/550\/concurso-aberto-da-aeronautica\/\"]}]},{\"@type\":\"ImageObject\",\"inLanguage\":\"tr\",\"@id\":\"https:\/\/economiaportal.com\/550\/concurso-aberto-da-aeronautica\/#primaryimage\",\"url\":\"https:\/\/economiaportal.com\/wp-content\/uploads\/2023\/04\/CAPA-APP.webp\",\"contentUrl\":\"https:\/\/economiaportal.com\/wp-content\/uploads\/2023\/04\/CAPA-APP.webp\",\"width\":1000,\"height\":800,\"caption\":\"Concurso aberto da aeron\u00e1utica\"},{\"@type\":\"BreadcrumbList\",\"@id\":\"https:\/\/economiaportal.com\/550\/concurso-aberto-da-aeronautica\/#breadcrumb\",\"itemListElement\":[{\"@type\":\"ListItem\",\"position\":1,\"name\":\"In\u00edcio\",\"item\":\"https:\/\/economiaportal.com\/\"},{\"@type\":\"ListItem\",\"position\":2,\"name\":\"Concurso aberto da aeron\u00e1utica\"}]},{\"@type\":\"WebSite\",\"@id\":\"https:\/\/economiaportal.com\/#website\",\"url\":\"https:\/\/economiaportal.com\/\",\"name\":\"Economia Portal\",\"description\":\"\",\"publisher\":{\"@id\":\"https:\/\/economiaportal.com\/#organization\"},\"potentialAction\":[{\"@type\":\"SearchAction\",\"target\":{\"@type\":\"EntryPoint\",\"urlTemplate\":\"https:\/\/economiaportal.com\/?s={search_term_string}\"},\"query-input\":{\"@type\":\"PropertyValueSpecification\",\"valueRequired\":true,\"valueName\":\"search_term_string\"}}],\"inLanguage\":\"tr\"},{\"@type\":\"Organization\",\"@id\":\"https:\/\/economiaportal.com\/#organization\",\"name\":\"Economia Portal\",\"url\":\"https:\/\/economiaportal.com\/\",\"logo\":{\"@type\":\"ImageObject\",\"inLanguage\":\"tr\",\"@id\":\"https:\/\/economiaportal.com\/#\/schema\/logo\/image\/\",\"url\":\"https:\/\/economiaportal.com\/wp-content\/uploads\/2024\/07\/cropped-Design-sem-nome.jpg\",\"contentUrl\":\"https:\/\/economiaportal.com\/wp-content\/uploads\/2024\/07\/cropped-Design-sem-nome.jpg\",\"width\":161,\"height\":45,\"caption\":\"Economia Portal\"},\"image\":{\"@id\":\"https:\/\/economiaportal.com\/#\/schema\/logo\/image\/\"}},{\"@type\":\"Person\",\"@id\":\"https:\/\/economiaportal.com\/#\/schema\/person\/1633c7ca22d836a68c8907ef39e510f5\",\"name\":\"admin\",\"image\":{\"@type\":\"ImageObject\",\"inLanguage\":\"tr\",\"@id\":\"https:\/\/economiaportal.com\/#\/schema\/person\/image\/\",\"url\":\"https:\/\/economiaportal.com\/wp-content\/litespeed\/avatar\/d8bb0a0d516772e3dd31e2f3e00e93bf.jpg?ver=1777005689\",\"contentUrl\":\"https:\/\/economiaportal.com\/wp-content\/litespeed\/avatar\/d8bb0a0d516772e3dd31e2f3e00e93bf.jpg?ver=1777005689\",\"caption\":\"admin\"},\"url\":\"https:\/\/economiaportal.com\/tr\/author\/admin\/\"}]}<\/script>\n<!-- \/ Yoast SEO plugin. -->","yoast_head_json":{"title":"Havac\u0131l\u0131k a\u00e7\u0131k yar\u0131\u015fmas\u0131 - Economia Portal","description":"A\u00e7\u0131k havac\u0131l\u0131k yar\u0131\u015fmas\u0131, t\u00fcm detaylar\u0131 bilmek ister misiniz? Tarih, kay\u0131t, maa\u015flar, s\u0131navda ne olacak, burada kal\u0131n.","robots":{"index":"index","follow":"follow","max-snippet":"max-snippet:-1","max-image-preview":"max-image-preview:large","max-video-preview":"max-video-preview:-1"},"canonical":"https:\/\/economiaportal.com\/tr\/550\/havacilik-acik-yarismasi\/","og_locale":"tr_TR","og_type":"article","og_title":"Concurso aberto da aeron\u00e1utica - Economia Portal","og_description":"Concurso aberto da aeron\u00e1utica, quer saber de todos os detalhes? Data, inscri\u00e7\u00e3o, sal\u00e1rios, o que vai cair na prova, fique aqui.","og_url":"https:\/\/economiaportal.com\/tr\/550\/havacilik-acik-yarismasi\/","og_site_name":"Economia Portal","article_published_time":"2023-04-04T20:56:40+00:00","article_modified_time":"2024-11-28T20:01:57+00:00","og_image":[{"width":1000,"height":800,"url":"https:\/\/economiaportal.com\/wp-content\/uploads\/2023\/04\/CAPA-APP.webp","type":"image\/webp"}],"author":"admin","twitter_card":"summary_large_image","twitter_misc":{"Yazan:":"admin","Tahmini okuma s\u00fcresi":"4 dakika"},"schema":{"@context":"https:\/\/schema.org","@graph":[{"@type":"Article","@id":"https:\/\/economiaportal.com\/550\/concurso-aberto-da-aeronautica\/#article","isPartOf":{"@id":"https:\/\/economiaportal.com\/550\/concurso-aberto-da-aeronautica\/"},"author":{"name":"admin","@id":"https:\/\/economiaportal.com\/#\/schema\/person\/1633c7ca22d836a68c8907ef39e510f5"},"headline":"Concurso aberto da aeron\u00e1utica","datePublished":"2023-04-04T20:56:40+00:00","dateModified":"2024-11-28T20:01:57+00:00","mainEntityOfPage":{"@id":"https:\/\/economiaportal.com\/550\/concurso-aberto-da-aeronautica\/"},"wordCount":595,"publisher":{"@id":"https:\/\/economiaportal.com\/#organization"},"image":{"@id":"https:\/\/economiaportal.com\/550\/concurso-aberto-da-aeronautica\/#primaryimage"},"thumbnailUrl":"https:\/\/economiaportal.com\/wp-content\/uploads\/2023\/04\/CAPA-APP.webp","keywords":["Concurso aberto da aeron\u00e1utica","Inscri\u00e7\u00f5es para o concurso aberto da aeron\u00e1utica","Quais as etapas do Concurso?","Vagas para a Aeron\u00e1utica"],"articleSection":["Concursos"],"inLanguage":"tr"},{"@type":"WebPage","@id":"https:\/\/economiaportal.com\/550\/concurso-aberto-da-aeronautica\/","url":"https:\/\/economiaportal.com\/550\/concurso-aberto-da-aeronautica\/","name":"Havac\u0131l\u0131k a\u00e7\u0131k yar\u0131\u015fmas\u0131 - Economia Portal","isPartOf":{"@id":"https:\/\/economiaportal.com\/#website"},"primaryImageOfPage":{"@id":"https:\/\/economiaportal.com\/550\/concurso-aberto-da-aeronautica\/#primaryimage"},"image":{"@id":"https:\/\/economiaportal.com\/550\/concurso-aberto-da-aeronautica\/#primaryimage"},"thumbnailUrl":"https:\/\/economiaportal.com\/wp-content\/uploads\/2023\/04\/CAPA-APP.webp","datePublished":"2023-04-04T20:56:40+00:00","dateModified":"2024-11-28T20:01:57+00:00","description":"A\u00e7\u0131k havac\u0131l\u0131k yar\u0131\u015fmas\u0131, t\u00fcm detaylar\u0131 bilmek ister misiniz? Tarih, kay\u0131t, maa\u015flar, s\u0131navda ne olacak, burada kal\u0131n.","breadcrumb":{"@id":"https:\/\/economiaportal.com\/550\/concurso-aberto-da-aeronautica\/#breadcrumb"},"inLanguage":"tr","potentialAction":[{"@type":"ReadAction","target":["https:\/\/economiaportal.com\/550\/concurso-aberto-da-aeronautica\/"]}]},{"@type":"ImageObject","inLanguage":"tr","@id":"https:\/\/economiaportal.com\/550\/concurso-aberto-da-aeronautica\/#primaryimage","url":"https:\/\/economiaportal.com\/wp-content\/uploads\/2023\/04\/CAPA-APP.webp","contentUrl":"https:\/\/economiaportal.com\/wp-content\/uploads\/2023\/04\/CAPA-APP.webp","width":1000,"height":800,"caption":"Concurso aberto da aeron\u00e1utica"},{"@type":"BreadcrumbList","@id":"https:\/\/economiaportal.com\/550\/concurso-aberto-da-aeronautica\/#breadcrumb","itemListElement":[{"@type":"ListItem","position":1,"name":"In\u00edcio","item":"https:\/\/economiaportal.com\/"},{"@type":"ListItem","position":2,"name":"Concurso aberto da aeron\u00e1utica"}]},{"@type":"WebSite","@id":"https:\/\/economiaportal.com\/#website","url":"https:\/\/economiaportal.com\/","name":"Ekonomi Portal\u0131","description":"","publisher":{"@id":"https:\/\/economiaportal.com\/#organization"},"potentialAction":[{"@type":"SearchAction","target":{"@type":"EntryPoint","urlTemplate":"https:\/\/economiaportal.com\/?s={search_term_string}"},"query-input":{"@type":"PropertyValueSpecification","valueRequired":true,"valueName":"search_term_string"}}],"inLanguage":"tr"},{"@type":"Organization","@id":"https:\/\/economiaportal.com\/#organization","name":"Ekonomi Portal\u0131","url":"https:\/\/economiaportal.com\/","logo":{"@type":"ImageObject","inLanguage":"tr","@id":"https:\/\/economiaportal.com\/#\/schema\/logo\/image\/","url":"https:\/\/economiaportal.com\/wp-content\/uploads\/2024\/07\/cropped-Design-sem-nome.jpg","contentUrl":"https:\/\/economiaportal.com\/wp-content\/uploads\/2024\/07\/cropped-Design-sem-nome.jpg","width":161,"height":45,"caption":"Economia Portal"},"image":{"@id":"https:\/\/economiaportal.com\/#\/schema\/logo\/image\/"}},{"@type":"Person","@id":"https:\/\/economiaportal.com\/#\/schema\/person\/1633c7ca22d836a68c8907ef39e510f5","name":"y\u00f6netici","image":{"@type":"ImageObject","inLanguage":"tr","@id":"https:\/\/economiaportal.com\/#\/schema\/person\/image\/","url":"https:\/\/economiaportal.com\/wp-content\/litespeed\/avatar\/d8bb0a0d516772e3dd31e2f3e00e93bf.jpg?ver=1777005689","contentUrl":"https:\/\/economiaportal.com\/wp-content\/litespeed\/avatar\/d8bb0a0d516772e3dd31e2f3e00e93bf.jpg?ver=1777005689","caption":"admin"},"url":"https:\/\/economiaportal.com\/tr\/author\/admin\/"}]}},"_links":{"self":[{"href":"https:\/\/economiaportal.com\/tr\/wp-json\/wp\/v2\/posts\/550","targetHints":{"allow":["GET"]}}],"collection":[{"href":"https:\/\/economiaportal.com\/tr\/wp-json\/wp\/v2\/posts"}],"about":[{"href":"https:\/\/economiaportal.com\/tr\/wp-json\/wp\/v2\/types\/post"}],"author":[{"embeddable":true,"href":"https:\/\/economiaportal.com\/tr\/wp-json\/wp\/v2\/users\/14"}],"replies":[{"embeddable":true,"href":"https:\/\/economiaportal.com\/tr\/wp-json\/wp\/v2\/comments?post=550"}],"version-history":[{"count":1,"href":"https:\/\/economiaportal.com\/tr\/wp-json\/wp\/v2\/posts\/550\/revisions"}],"predecessor-version":[{"id":552,"href":"https:\/\/economiaportal.com\/tr\/wp-json\/wp\/v2\/posts\/550\/revisions\/552"}],"wp:featuredmedia":[{"embeddable":true,"href":"https:\/\/economiaportal.com\/tr\/wp-json\/wp\/v2\/media\/1624"}],"wp:attachment":[{"href":"https:\/\/economiaportal.com\/tr\/wp-json\/wp\/v2\/media?parent=550"}],"wp:term":[{"taxonomy":"category","embeddable":true,"href":"https:\/\/economiaportal.com\/tr\/wp-json\/wp\/v2\/categories?post=550"},{"taxonomy":"post_tag","embeddable":true,"href":"https:\/\/economiaportal.com\/tr\/wp-json\/wp\/v2\/tags?post=550"}],"curies":[{"name":"wp","href":"https:\/\/api.w.org\/{rel}","templated":true}]}}